{"id":1224,"date":"2018-12-25T14:50:24","date_gmt":"2018-12-25T13:50:24","guid":{"rendered":"https:\/\/www.fw-oebb.at\/?p=1224"},"modified":"2018-12-25T14:52:05","modified_gmt":"2018-12-25T13:52:05","slug":"einsatz-012-guterbahnhof-wolfurt-zugkollision","status":"publish","type":"post","link":"https:\/\/www.fw-oebb.at\/index.php\/2018\/12\/25\/einsatz-012-guterbahnhof-wolfurt-zugkollision\/","title":{"rendered":"Einsatz 012 &#8211; G\u00fcterbahnhof Wolfurt &#8211; Zugkollision"},"content":{"rendered":"<p>Alarmierung: 15.01.2018 um 16:03 Uhr &#8211; Stichwort: f2<\/p>\n<p>Zwei G\u00fcterzuggarnituren bei Verschubarbeiten zusammen gesto\u00dfen im Nahbereich Holzladeplatz im Containerterminal neu. Keine Verletzten. Abkl\u00e4rungen mit \u00d6BB internen Stellen. Organisation Fa. Felbermayr mit 2 Telekr\u00e4nen zur Bergung der verunfallten Garnituren. Aufr\u00e4umarbeiten. Telefonische Info an Bundespolizei durch \u00d6BB Einsatzleiter.<\/p>\n<p>Im Einsatz standen: KEF, KDO 2, ULF, VF-C und VLF<\/p>\n<div class=\"wc-gallery\"><div class='wcflexslider-container wc-gallery-bottomspace-none wc-gallery-clear'><div id='gallery-1' class='gallery wc-gallery-captions-hide gallery-link-file wcflexslider wcsliderauto' data-gutter-width='0' data-columns='3' data-hide-controls='false'><ul class='slides'>\n\t\t\t\t<li class='gallery-item gallery-item-position-1 gallery-item-attachment-1226 wcflex-slide-item'>\n\t\t\t\t\t<div class='gallery-icon landscape'>\n\t\t\t\t\t\t<a href=\"https:\/\/www.fw-oebb.at\/wp-content\/uploads\/2018\/12\/20180115-E-15-Zugkollision-in-Wolfurt-Gueterbahnhof.jpeg\" target=\"_self\"><img src='https:\/\/www.fw-oebb.at\/wp-content\/uploads\/2018\/12\/20180115-E-15-Zugkollision-in-Wolfurt-Gueterbahnhof-1100x500.jpeg' width='1100' height='500' alt='' \/><\/a>\n\t\t\t\t\t<\/div><\/li>\n\t\t\t\t<li class='gallery-item gallery-item-position-2 gallery-item-attachment-1227 wcflex-slide-item'>\n\t\t\t\t\t<div class='gallery-icon landscape'>\n\t\t\t\t\t\t<a href=\"https:\/\/www.fw-oebb.at\/wp-content\/uploads\/2018\/12\/20180115-E-16-Zugkollision-in-Wolfurt-Gueterbahnhof.jpeg\" target=\"_self\"><img src='https:\/\/www.fw-oebb.at\/wp-content\/uploads\/2018\/12\/20180115-E-16-Zugkollision-in-Wolfurt-Gueterbahnhof-1100x500.jpeg' width='1100' height='500' alt='' \/><\/a>\n\t\t\t\t\t<\/div><\/li>\n\t\t\t\t<li class='gallery-item gallery-item-position-3 gallery-item-attachment-1228 wcflex-slide-item'>\n\t\t\t\t\t<div class='gallery-icon landscape'>\n\t\t\t\t\t\t<a href=\"https:\/\/www.fw-oebb.at\/wp-content\/uploads\/2018\/12\/20180115-E-01-Zugkollision-in-Wolfurt-Gueterbahnhof.jpeg\" target=\"_self\"><img src='https:\/\/www.fw-oebb.at\/wp-content\/uploads\/2018\/12\/20180115-E-01-Zugkollision-in-Wolfurt-Gueterbahnhof-1100x500.jpeg' width='1100' height='500' alt='' \/><\/a>\n\t\t\t\t\t<\/div><\/li>\n\t\t\t\t<li class='gallery-item gallery-item-position-4 gallery-item-attachment-1229 wcflex-slide-item'>\n\t\t\t\t\t<div class='gallery-icon landscape'>\n\t\t\t\t\t\t<a href=\"https:\/\/www.fw-oebb.at\/wp-content\/uploads\/2018\/12\/20180115-E-04-Zugkollision-in-Wolfurt-Gueterbahnhof.jpeg\" target=\"_self\"><img src='https:\/\/www.fw-oebb.at\/wp-content\/uploads\/2018\/12\/20180115-E-04-Zugkollision-in-Wolfurt-Gueterbahnhof-1100x500.jpeg' width='1100' height='500' alt='' \/><\/a>\n\t\t\t\t\t<\/div><\/li>\n\t\t\t\t<li class='gallery-item gallery-item-position-5 gallery-item-attachment-1230 wcflex-slide-item'>\n\t\t\t\t\t<div class='gallery-icon landscape'>\n\t\t\t\t\t\t<a href=\"https:\/\/www.fw-oebb.at\/wp-content\/uploads\/2018\/12\/20180115-E-06-Zugkollision-in-Wolfurt-Gueterbahnhof.jpeg\" target=\"_self\"><img src='https:\/\/www.fw-oebb.at\/wp-content\/uploads\/2018\/12\/20180115-E-06-Zugkollision-in-Wolfurt-Gueterbahnhof-1100x500.jpeg' width='1100' height='500' alt='' \/><\/a>\n\t\t\t\t\t<\/div><\/li>\n\t\t\t\t<li class='gallery-item gallery-item-position-6 gallery-item-attachment-1231 wcflex-slide-item'>\n\t\t\t\t\t<div class='gallery-icon landscape'>\n\t\t\t\t\t\t<a href=\"https:\/\/www.fw-oebb.at\/wp-content\/uploads\/2018\/12\/20180115-E-07-Zugkollision-in-Wolfurt-Gueterbahnhof.jpeg\" target=\"_self\"><img src='https:\/\/www.fw-oebb.at\/wp-content\/uploads\/2018\/12\/20180115-E-07-Zugkollision-in-Wolfurt-Gueterbahnhof-1100x500.jpeg' width='1100' height='500' alt='' \/><\/a>\n\t\t\t\t\t<\/div><\/li>\n\t\t\t\t<li class='gallery-item gallery-item-position-7 gallery-item-attachment-1232 wcflex-slide-item'>\n\t\t\t\t\t<div class='gallery-icon landscape'>\n\t\t\t\t\t\t<a href=\"https:\/\/www.fw-oebb.at\/wp-content\/uploads\/2018\/12\/20180115-E-08-Zugkollision-in-Wolfurt-Gueterbahnhof.jpeg\" target=\"_self\"><img src='https:\/\/www.fw-oebb.at\/wp-content\/uploads\/2018\/12\/20180115-E-08-Zugkollision-in-Wolfurt-Gueterbahnhof-1100x500.jpeg' width='1100' height='500' alt='' \/><\/a>\n\t\t\t\t\t<\/div><\/li>\n\t\t\t\t<li class='gallery-item gallery-item-position-8 gallery-item-attachment-1233 wcflex-slide-item'>\n\t\t\t\t\t<div class='gallery-icon landscape'>\n\t\t\t\t\t\t<a href=\"https:\/\/www.fw-oebb.at\/wp-content\/uploads\/2018\/12\/20180115-E-09-Zugkollision-in-Wolfurt-Gueterbahnhof.jpeg\" target=\"_self\"><img src='https:\/\/www.fw-oebb.at\/wp-content\/uploads\/2018\/12\/20180115-E-09-Zugkollision-in-Wolfurt-Gueterbahnhof-1100x500.jpeg' width='1100' height='500' alt='' \/><\/a>\n\t\t\t\t\t<\/div><\/li>\n\t\t\t\t<li class='gallery-item gallery-item-position-9 gallery-item-attachment-1234 wcflex-slide-item'>\n\t\t\t\t\t<div class='gallery-icon landscape'>\n\t\t\t\t\t\t<a href=\"https:\/\/www.fw-oebb.at\/wp-content\/uploads\/2018\/12\/20180115-E-11-Zugkollision-in-Wolfurt-Gueterbahnhof.jpeg\" target=\"_self\"><img src='https:\/\/www.fw-oebb.at\/wp-content\/uploads\/2018\/12\/20180115-E-11-Zugkollision-in-Wolfurt-Gueterbahnhof-1100x500.jpeg' width='1100' height='500' alt='' \/><\/a>\n\t\t\t\t\t<\/div><\/li>\n\t\t\t\t<li class='gallery-item gallery-item-position-10 gallery-item-attachment-1235 wcflex-slide-item'>\n\t\t\t\t\t<div class='gallery-icon landscape'>\n\t\t\t\t\t\t<a href=\"https:\/\/www.fw-oebb.at\/wp-content\/uploads\/2018\/12\/20180115-E-12-Zugkollision-in-Wolfurt-Gueterbahnhof.jpeg\" target=\"_self\"><img src='https:\/\/www.fw-oebb.at\/wp-content\/uploads\/2018\/12\/20180115-E-12-Zugkollision-in-Wolfurt-Gueterbahnhof-1100x500.jpeg' width='1100' height='500' alt='' \/><\/a>\n\t\t\t\t\t<\/div><\/li><\/ul><\/div>\n<\/div>\n<\/div>\n","protected":false},"excerpt":{"rendered":"<p>Alarmierung: 15.01.2018 um 16:03 Uhr &#8211; Stichwort: f2 Zwei G\u00fcterzuggarnituren bei Verschubarbeiten zusammen gesto\u00dfen im Nahbereich Holzladeplatz im Containerterminal neu. Keine Verletzten. [&hellip;]<\/p>\n","protected":false},"author":2,"featured_media":0,"comment_status":"closed","ping_status":"closed","sticky":false,"template":"","format":"standard","meta":{"ngg_post_thumbnail":0,"footnotes":""},"categories":[8,7],"tags":[],"class_list":["post-1224","post","type-post","status-publish","format-standard","hentry","category-einsatze","category-einsatze-2018"],"_links":{"self":[{"href":"https:\/\/www.fw-oebb.at\/index.php\/wp-json\/wp\/v2\/posts\/1224","targetHints":{"allow":["GET"]}}],"collection":[{"href":"https:\/\/www.fw-oebb.at\/index.php\/wp-json\/wp\/v2\/posts"}],"about":[{"href":"https:\/\/www.fw-oebb.at\/index.php\/wp-json\/wp\/v2\/types\/post"}],"author":[{"embeddable":true,"href":"https:\/\/www.fw-oebb.at\/index.php\/wp-json\/wp\/v2\/users\/2"}],"replies":[{"embeddable":true,"href":"https:\/\/www.fw-oebb.at\/index.php\/wp-json\/wp\/v2\/comments?post=1224"}],"version-history":[{"count":3,"href":"https:\/\/www.fw-oebb.at\/index.php\/wp-json\/wp\/v2\/posts\/1224\/revisions"}],"predecessor-version":[{"id":1237,"href":"https:\/\/www.fw-oebb.at\/index.php\/wp-json\/wp\/v2\/posts\/1224\/revisions\/1237"}],"wp:attachment":[{"href":"https:\/\/www.fw-oebb.at\/index.php\/wp-json\/wp\/v2\/media?parent=1224"}],"wp:term":[{"taxonomy":"category","embeddable":true,"href":"https:\/\/www.fw-oebb.at\/index.php\/wp-json\/wp\/v2\/categories?post=1224"},{"taxonomy":"post_tag","embeddable":true,"href":"https:\/\/www.fw-oebb.at\/index.php\/wp-json\/wp\/v2\/tags?post=1224"}],"curies":[{"name":"wp","href":"https:\/\/api.w.org\/{rel}","templated":true}]}}