{"id":1357,"date":"2018-12-27T12:29:09","date_gmt":"2018-12-27T11:29:09","guid":{"rendered":"https:\/\/www.fw-oebb.at\/?p=1357"},"modified":"2018-12-27T12:29:46","modified_gmt":"2018-12-27T11:29:46","slug":"einsatz-46-haltestelle-schoren-mullkubelbrand","status":"publish","type":"post","link":"https:\/\/www.fw-oebb.at\/index.php\/2018\/12\/27\/einsatz-46-haltestelle-schoren-mullkubelbrand\/","title":{"rendered":"Einsatz 46 &#8211; Haltestelle Schoren &#8211; M\u00fcllk\u00fcbelbrand"},"content":{"rendered":"<p>Alarmierung: 03.05.2018 um 17:36 Uhr &#8211; Stichwort: f2<\/p>\n<p>M\u00fclleimerbrand wurde mittels K\u00fcbelspritze und Handfeuerl\u00f6scher gel\u00f6scht<\/p>\n<p>Im Einsatz standen: FW \u00d6BB mit KEF und VLF sowie die FW Dornbirn<\/p>\n<p><a href=\"https:\/\/www.fw-oebb.at\/wp-content\/uploads\/2018\/12\/20180503-E-Haltestelle-Schoren-M\u00fcllk\u00fcbelbrand.jpg\" target=\"_blank\" rel=\"noopener\"><img fetchpriority=\"high\" decoding=\"async\" class=\"alignnone wp-image-1359 size-medium\" src=\"https:\/\/www.fw-oebb.at\/wp-content\/uploads\/2018\/12\/20180503-E-Haltestelle-Schoren-M\u00fcllk\u00fcbelbrand-225x300.jpg\" alt=\"\" width=\"225\" height=\"300\" srcset=\"https:\/\/www.fw-oebb.at\/wp-content\/uploads\/2018\/12\/20180503-E-Haltestelle-Schoren-M\u00fcllk\u00fcbelbrand-225x300.jpg 225w, https:\/\/www.fw-oebb.at\/wp-content\/uploads\/2018\/12\/20180503-E-Haltestelle-Schoren-M\u00fcllk\u00fcbelbrand-768x1024.jpg 768w, https:\/\/www.fw-oebb.at\/wp-content\/uploads\/2018\/12\/20180503-E-Haltestelle-Schoren-M\u00fcllk\u00fcbelbrand-830x1107.jpg 830w, https:\/\/www.fw-oebb.at\/wp-content\/uploads\/2018\/12\/20180503-E-Haltestelle-Schoren-M\u00fcllk\u00fcbelbrand-230x307.jpg 230w, https:\/\/www.fw-oebb.at\/wp-content\/uploads\/2018\/12\/20180503-E-Haltestelle-Schoren-M\u00fcllk\u00fcbelbrand-350x467.jpg 350w, https:\/\/www.fw-oebb.at\/wp-content\/uploads\/2018\/12\/20180503-E-Haltestelle-Schoren-M\u00fcllk\u00fcbelbrand-480x640.jpg 480w, https:\/\/www.fw-oebb.at\/wp-content\/uploads\/2018\/12\/20180503-E-Haltestelle-Schoren-M\u00fcllk\u00fcbelbrand-250x333.jpg 250w, https:\/\/www.fw-oebb.at\/wp-content\/uploads\/2018\/12\/20180503-E-Haltestelle-Schoren-M\u00fcllk\u00fcbelbrand-550x733.jpg 550w, https:\/\/www.fw-oebb.at\/wp-content\/uploads\/2018\/12\/20180503-E-Haltestelle-Schoren-M\u00fcllk\u00fcbelbrand-800x1067.jpg 800w, https:\/\/www.fw-oebb.at\/wp-content\/uploads\/2018\/12\/20180503-E-Haltestelle-Schoren-M\u00fcllk\u00fcbelbrand-135x180.jpg 135w, https:\/\/www.fw-oebb.at\/wp-content\/uploads\/2018\/12\/20180503-E-Haltestelle-Schoren-M\u00fcllk\u00fcbelbrand-375x500.jpg 375w, https:\/\/www.fw-oebb.at\/wp-content\/uploads\/2018\/12\/20180503-E-Haltestelle-Schoren-M\u00fcllk\u00fcbelbrand.jpg 1200w\" sizes=\"(max-width: 225px) 100vw, 225px\" \/><\/a><\/p>\n","protected":false},"excerpt":{"rendered":"<p>Alarmierung: 03.05.2018 um 17:36 Uhr &#8211; Stichwort: f2 M\u00fclleimerbrand wurde mittels K\u00fcbelspritze und Handfeuerl\u00f6scher gel\u00f6scht Im Einsatz standen: FW \u00d6BB mit KEF [&hellip;]<\/p>\n","protected":false},"author":2,"featured_media":0,"comment_status":"closed","ping_status":"closed","sticky":false,"template":"","format":"standard","meta":{"ngg_post_thumbnail":0,"footnotes":""},"categories":[8,7],"tags":[],"class_list":["post-1357","post","type-post","status-publish","format-standard","hentry","category-einsatze","category-einsatze-2018"],"_links":{"self":[{"href":"https:\/\/www.fw-oebb.at\/index.php\/wp-json\/wp\/v2\/posts\/1357","targetHints":{"allow":["GET"]}}],"collection":[{"href":"https:\/\/www.fw-oebb.at\/index.php\/wp-json\/wp\/v2\/posts"}],"about":[{"href":"https:\/\/www.fw-oebb.at\/index.php\/wp-json\/wp\/v2\/types\/post"}],"author":[{"embeddable":true,"href":"https:\/\/www.fw-oebb.at\/index.php\/wp-json\/wp\/v2\/users\/2"}],"replies":[{"embeddable":true,"href":"https:\/\/www.fw-oebb.at\/index.php\/wp-json\/wp\/v2\/comments?post=1357"}],"version-history":[{"count":4,"href":"https:\/\/www.fw-oebb.at\/index.php\/wp-json\/wp\/v2\/posts\/1357\/revisions"}],"predecessor-version":[{"id":1361,"href":"https:\/\/www.fw-oebb.at\/index.php\/wp-json\/wp\/v2\/posts\/1357\/revisions\/1361"}],"wp:attachment":[{"href":"https:\/\/www.fw-oebb.at\/index.php\/wp-json\/wp\/v2\/media?parent=1357"}],"wp:term":[{"taxonomy":"category","embeddable":true,"href":"https:\/\/www.fw-oebb.at\/index.php\/wp-json\/wp\/v2\/categories?post=1357"},{"taxonomy":"post_tag","embeddable":true,"href":"https:\/\/www.fw-oebb.at\/index.php\/wp-json\/wp\/v2\/tags?post=1357"}],"curies":[{"name":"wp","href":"https:\/\/api.w.org\/{rel}","templated":true}]}}