{"id":1741,"date":"2019-01-01T12:20:46","date_gmt":"2019-01-01T11:20:46","guid":{"rendered":"https:\/\/www.fw-oebb.at\/?p=1741"},"modified":"2019-01-01T15:12:20","modified_gmt":"2019-01-01T14:12:20","slug":"einsatz-01-bahnhof-hohenems-abklarung-wegen-defektem-aufzug","status":"publish","type":"post","link":"https:\/\/www.fw-oebb.at\/index.php\/2019\/01\/01\/einsatz-01-bahnhof-hohenems-abklarung-wegen-defektem-aufzug\/","title":{"rendered":"Einsatz 01 &#8211; Bahnhof Hohenems &#8211; Abkl\u00e4rung wegen defektem Aufzug"},"content":{"rendered":"<p>Alarmierung: 01.01.2019 um 11:07 Uhr &#8211; Stichwort: f10<\/p>\n<p>telefonische Verst\u00e4ndigung des Kommandanten durch FMS Leitstelle Salzburg dass der Aufzug im Bahnhof Hohenems mutwillig besch\u00e4digt wurde &#8211; Lift musste abgesperrt und au\u00dfer Betrieb genommen werden;<\/p>\n<p>Im Einsatz stand: MTF 3<\/p>\n<div class=\"wc-gallery\"><div class='wcflexslider-container wc-gallery-bottomspace-none wc-gallery-clear'><div id='gallery-1' class='gallery wc-gallery-captions-hide gallery-link-file wcflexslider wcsliderauto' data-gutter-width='0' data-columns='3' data-hide-controls='false'><ul class='slides'>\n\t\t\t\t<li class='gallery-item gallery-item-position-1 gallery-item-attachment-1769 wcflex-slide-item'>\n\t\t\t\t\t<div class='gallery-icon portrait'>\n\t\t\t\t\t\t<a href=\"https:\/\/www.fw-oebb.at\/wp-content\/uploads\/2019\/01\/20190101-E-2-Hohenems-Abkl\u00e4rung-wegen-defektem-Aufzug-2.jpg\" target=\"_self\"><img src='https:\/\/www.fw-oebb.at\/wp-content\/uploads\/2019\/01\/20190101-E-2-Hohenems-Abkl\u00e4rung-wegen-defektem-Aufzug-2-1100x500.jpg' width='1100' height='500' alt='' \/><\/a>\n\t\t\t\t\t<\/div><\/li>\n\t\t\t\t<li class='gallery-item gallery-item-position-2 gallery-item-attachment-1768 wcflex-slide-item'>\n\t\t\t\t\t<div class='gallery-icon portrait'>\n\t\t\t\t\t\t<a href=\"https:\/\/www.fw-oebb.at\/wp-content\/uploads\/2019\/01\/20190101-E-1-Hohenems-Abkl\u00e4rung-wegen-defektem-Aufzug-2.jpg\" target=\"_self\"><img src='https:\/\/www.fw-oebb.at\/wp-content\/uploads\/2019\/01\/20190101-E-1-Hohenems-Abkl\u00e4rung-wegen-defektem-Aufzug-2-1100x500.jpg' width='1100' height='500' alt='' \/><\/a>\n\t\t\t\t\t<\/div><\/li>\n\t\t\t\t<li class='gallery-item gallery-item-position-3 gallery-item-attachment-1766 wcflex-slide-item'>\n\t\t\t\t\t<div class='gallery-icon portrait'>\n\t\t\t\t\t\t<a href=\"https:\/\/www.fw-oebb.at\/wp-content\/uploads\/2019\/01\/20190101-E-3-Hohenems-Abkl\u00e4rung-wegen-defektem-Aufzug-2.jpg\" target=\"_self\"><img src='https:\/\/www.fw-oebb.at\/wp-content\/uploads\/2019\/01\/20190101-E-3-Hohenems-Abkl\u00e4rung-wegen-defektem-Aufzug-2-1100x500.jpg' width='1100' height='500' alt='' \/><\/a>\n\t\t\t\t\t<\/div><\/li><\/ul><\/div>\n<\/div>\n<\/div>\n","protected":false},"excerpt":{"rendered":"<p>Alarmierung: 01.01.2019 um 11:07 Uhr &#8211; Stichwort: f10 telefonische Verst\u00e4ndigung des Kommandanten durch FMS Leitstelle Salzburg dass der Aufzug im Bahnhof Hohenems [&hellip;]<\/p>\n","protected":false},"author":2,"featured_media":0,"comment_status":"closed","ping_status":"closed","sticky":false,"template":"","format":"standard","meta":{"ngg_post_thumbnail":0,"footnotes":""},"categories":[8,17],"tags":[],"class_list":["post-1741","post","type-post","status-publish","format-standard","hentry","category-einsatze","category-einsatze-2019"],"_links":{"self":[{"href":"https:\/\/www.fw-oebb.at\/index.php\/wp-json\/wp\/v2\/posts\/1741","targetHints":{"allow":["GET"]}}],"collection":[{"href":"https:\/\/www.fw-oebb.at\/index.php\/wp-json\/wp\/v2\/posts"}],"about":[{"href":"https:\/\/www.fw-oebb.at\/index.php\/wp-json\/wp\/v2\/types\/post"}],"author":[{"embeddable":true,"href":"https:\/\/www.fw-oebb.at\/index.php\/wp-json\/wp\/v2\/users\/2"}],"replies":[{"embeddable":true,"href":"https:\/\/www.fw-oebb.at\/index.php\/wp-json\/wp\/v2\/comments?post=1741"}],"version-history":[{"count":10,"href":"https:\/\/www.fw-oebb.at\/index.php\/wp-json\/wp\/v2\/posts\/1741\/revisions"}],"predecessor-version":[{"id":1794,"href":"https:\/\/www.fw-oebb.at\/index.php\/wp-json\/wp\/v2\/posts\/1741\/revisions\/1794"}],"wp:attachment":[{"href":"https:\/\/www.fw-oebb.at\/index.php\/wp-json\/wp\/v2\/media?parent=1741"}],"wp:term":[{"taxonomy":"category","embeddable":true,"href":"https:\/\/www.fw-oebb.at\/index.php\/wp-json\/wp\/v2\/categories?post=1741"},{"taxonomy":"post_tag","embeddable":true,"href":"https:\/\/www.fw-oebb.at\/index.php\/wp-json\/wp\/v2\/tags?post=1741"}],"curies":[{"name":"wp","href":"https:\/\/api.w.org\/{rel}","templated":true}]}}