{"id":1798,"date":"2019-01-02T12:55:55","date_gmt":"2019-01-02T11:55:55","guid":{"rendered":"https:\/\/www.fw-oebb.at\/?p=1798"},"modified":"2019-01-02T13:13:31","modified_gmt":"2019-01-02T12:13:31","slug":"einsatz-02-bahnhof-feldkirch-containerbrand","status":"publish","type":"post","link":"https:\/\/www.fw-oebb.at\/index.php\/2019\/01\/02\/einsatz-02-bahnhof-feldkirch-containerbrand\/","title":{"rendered":"Einsatz 02 &#8211; Bahnhof Feldkirch &#8211; Containerbrand"},"content":{"rendered":"<p>Alarmierung: 01.01.2019 um 22:11 Uhr &#8211; Stichwort: f2<\/p>\n<p>Am sp\u00e4ten Abend, des 01.01.2019 kam es in der Ausfahrt vom Bahnhof Feldkirch zu einem Containerbrand. Wir wurden zeitgleich mit der Ortsfeuerwehr Feldkirch-Stadt alarmiert, da zum Zeitpunkt der Alarmierung nicht klar war, ob sich der brennende Container auf \u00d6BB Grund befand. Wir unterst\u00fctzten die Kameraden der Ortsfeuerwehr Feldkirch-Stadt und r\u00fcckten dann wieder in den St\u00fctzpunkt Feldkirch ein.<\/p>\n<p>Im Einsatz stand: FW \u00d6BB mit KDO 1 sowie Feuerwehr Feldkirch-Stadt und die Polizei<\/p>\n<div class=\"wc-gallery\"><div class='wcflexslider-container wc-gallery-bottomspace-none wc-gallery-clear'><div id='gallery-1' class='gallery wc-gallery-captions-hide gallery-link-file wcflexslider wcsliderauto' data-gutter-width='0' data-columns='2' data-hide-controls='false'><ul class='slides'>\n\t\t\t\t<li class='gallery-item gallery-item-position-1 gallery-item-attachment-1802 wcflex-slide-item'>\n\t\t\t\t\t<div class='gallery-icon landscape'>\n\t\t\t\t\t\t<a href=\"https:\/\/www.fw-oebb.at\/wp-content\/uploads\/2019\/01\/20190101-E-02-Feldkirch-Bahnhof-Container-Brand.jpg\" target=\"_self\"><img src='https:\/\/www.fw-oebb.at\/wp-content\/uploads\/2019\/01\/20190101-E-02-Feldkirch-Bahnhof-Container-Brand-1100x500.jpg' width='1100' height='500' alt='' \/><\/a>\n\t\t\t\t\t<\/div><\/li>\n\t\t\t\t<li class='gallery-item gallery-item-position-2 gallery-item-attachment-1803 wcflex-slide-item'>\n\t\t\t\t\t<div class='gallery-icon landscape'>\n\t\t\t\t\t\t<a href=\"https:\/\/www.fw-oebb.at\/wp-content\/uploads\/2019\/01\/20190101-E-01-Feldkirch-Bahnhof-Container-Brand.jpg\" target=\"_self\"><img src='https:\/\/www.fw-oebb.at\/wp-content\/uploads\/2019\/01\/20190101-E-01-Feldkirch-Bahnhof-Container-Brand-1024x500.jpg' width='1024' height='500' alt='' \/><\/a>\n\t\t\t\t\t<\/div><\/li><\/ul><\/div>\n<\/div>\n<\/div>\n","protected":false},"excerpt":{"rendered":"<p>Alarmierung: 01.01.2019 um 22:11 Uhr &#8211; Stichwort: f2 Am sp\u00e4ten Abend, des 01.01.2019 kam es in der Ausfahrt vom Bahnhof Feldkirch zu [&hellip;]<\/p>\n","protected":false},"author":2,"featured_media":0,"comment_status":"closed","ping_status":"closed","sticky":false,"template":"","format":"standard","meta":{"ngg_post_thumbnail":0,"footnotes":""},"categories":[8,17],"tags":[],"class_list":["post-1798","post","type-post","status-publish","format-standard","hentry","category-einsatze","category-einsatze-2019"],"_links":{"self":[{"href":"https:\/\/www.fw-oebb.at\/index.php\/wp-json\/wp\/v2\/posts\/1798","targetHints":{"allow":["GET"]}}],"collection":[{"href":"https:\/\/www.fw-oebb.at\/index.php\/wp-json\/wp\/v2\/posts"}],"about":[{"href":"https:\/\/www.fw-oebb.at\/index.php\/wp-json\/wp\/v2\/types\/post"}],"author":[{"embeddable":true,"href":"https:\/\/www.fw-oebb.at\/index.php\/wp-json\/wp\/v2\/users\/2"}],"replies":[{"embeddable":true,"href":"https:\/\/www.fw-oebb.at\/index.php\/wp-json\/wp\/v2\/comments?post=1798"}],"version-history":[{"count":4,"href":"https:\/\/www.fw-oebb.at\/index.php\/wp-json\/wp\/v2\/posts\/1798\/revisions"}],"predecessor-version":[{"id":1817,"href":"https:\/\/www.fw-oebb.at\/index.php\/wp-json\/wp\/v2\/posts\/1798\/revisions\/1817"}],"wp:attachment":[{"href":"https:\/\/www.fw-oebb.at\/index.php\/wp-json\/wp\/v2\/media?parent=1798"}],"wp:term":[{"taxonomy":"category","embeddable":true,"href":"https:\/\/www.fw-oebb.at\/index.php\/wp-json\/wp\/v2\/categories?post=1798"},{"taxonomy":"post_tag","embeddable":true,"href":"https:\/\/www.fw-oebb.at\/index.php\/wp-json\/wp\/v2\/tags?post=1798"}],"curies":[{"name":"wp","href":"https:\/\/api.w.org\/{rel}","templated":true}]}}