{"id":1806,"date":"2019-01-02T13:06:56","date_gmt":"2019-01-02T12:06:56","guid":{"rendered":"https:\/\/www.fw-oebb.at\/?p=1806"},"modified":"2019-01-02T13:15:39","modified_gmt":"2019-01-02T12:15:39","slug":"einsatz-03-feldkirch-altenstadt-container-brand","status":"publish","type":"post","link":"https:\/\/www.fw-oebb.at\/index.php\/2019\/01\/02\/einsatz-03-feldkirch-altenstadt-container-brand\/","title":{"rendered":"Einsatz 03 &#8211; Feldkirch Altenstadt &#8211; Container Brand"},"content":{"rendered":"<p>Alarmierung: 01.01.2019 um 22:22 Uhr &#8211; Stichwort: f2<\/p>\n<p>Auf der Anfahrt zum Container Brand am Bahnhof Feldkirch wurde ein weiterer Container Brand in Feldkirch-Altenstadt gemeldet. Ein Kamerad, welcher bei uns im Einsatz war, ist gleichzeitig auch Mitglied und Gruppenkommandant bei der Ortsfeuerwehr Feldkirch-Altenstadt und hat so die Einsatzmeldung mitbekommen. Gemeinsam wurde entschieden, den Einsatzort in Feldkirch Altenstadt direkt anzufahren. Vor Ort angekommen wurde mit dem CAFS-Trolley die erste Brandbek\u00e4mpfung durchgef\u00fchrt. Die Feuerwehr Feldkirch Altenstadt traf kurz nach uns ein und l\u00f6schte den Brand komplett ab und kontrollierte die Einsatzstelle mit der W\u00e4rmebildkamera.<\/p>\n<p>Im Einsatz standen: FW \u00d6BB mit VLF sowie die Feuerwehr Feldkirch-Altenstadt und die Polizei<\/p>\n<div class=\"wc-gallery\"><div class='wcflexslider-container wc-gallery-bottomspace-none wc-gallery-clear'><div id='gallery-1' class='gallery wc-gallery-captions-hide gallery-link-file wcflexslider wcsliderauto' data-gutter-width='0' data-columns='3' data-hide-controls='false'><ul class='slides'>\n\t\t\t\t<li class='gallery-item gallery-item-position-1 gallery-item-attachment-1813 wcflex-slide-item'>\n\t\t\t\t\t<div class='gallery-icon landscape'>\n\t\t\t\t\t\t<a href=\"https:\/\/www.fw-oebb.at\/wp-content\/uploads\/2019\/01\/20190101-E-13-Feldkirch-Altenstadt-Container-Brand.jpg\" target=\"_self\"><img src='https:\/\/www.fw-oebb.at\/wp-content\/uploads\/2019\/01\/20190101-E-13-Feldkirch-Altenstadt-Container-Brand-1100x500.jpg' width='1100' height='500' alt='' \/><\/a>\n\t\t\t\t\t<\/div><\/li>\n\t\t\t\t<li class='gallery-item gallery-item-position-2 gallery-item-attachment-1810 wcflex-slide-item'>\n\t\t\t\t\t<div class='gallery-icon landscape'>\n\t\t\t\t\t\t<a href=\"https:\/\/www.fw-oebb.at\/wp-content\/uploads\/2019\/01\/20190101-E-06-Feldkirch-Altenstadt-Container-Brand.jpg\" target=\"_self\"><img src='https:\/\/www.fw-oebb.at\/wp-content\/uploads\/2019\/01\/20190101-E-06-Feldkirch-Altenstadt-Container-Brand-1100x500.jpg' width='1100' height='500' alt='' \/><\/a>\n\t\t\t\t\t<\/div><\/li>\n\t\t\t\t<li class='gallery-item gallery-item-position-3 gallery-item-attachment-1812 wcflex-slide-item'>\n\t\t\t\t\t<div class='gallery-icon landscape'>\n\t\t\t\t\t\t<a href=\"https:\/\/www.fw-oebb.at\/wp-content\/uploads\/2019\/01\/20190101-E-08-Feldkirch-Altenstadt-Container-Brand.jpg\" target=\"_self\"><img src='https:\/\/www.fw-oebb.at\/wp-content\/uploads\/2019\/01\/20190101-E-08-Feldkirch-Altenstadt-Container-Brand-1100x500.jpg' width='1100' height='500' alt='' \/><\/a>\n\t\t\t\t\t<\/div><\/li>\n\t\t\t\t<li class='gallery-item gallery-item-position-4 gallery-item-attachment-1809 wcflex-slide-item'>\n\t\t\t\t\t<div class='gallery-icon landscape'>\n\t\t\t\t\t\t<a href=\"https:\/\/www.fw-oebb.at\/wp-content\/uploads\/2019\/01\/20190101-E-04-Feldkirch-Altenstadt-Container-Brand.jpg\" target=\"_self\"><img src='https:\/\/www.fw-oebb.at\/wp-content\/uploads\/2019\/01\/20190101-E-04-Feldkirch-Altenstadt-Container-Brand-1100x500.jpg' width='1100' height='500' alt='' \/><\/a>\n\t\t\t\t\t<\/div><\/li>\n\t\t\t\t<li class='gallery-item gallery-item-position-5 gallery-item-attachment-1811 wcflex-slide-item'>\n\t\t\t\t\t<div class='gallery-icon landscape'>\n\t\t\t\t\t\t<a href=\"https:\/\/www.fw-oebb.at\/wp-content\/uploads\/2019\/01\/20190101-E-07-Feldkirch-Altenstadt-Container-Brand.jpg\" target=\"_self\"><img src='https:\/\/www.fw-oebb.at\/wp-content\/uploads\/2019\/01\/20190101-E-07-Feldkirch-Altenstadt-Container-Brand-1100x500.jpg' width='1100' height='500' alt='' \/><\/a>\n\t\t\t\t\t<\/div><\/li>\n\t\t\t\t<li class='gallery-item gallery-item-position-6 gallery-item-attachment-1808 wcflex-slide-item'>\n\t\t\t\t\t<div class='gallery-icon landscape'>\n\t\t\t\t\t\t<a href=\"https:\/\/www.fw-oebb.at\/wp-content\/uploads\/2019\/01\/20190101-E-14-Feldkirch-Altenstadt-Container-Brand.jpg\" target=\"_self\"><img src='https:\/\/www.fw-oebb.at\/wp-content\/uploads\/2019\/01\/20190101-E-14-Feldkirch-Altenstadt-Container-Brand-1100x500.jpg' width='1100' height='500' alt='' \/><\/a>\n\t\t\t\t\t<\/div><\/li><\/ul><\/div>\n<\/div>\n<\/div>\n","protected":false},"excerpt":{"rendered":"<p>Alarmierung: 01.01.2019 um 22:22 Uhr &#8211; Stichwort: f2 Auf der Anfahrt zum Container Brand am Bahnhof Feldkirch wurde ein weiterer Container Brand [&hellip;]<\/p>\n","protected":false},"author":2,"featured_media":0,"comment_status":"closed","ping_status":"closed","sticky":false,"template":"","format":"standard","meta":{"ngg_post_thumbnail":0,"footnotes":""},"categories":[8,17],"tags":[],"class_list":["post-1806","post","type-post","status-publish","format-standard","hentry","category-einsatze","category-einsatze-2019"],"_links":{"self":[{"href":"https:\/\/www.fw-oebb.at\/index.php\/wp-json\/wp\/v2\/posts\/1806","targetHints":{"allow":["GET"]}}],"collection":[{"href":"https:\/\/www.fw-oebb.at\/index.php\/wp-json\/wp\/v2\/posts"}],"about":[{"href":"https:\/\/www.fw-oebb.at\/index.php\/wp-json\/wp\/v2\/types\/post"}],"author":[{"embeddable":true,"href":"https:\/\/www.fw-oebb.at\/index.php\/wp-json\/wp\/v2\/users\/2"}],"replies":[{"embeddable":true,"href":"https:\/\/www.fw-oebb.at\/index.php\/wp-json\/wp\/v2\/comments?post=1806"}],"version-history":[{"count":3,"href":"https:\/\/www.fw-oebb.at\/index.php\/wp-json\/wp\/v2\/posts\/1806\/revisions"}],"predecessor-version":[{"id":1815,"href":"https:\/\/www.fw-oebb.at\/index.php\/wp-json\/wp\/v2\/posts\/1806\/revisions\/1815"}],"wp:attachment":[{"href":"https:\/\/www.fw-oebb.at\/index.php\/wp-json\/wp\/v2\/media?parent=1806"}],"wp:term":[{"taxonomy":"category","embeddable":true,"href":"https:\/\/www.fw-oebb.at\/index.php\/wp-json\/wp\/v2\/categories?post=1806"},{"taxonomy":"post_tag","embeddable":true,"href":"https:\/\/www.fw-oebb.at\/index.php\/wp-json\/wp\/v2\/tags?post=1806"}],"curies":[{"name":"wp","href":"https:\/\/api.w.org\/{rel}","templated":true}]}}