{"id":1833,"date":"2019-01-08T12:57:20","date_gmt":"2019-01-08T11:57:20","guid":{"rendered":"https:\/\/www.fw-oebb.at\/?p=1833"},"modified":"2019-01-08T12:58:01","modified_gmt":"2019-01-08T11:58:01","slug":"einsatz-07-bahnhof-hohenems-liftbefreiung","status":"publish","type":"post","link":"https:\/\/www.fw-oebb.at\/index.php\/2019\/01\/08\/einsatz-07-bahnhof-hohenems-liftbefreiung\/","title":{"rendered":"Einsatz 07 &#8211; Bahnhof Hohenems &#8211; Liftbefreiung"},"content":{"rendered":"<p>Alarmierung: 08.01.2019 um 07:50 Uhr &#8211; Stichwort: f11<\/p>\n<p>Am Bahnhof Hohenems waren 5 Personen im Lift beim Bahnsteig 1 eingeschlossen. Diese wurden von der Mannschaft der FW \u00d6BB befreit und der Lift im Anschluss au\u00dfer Betrieb genommen und der Entst\u00f6rungsdienst alarmiert.<\/p>\n<p>Im Einsatz stand: KEF<\/p>\n<div class=\"wc-gallery\"><div class='wcflexslider-container wc-gallery-bottomspace-none wc-gallery-clear'><div id='gallery-1' class='gallery wc-gallery-captions-hide gallery-link-file wcflexslider wcsliderauto' data-gutter-width='0' data-columns='3' data-hide-controls='false'><ul class='slides'>\n\t\t\t\t<li class='gallery-item gallery-item-position-1 gallery-item-attachment-1835 wcflex-slide-item'>\n\t\t\t\t\t<div class='gallery-icon landscape'>\n\t\t\t\t\t\t<a href=\"https:\/\/www.fw-oebb.at\/wp-content\/uploads\/2019\/01\/20190108-E-02-Hohenems-Liftbefreiung.jpg\" target=\"_self\"><img src='https:\/\/www.fw-oebb.at\/wp-content\/uploads\/2019\/01\/20190108-E-02-Hohenems-Liftbefreiung-1100x500.jpg' width='1100' height='500' alt='' \/><\/a>\n\t\t\t\t\t<\/div><\/li>\n\t\t\t\t<li class='gallery-item gallery-item-position-2 gallery-item-attachment-1836 wcflex-slide-item'>\n\t\t\t\t\t<div class='gallery-icon landscape'>\n\t\t\t\t\t\t<a href=\"https:\/\/www.fw-oebb.at\/wp-content\/uploads\/2019\/01\/20190108-E-01-Hohenems-Liftbefreiung.jpg\" target=\"_self\"><img src='https:\/\/www.fw-oebb.at\/wp-content\/uploads\/2019\/01\/20190108-E-01-Hohenems-Liftbefreiung-1100x500.jpg' width='1100' height='500' alt='' \/><\/a>\n\t\t\t\t\t<\/div><\/li><\/ul><\/div>\n<\/div>\n<\/div>\n","protected":false},"excerpt":{"rendered":"<p>Alarmierung: 08.01.2019 um 07:50 Uhr &#8211; Stichwort: f11 Am Bahnhof Hohenems waren 5 Personen im Lift beim Bahnsteig 1 eingeschlossen. Diese wurden [&hellip;]<\/p>\n","protected":false},"author":2,"featured_media":0,"comment_status":"closed","ping_status":"closed","sticky":false,"template":"","format":"standard","meta":{"ngg_post_thumbnail":0,"footnotes":""},"categories":[8,17],"tags":[],"class_list":["post-1833","post","type-post","status-publish","format-standard","hentry","category-einsatze","category-einsatze-2019"],"_links":{"self":[{"href":"https:\/\/www.fw-oebb.at\/index.php\/wp-json\/wp\/v2\/posts\/1833","targetHints":{"allow":["GET"]}}],"collection":[{"href":"https:\/\/www.fw-oebb.at\/index.php\/wp-json\/wp\/v2\/posts"}],"about":[{"href":"https:\/\/www.fw-oebb.at\/index.php\/wp-json\/wp\/v2\/types\/post"}],"author":[{"embeddable":true,"href":"https:\/\/www.fw-oebb.at\/index.php\/wp-json\/wp\/v2\/users\/2"}],"replies":[{"embeddable":true,"href":"https:\/\/www.fw-oebb.at\/index.php\/wp-json\/wp\/v2\/comments?post=1833"}],"version-history":[{"count":2,"href":"https:\/\/www.fw-oebb.at\/index.php\/wp-json\/wp\/v2\/posts\/1833\/revisions"}],"predecessor-version":[{"id":1837,"href":"https:\/\/www.fw-oebb.at\/index.php\/wp-json\/wp\/v2\/posts\/1833\/revisions\/1837"}],"wp:attachment":[{"href":"https:\/\/www.fw-oebb.at\/index.php\/wp-json\/wp\/v2\/media?parent=1833"}],"wp:term":[{"taxonomy":"category","embeddable":true,"href":"https:\/\/www.fw-oebb.at\/index.php\/wp-json\/wp\/v2\/categories?post=1833"},{"taxonomy":"post_tag","embeddable":true,"href":"https:\/\/www.fw-oebb.at\/index.php\/wp-json\/wp\/v2\/tags?post=1833"}],"curies":[{"name":"wp","href":"https:\/\/api.w.org\/{rel}","templated":true}]}}