{"id":1878,"date":"2019-01-27T13:39:02","date_gmt":"2019-01-27T12:39:02","guid":{"rendered":"https:\/\/www.fw-oebb.at\/?p=1878"},"modified":"2019-01-29T17:55:21","modified_gmt":"2019-01-29T16:55:21","slug":"33-jahreshauptversammlung-am-26-01-2019","status":"publish","type":"post","link":"https:\/\/www.fw-oebb.at\/index.php\/2019\/01\/27\/33-jahreshauptversammlung-am-26-01-2019\/","title":{"rendered":"33. Jahreshauptversammlung, am 26.01.2019"},"content":{"rendered":"<p style=\"text-align: justify;\">Die 33. Jahreshauptversammlung der Betriebsfeuerwehr \u00d6BB fand am 26. J\u00e4nner 2019 um 19:00 Uhr im Schulungssaal im St\u00fctzpunkt Wolfurt statt. Neben zahlreichen Mitgliedern der FW \u00d6BB waren auch viele Ehreng\u00e4ste unter den Anwesenden. Der Einladung von Kommandant Markus Mayr sind unter anderem gefolgt: Fahnenpatin Xaveria D\u00fcr und Gatte Kurt D\u00fcr; Von Seiten der \u00d6BB: Leiter Betriebssicherheit+Prozesse aus Wien \u2013 Florian Pfeffer, Alt Regionalleiter Betrieb \u2013 Robert Abfalterer, Gebietsleiter \u2013 Wolfgang Bachler, Die Betriebsmanager aus Bludenz und Wolfurt \u2013 Peter Wesely, Ludwig K\u00f6chle und Hannes Wille, Controller aus Innsbruck \u2013 Gerhard Waibl und Leiter TSA Wolfurt \u2013 Robert Steger; Von Seiten der Gemeinde: Vizeb\u00fcrgermeisterin \u2013 Angelika Moosbrugger; Von Seiten Landesfeuerwehrverband: Vertreter der Betriebsfeuerwehren \u2013 J\u00fcrgen Grubm\u00fcller, Abschnittsfeuerwehrkommandant \u2013 Martin Lecher, Alt Abschnittsfeuerwehrkommandant \u2013 Uli Vonach; Vertreter befreundeter Feuerwehren von der Feuerwehr Dornbirn, der Betriebsfeuerwehr Fries, der Feuerwehr Braz, der Feuerwehr Bregenz Vorkloster; Vertreter von anderen befreundeten Organisationen: Polizeiposten Wolfurt \u2013 Elisabeth Huber und last but not least von der SBB Intervention \u2013 Nadine Inderbitzin und Daniele Guide<\/p>\n<p style=\"text-align: justify;\">Beim Tagesordnungspunkt 3 gedachte die Versammlung unserem Kameraden G\u00fcnther Zelewitz. Ihm zu Ehren z\u00fcndete Kommandant Markus eine Kerze an und bat um eine Gedenkminute.<\/p>\n<p style=\"text-align: justify;\">Im Bericht des Kommandanten wurde auf das arbeitsreiche Jahr 2018 zur\u00fcckgeblickt. Im Berichtsjahr bestand die Feuerwehr \u00d6BB aus insgesamt 68 Mann (61 Aktive-, 4 Ehren- und 4 passive Mitglieder). Besonderes betont wurde, dass lediglich noch 13 Mann bei den \u00d6BB und 2 Mann bei der Finanz angestellt sind. Die restlichen 46 Feuerwehrm\u00e4nner sind sogenannte Gastfeuerwehrm\u00e4nner, welche auch Mitglieder bei anderen Feuerwehren sind und ihr Wissen mit in die Betriebsfeuerwehr \u00d6BB mitbringen, aber eben nicht bei den \u00d6BB angestellt sind.<br \/>\nDes Weiteren wurde von Kommandant Mayr berichtet, dass es im Jahr 2018 einen Gesamtaufwand von 7\u00a0451 Stunden (exkl. Einsatzstunden) in den Bereichen Veranstaltungen und T\u00e4tigkeiten gegeben hat. Dies ist im Vergleich zum Jahr 2017 eine Steigerung von 78%. Auch die Eins\u00e4tze sind im Jahr 2018 um 44 % auf insgesamt 112 Eins\u00e4tze angestiegen. Im Gesamten erbrachte die Betriebsfeuerwehr \u00d6BB im Jahr 2018 eine Gesamtstundenanzahl von 9\u00a0077 Stunden (Rund 148 Stunden pro Mann).<\/p>\n<p style=\"text-align: justify;\">Im Anschluss an den Bericht des Kommandanten folgte der Bericht der Ausbildung, welcher von Kommandant Stellvertreter Alexander Lorenzi vorgetragen wurde. Im Jahr 2018 wurden 21 Proben &amp; Schulungen abgehalten, an welchen 307 Kameraden teilgenommen haben. Dies ergibt eine Stundenanzahl in Bereich Ausbildung on 966 Stunden. Neben verschiedenen Dienstgradeschulungen wurde auch viele Bewerbe Besucht. Unter anderem waren dies der Atemschutzleistungsbewerb, der Funkleistungsbewerb und der Strahlenschutzbewerb. Aber auch viele Sonderschulungen f\u00fcr andere Gesch\u00e4ftsbereiche der \u00d6BB und andere Organisationen wurden wieder im Jahr 2018 abgehalten.<\/p>\n<p style=\"text-align: justify;\">Im Bericht der Mannschaft berichtete Mannschaftsvertreter Norbert F\u00e4ssler \u00fcber die kameradschaftlichen Aktivit\u00e4ten des vergangenen Jahres. Bevor er aber mit seinem Gedicht begonnen hat, hat Norbert F\u00e4ssler in gewohnter Manier einen kurze Geschichte zum Nachdenken vorgetragen. Nach dieser Geschichte wurde der Versammlung ein kurzer \u00dcberblick der Highlights im Jahr 2018 aus kameradschaftlicher Sicht vorgetragen. Dies waren unter anderem der Verbandstag 2018, die Hochzeit unseres Kameraden Dominik Leimegger mit seiner Anita, die Atemschutzleistungspr\u00fcfung bei uns am G\u00fcterbahnhof und das Jahresabschlussessen.<\/p>\n<p style=\"text-align: justify;\">Der Kassabericht wurde diesmal auf Grund von Unp\u00e4sslichkeit des Kassiers Harald Frener in Vertretung durch Schriftf\u00fchrer Dominik Frommherz vorgetragen. Dominik berichtet \u00fcber die eingesetzten Geldmittel im Jahr 2018 und die Aufteilung dieser in die einzelnen Positionen.<\/p>\n<p style=\"text-align: justify;\">Im Tagesordnungspunkt 10 standen verdiente Ehrungen auf dem Programm. Siegfried T\u00fcrtscher unser flei\u00dfiger Fahrzeug- und Ger\u00e4tewart, Dienstgrad und Fahnentr\u00e4ger wurde f\u00fcr 25 Jahre Mitgliedschaft bei der Feuerwehr \u00d6BB geehrt. Siegfried ist der gute Geist im Feuerwehrhaus Wolfurt und immer zur Stelle, wenn es was zu arbeiten gibt. Kommandant Markus erz\u00e4hlte einige Anekdoten aus den letzten 25 Jahren und brachte teilweise vergessenes wieder zur\u00fcck. Also Dank wurde ihm die <span style=\"color: black;\">Verdienstmedaille in Bronze des Landes Vorarlberg und ein aus Holz geschnitzter heiliger Florian \u00fcbergeben. <\/span><\/p>\n<p style=\"text-align: justify;\"><span style=\"color: black;\">An diesem Abend wurde aber auch ein weiterer Gast geehrt. Alt Regionalleiter Robert Abfalterer verl\u00e4sst die Regionalleitung in Richtung Brenner Basistunnel. Als Dank f\u00fcr seine immer tatkr\u00e4ftige Unterst\u00fctzung und seine Vertretung unserer Anliegen in Richtung Wien war er uns in den letzten Jahren immer eine gro\u00dfe Hilfe. Highlights in seiner Zeit waren unter anderem die Anschaffung der neuen Einsatzbekleidung, das \u00d6BB Einsatzleitersystem in Vorarlberg (welches sich grundlegend von den restlichen Systemen in \u00d6sterreich unterscheidet), das St\u00fctzpunktwesen der FW \u00d6BB in Vorarlberg und verschiedene Fahrzeuganschaffungen. Als Dank f\u00fcr die Verdienste um das Vorarlberger Feuerwehrwesen wurde Robert die Florianiplakette in Bronze des Landes Vorarlberg \u00fcbergeben.<\/span><\/p>\n<p style=\"text-align: justify;\"><span style=\"color: black;\">Nach den Ehrungen wurden auch noch einige Bef\u00f6rderungen durchgef\u00fchrt. Paul Dietrich wurde vom Feuerwehrmann zum Oberl\u00f6schmeister, Mario Heim und Tobias Bitsche vom Oberfeuerwehrmann zum Oberl\u00f6schmeister, Dominik Frommherz vom Hauptfeuerwehrmann zum Oberl\u00f6schmeister und Daniel Lampert vom Oberl\u00f6schmeister zum Brandmeister bef\u00f6rdert.<\/span><\/p>\n<p style=\"text-align: justify;\"><span style=\"color: black;\">Nach den Gru\u00dfworten der G\u00e4ste schloss Kommandant Markus Mayr um 21:05 Uhr die 33. Jahreshauptversammlung der Feuerwehr \u00d6BB mit dem Wahlspruch der Feuerwehr \u201eGott zur Ehr, dem n\u00e4chsten zur Wehr\u201c.<\/span><\/p>\n<div class=\"wc-gallery\"><div class='wcflexslider-container wc-gallery-bottomspace-none wc-gallery-clear'><div id='gallery-1' class='gallery wc-gallery-captions-hide gallery-link-file wcflexslider wcsliderauto' data-gutter-width='0' data-columns='3' data-hide-controls='false'><ul class='slides'>\n\t\t\t\t<li class='gallery-item gallery-item-position-1 gallery-item-attachment-1935 wcflex-slide-item'>\n\t\t\t\t\t<div class='gallery-icon landscape'>\n\t\t\t\t\t\t<a href=\"https:\/\/www.fw-oebb.at\/wp-content\/uploads\/2019\/01\/20190126-K-067-Jahreshauptversammlung-2019-FW-\u00d6BB.jpg\" target=\"_self\"><img src='https:\/\/www.fw-oebb.at\/wp-content\/uploads\/2019\/01\/20190126-K-067-Jahreshauptversammlung-2019-FW-\u00d6BB-1100x500.jpg' width='1100' height='500' alt='' \/><\/a>\n\t\t\t\t\t<\/div><\/li>\n\t\t\t\t<li class='gallery-item gallery-item-position-2 gallery-item-attachment-1931 wcflex-slide-item'>\n\t\t\t\t\t<div class='gallery-icon landscape'>\n\t\t\t\t\t\t<a href=\"https:\/\/www.fw-oebb.at\/wp-content\/uploads\/2019\/01\/20190126-K-044-Jahreshauptversammlung-2019-FW-\u00d6BB.jpg\" target=\"_self\"><img src='https:\/\/www.fw-oebb.at\/wp-content\/uploads\/2019\/01\/20190126-K-044-Jahreshauptversammlung-2019-FW-\u00d6BB-1100x500.jpg' width='1100' height='500' alt='' \/><\/a>\n\t\t\t\t\t<\/div><\/li>\n\t\t\t\t<li class='gallery-item gallery-item-position-3 gallery-item-attachment-1943 wcflex-slide-item'>\n\t\t\t\t\t<div class='gallery-icon landscape'>\n\t\t\t\t\t\t<a href=\"https:\/\/www.fw-oebb.at\/wp-content\/uploads\/2019\/01\/20190126-K-012-Jahreshauptversammlung-2019-FW-\u00d6BB.jpg\" target=\"_self\"><img src='https:\/\/www.fw-oebb.at\/wp-content\/uploads\/2019\/01\/20190126-K-012-Jahreshauptversammlung-2019-FW-\u00d6BB-1100x500.jpg' width='1100' height='500' alt='' \/><\/a>\n\t\t\t\t\t<\/div><\/li>\n\t\t\t\t<li class='gallery-item gallery-item-position-4 gallery-item-attachment-1946 wcflex-slide-item'>\n\t\t\t\t\t<div class='gallery-icon landscape'>\n\t\t\t\t\t\t<a href=\"https:\/\/www.fw-oebb.at\/wp-content\/uploads\/2019\/01\/20190126-K-021-Jahreshauptversammlung-2019-FW-\u00d6BB.jpg\" target=\"_self\"><img src='https:\/\/www.fw-oebb.at\/wp-content\/uploads\/2019\/01\/20190126-K-021-Jahreshauptversammlung-2019-FW-\u00d6BB-1100x500.jpg' width='1100' height='500' alt='' \/><\/a>\n\t\t\t\t\t<\/div><\/li>\n\t\t\t\t<li class='gallery-item gallery-item-position-5 gallery-item-attachment-1932 wcflex-slide-item'>\n\t\t\t\t\t<div class='gallery-icon landscape'>\n\t\t\t\t\t\t<a href=\"https:\/\/www.fw-oebb.at\/wp-content\/uploads\/2019\/01\/20190126-K-048-Jahreshauptversammlung-2019-FW-\u00d6BB.jpg\" target=\"_self\"><img src='https:\/\/www.fw-oebb.at\/wp-content\/uploads\/2019\/01\/20190126-K-048-Jahreshauptversammlung-2019-FW-\u00d6BB-1100x500.jpg' width='1100' height='500' alt='' \/><\/a>\n\t\t\t\t\t<\/div><\/li>\n\t\t\t\t<li class='gallery-item gallery-item-position-6 gallery-item-attachment-1940 wcflex-slide-item'>\n\t\t\t\t\t<div class='gallery-icon landscape'>\n\t\t\t\t\t\t<a href=\"https:\/\/www.fw-oebb.at\/wp-content\/uploads\/2019\/01\/20190126-K-155-Jahreshauptversammlung-2019-FW-\u00d6BB.jpg\" target=\"_self\"><img src='https:\/\/www.fw-oebb.at\/wp-content\/uploads\/2019\/01\/20190126-K-155-Jahreshauptversammlung-2019-FW-\u00d6BB-1100x500.jpg' width='1100' height='500' alt='' \/><\/a>\n\t\t\t\t\t<\/div><\/li>\n\t\t\t\t<li class='gallery-item gallery-item-position-7 gallery-item-attachment-1936 wcflex-slide-item'>\n\t\t\t\t\t<div class='gallery-icon landscape'>\n\t\t\t\t\t\t<a href=\"https:\/\/www.fw-oebb.at\/wp-content\/uploads\/2019\/01\/20190126-K-090-Jahreshauptversammlung-2019-FW-\u00d6BB.jpg\" target=\"_self\"><img src='https:\/\/www.fw-oebb.at\/wp-content\/uploads\/2019\/01\/20190126-K-090-Jahreshauptversammlung-2019-FW-\u00d6BB-1100x500.jpg' width='1100' height='500' alt='' \/><\/a>\n\t\t\t\t\t<\/div><\/li>\n\t\t\t\t<li class='gallery-item gallery-item-position-8 gallery-item-attachment-1947 wcflex-slide-item'>\n\t\t\t\t\t<div class='gallery-icon landscape'>\n\t\t\t\t\t\t<a href=\"https:\/\/www.fw-oebb.at\/wp-content\/uploads\/2019\/01\/20190126-K-033-Jahreshauptversammlung-2019-FW-\u00d6BB.jpg\" target=\"_self\"><img src='https:\/\/www.fw-oebb.at\/wp-content\/uploads\/2019\/01\/20190126-K-033-Jahreshauptversammlung-2019-FW-\u00d6BB-1100x500.jpg' width='1100' height='500' alt='' \/><\/a>\n\t\t\t\t\t<\/div><\/li>\n\t\t\t\t<li class='gallery-item gallery-item-position-9 gallery-item-attachment-1939 wcflex-slide-item'>\n\t\t\t\t\t<div class='gallery-icon landscape'>\n\t\t\t\t\t\t<a href=\"https:\/\/www.fw-oebb.at\/wp-content\/uploads\/2019\/01\/20190126-K-154-Jahreshauptversammlung-2019-FW-\u00d6BB.jpg\" target=\"_self\"><img src='https:\/\/www.fw-oebb.at\/wp-content\/uploads\/2019\/01\/20190126-K-154-Jahreshauptversammlung-2019-FW-\u00d6BB-1100x500.jpg' width='1100' height='500' alt='' \/><\/a>\n\t\t\t\t\t<\/div><\/li>\n\t\t\t\t<li class='gallery-item gallery-item-position-10 gallery-item-attachment-1933 wcflex-slide-item'>\n\t\t\t\t\t<div class='gallery-icon landscape'>\n\t\t\t\t\t\t<a href=\"https:\/\/www.fw-oebb.at\/wp-content\/uploads\/2019\/01\/20190126-K-054-Jahreshauptversammlung-2019-FW-\u00d6BB.jpg\" target=\"_self\"><img src='https:\/\/www.fw-oebb.at\/wp-content\/uploads\/2019\/01\/20190126-K-054-Jahreshauptversammlung-2019-FW-\u00d6BB-1100x500.jpg' width='1100' height='500' alt='' \/><\/a>\n\t\t\t\t\t<\/div><\/li>\n\t\t\t\t<li class='gallery-item gallery-item-position-11 gallery-item-attachment-1934 wcflex-slide-item'>\n\t\t\t\t\t<div class='gallery-icon landscape'>\n\t\t\t\t\t\t<a href=\"https:\/\/www.fw-oebb.at\/wp-content\/uploads\/2019\/01\/20190126-K-059-Jahreshauptversammlung-2019-FW-\u00d6BB.jpg\" target=\"_self\"><img src='https:\/\/www.fw-oebb.at\/wp-content\/uploads\/2019\/01\/20190126-K-059-Jahreshauptversammlung-2019-FW-\u00d6BB-1100x500.jpg' width='1100' height='500' alt='' \/><\/a>\n\t\t\t\t\t<\/div><\/li>\n\t\t\t\t<li class='gallery-item gallery-item-position-12 gallery-item-attachment-1941 wcflex-slide-item'>\n\t\t\t\t\t<div class='gallery-icon landscape'>\n\t\t\t\t\t\t<a href=\"https:\/\/www.fw-oebb.at\/wp-content\/uploads\/2019\/01\/20190126-K-009-Jahreshauptversammlung-2019-FW-\u00d6BB.jpg\" target=\"_self\"><img src='https:\/\/www.fw-oebb.at\/wp-content\/uploads\/2019\/01\/20190126-K-009-Jahreshauptversammlung-2019-FW-\u00d6BB-1100x500.jpg' width='1100' height='500' alt='' \/><\/a>\n\t\t\t\t\t<\/div><\/li>\n\t\t\t\t<li class='gallery-item gallery-item-position-13 gallery-item-attachment-1948 wcflex-slide-item'>\n\t\t\t\t\t<div class='gallery-icon portrait'>\n\t\t\t\t\t\t<a href=\"https:\/\/www.fw-oebb.at\/wp-content\/uploads\/2019\/01\/20190126-K-036-Jahreshauptversammlung-2019-FW-\u00d6BB.jpg\" target=\"_self\"><img src='https:\/\/www.fw-oebb.at\/wp-content\/uploads\/2019\/01\/20190126-K-036-Jahreshauptversammlung-2019-FW-\u00d6BB-1100x500.jpg' width='1100' height='500' alt='' \/><\/a>\n\t\t\t\t\t<\/div><\/li>\n\t\t\t\t<li class='gallery-item gallery-item-position-14 gallery-item-attachment-1945 wcflex-slide-item'>\n\t\t\t\t\t<div class='gallery-icon landscape'>\n\t\t\t\t\t\t<a href=\"https:\/\/www.fw-oebb.at\/wp-content\/uploads\/2019\/01\/20190126-K-018-Jahreshauptversammlung-2019-FW-\u00d6BB.jpg\" target=\"_self\"><img src='https:\/\/www.fw-oebb.at\/wp-content\/uploads\/2019\/01\/20190126-K-018-Jahreshauptversammlung-2019-FW-\u00d6BB-1100x500.jpg' width='1100' height='500' alt='' \/><\/a>\n\t\t\t\t\t<\/div><\/li>\n\t\t\t\t<li class='gallery-item gallery-item-position-15 gallery-item-attachment-1938 wcflex-slide-item'>\n\t\t\t\t\t<div class='gallery-icon landscape'>\n\t\t\t\t\t\t<a href=\"https:\/\/www.fw-oebb.at\/wp-content\/uploads\/2019\/01\/20190126-K-122-Jahreshauptversammlung-2019-FW-\u00d6BB.jpg\" target=\"_self\"><img src='https:\/\/www.fw-oebb.at\/wp-content\/uploads\/2019\/01\/20190126-K-122-Jahreshauptversammlung-2019-FW-\u00d6BB-1100x500.jpg' width='1100' height='500' alt='' \/><\/a>\n\t\t\t\t\t<\/div><\/li>\n\t\t\t\t<li class='gallery-item gallery-item-position-16 gallery-item-attachment-1942 wcflex-slide-item'>\n\t\t\t\t\t<div class='gallery-icon landscape'>\n\t\t\t\t\t\t<a href=\"https:\/\/www.fw-oebb.at\/wp-content\/uploads\/2019\/01\/20190126-K-010-Jahreshauptversammlung-2019-FW-\u00d6BB.jpg\" target=\"_self\"><img src='https:\/\/www.fw-oebb.at\/wp-content\/uploads\/2019\/01\/20190126-K-010-Jahreshauptversammlung-2019-FW-\u00d6BB-1100x500.jpg' width='1100' height='500' alt='' \/><\/a>\n\t\t\t\t\t<\/div><\/li>\n\t\t\t\t<li class='gallery-item gallery-item-position-17 gallery-item-attachment-1937 wcflex-slide-item'>\n\t\t\t\t\t<div class='gallery-icon landscape'>\n\t\t\t\t\t\t<a href=\"https:\/\/www.fw-oebb.at\/wp-content\/uploads\/2019\/01\/20190126-K-118-Jahreshauptversammlung-2019-FW-\u00d6BB.jpg\" target=\"_self\"><img src='https:\/\/www.fw-oebb.at\/wp-content\/uploads\/2019\/01\/20190126-K-118-Jahreshauptversammlung-2019-FW-\u00d6BB-1100x500.jpg' width='1100' height='500' alt='' \/><\/a>\n\t\t\t\t\t<\/div><\/li>\n\t\t\t\t<li class='gallery-item gallery-item-position-18 gallery-item-attachment-1949 wcflex-slide-item'>\n\t\t\t\t\t<div class='gallery-icon landscape'>\n\t\t\t\t\t\t<a href=\"https:\/\/www.fw-oebb.at\/wp-content\/uploads\/2019\/01\/20190126-K-039-Jahreshauptversammlung-2019-FW-\u00d6BB.jpg\" target=\"_self\"><img src='https:\/\/www.fw-oebb.at\/wp-content\/uploads\/2019\/01\/20190126-K-039-Jahreshauptversammlung-2019-FW-\u00d6BB-1100x500.jpg' width='1100' height='500' alt='' \/><\/a>\n\t\t\t\t\t<\/div><\/li>\n\t\t\t\t<li class='gallery-item gallery-item-position-19 gallery-item-attachment-1944 wcflex-slide-item'>\n\t\t\t\t\t<div class='gallery-icon landscape'>\n\t\t\t\t\t\t<a href=\"https:\/\/www.fw-oebb.at\/wp-content\/uploads\/2019\/01\/20190126-K-015-Jahreshauptversammlung-2019-FW-\u00d6BB.jpg\" target=\"_self\"><img src='https:\/\/www.fw-oebb.at\/wp-content\/uploads\/2019\/01\/20190126-K-015-Jahreshauptversammlung-2019-FW-\u00d6BB-1100x500.jpg' width='1100' height='500' alt='' \/><\/a>\n\t\t\t\t\t<\/div><\/li><\/ul><\/div>\n<\/div>\n<\/div>\n","protected":false},"excerpt":{"rendered":"<p>Die 33. Jahreshauptversammlung der Betriebsfeuerwehr \u00d6BB fand am 26. J\u00e4nner 2019 um 19:00 Uhr im Schulungssaal im St\u00fctzpunkt Wolfurt statt. Neben zahlreichen [&hellip;]<\/p>\n","protected":false},"author":2,"featured_media":0,"comment_status":"closed","ping_status":"closed","sticky":false,"template":"","format":"standard","meta":{"ngg_post_thumbnail":0,"footnotes":""},"categories":[15],"tags":[],"class_list":["post-1878","post","type-post","status-publish","format-standard","hentry","category-news"],"_links":{"self":[{"href":"https:\/\/www.fw-oebb.at\/index.php\/wp-json\/wp\/v2\/posts\/1878","targetHints":{"allow":["GET"]}}],"collection":[{"href":"https:\/\/www.fw-oebb.at\/index.php\/wp-json\/wp\/v2\/posts"}],"about":[{"href":"https:\/\/www.fw-oebb.at\/index.php\/wp-json\/wp\/v2\/types\/post"}],"author":[{"embeddable":true,"href":"https:\/\/www.fw-oebb.at\/index.php\/wp-json\/wp\/v2\/users\/2"}],"replies":[{"embeddable":true,"href":"https:\/\/www.fw-oebb.at\/index.php\/wp-json\/wp\/v2\/comments?post=1878"}],"version-history":[{"count":8,"href":"https:\/\/www.fw-oebb.at\/index.php\/wp-json\/wp\/v2\/posts\/1878\/revisions"}],"predecessor-version":[{"id":1952,"href":"https:\/\/www.fw-oebb.at\/index.php\/wp-json\/wp\/v2\/posts\/1878\/revisions\/1952"}],"wp:attachment":[{"href":"https:\/\/www.fw-oebb.at\/index.php\/wp-json\/wp\/v2\/media?parent=1878"}],"wp:term":[{"taxonomy":"category","embeddable":true,"href":"https:\/\/www.fw-oebb.at\/index.php\/wp-json\/wp\/v2\/categories?post=1878"},{"taxonomy":"post_tag","embeddable":true,"href":"https:\/\/www.fw-oebb.at\/index.php\/wp-json\/wp\/v2\/tags?post=1878"}],"curies":[{"name":"wp","href":"https:\/\/api.w.org\/{rel}","templated":true}]}}