{"id":2007,"date":"2019-02-15T08:47:55","date_gmt":"2019-02-15T07:47:55","guid":{"rendered":"https:\/\/www.fw-oebb.at\/?p=2007"},"modified":"2019-02-15T08:54:30","modified_gmt":"2019-02-15T07:54:30","slug":"einsatz-017-wolfurt-obb-betriebsgebaude-bma-hat-ausgelost","status":"publish","type":"post","link":"https:\/\/www.fw-oebb.at\/index.php\/2019\/02\/15\/einsatz-017-wolfurt-obb-betriebsgebaude-bma-hat-ausgelost\/","title":{"rendered":"Einsatz 017 &#8211; Wolfurt \u00d6BB Betriebsgeb\u00e4ude &#8211; BMA hat ausgel\u00f6st"},"content":{"rendered":"<p>Alarmierung: 14.02.2019 um 22:10 Uhr &#8211; Stichwort: f14&gt;f3<\/p>\n<p>Am sp\u00e4ten Donnerstag Abend l\u00f6ste die Brandmeldeanlage im \u00d6BB Betriebsgeb\u00e4ude einen Brandalarm aus. Beim Eintreffen der ersten Einsatzkr\u00e4fte am Einsatzort war eine starke Rauchentwicklung aus der Personenunterf\u00fchrung feststellbar. Auf Grund dessen\u00a0 wurde durch den Einsatzleiter eine Stichworterh\u00f6hung auf f3 durchgef\u00fchrt. Gem\u00e4\u00df Alarmplan erfolgte dadurch die Alarmierung der Feuerwehr Wolfurt, der Polizei und des Rettungsdienstes.<\/p>\n<p>Nach einer weiteren Erkundung konnte festgestellt werden, dass eine Plakatwand in der Unterf\u00fchrung in Brand gesetzt wurde. Diese wurde abgel\u00f6scht und die Unterf\u00fchrung mittels Hochdruckbel\u00fcftung entraucht.<\/p>\n<p>Im Einsatz standen: FW \u00d6BB mit KEF, VLF und KDO 2 sowie die Feuerwehr Wolfurt, der Rettungsdienst und die Polizei<\/p>\n<p><a href=\"https:\/\/www.fw-oebb.at\/wp-content\/uploads\/2019\/02\/20190214-E-1-Wolfurt-BG-BMA-hat-ausgel\u00f6st.jpg\" target=\"_blank\" rel=\"noopener\"><img fetchpriority=\"high\" decoding=\"async\" class=\"aligncenter wp-image-2009 size-medium\" src=\"https:\/\/www.fw-oebb.at\/wp-content\/uploads\/2019\/02\/20190214-E-1-Wolfurt-BG-BMA-hat-ausgel\u00f6st-225x300.jpg\" alt=\"\" width=\"225\" height=\"300\" srcset=\"https:\/\/www.fw-oebb.at\/wp-content\/uploads\/2019\/02\/20190214-E-1-Wolfurt-BG-BMA-hat-ausgel\u00f6st-225x300.jpg 225w, https:\/\/www.fw-oebb.at\/wp-content\/uploads\/2019\/02\/20190214-E-1-Wolfurt-BG-BMA-hat-ausgel\u00f6st-768x1024.jpg 768w, https:\/\/www.fw-oebb.at\/wp-content\/uploads\/2019\/02\/20190214-E-1-Wolfurt-BG-BMA-hat-ausgel\u00f6st-830x1107.jpg 830w, https:\/\/www.fw-oebb.at\/wp-content\/uploads\/2019\/02\/20190214-E-1-Wolfurt-BG-BMA-hat-ausgel\u00f6st-230x307.jpg 230w, https:\/\/www.fw-oebb.at\/wp-content\/uploads\/2019\/02\/20190214-E-1-Wolfurt-BG-BMA-hat-ausgel\u00f6st-350x467.jpg 350w, https:\/\/www.fw-oebb.at\/wp-content\/uploads\/2019\/02\/20190214-E-1-Wolfurt-BG-BMA-hat-ausgel\u00f6st-480x640.jpg 480w, https:\/\/www.fw-oebb.at\/wp-content\/uploads\/2019\/02\/20190214-E-1-Wolfurt-BG-BMA-hat-ausgel\u00f6st-250x333.jpg 250w, https:\/\/www.fw-oebb.at\/wp-content\/uploads\/2019\/02\/20190214-E-1-Wolfurt-BG-BMA-hat-ausgel\u00f6st-550x733.jpg 550w, https:\/\/www.fw-oebb.at\/wp-content\/uploads\/2019\/02\/20190214-E-1-Wolfurt-BG-BMA-hat-ausgel\u00f6st-800x1067.jpg 800w, https:\/\/www.fw-oebb.at\/wp-content\/uploads\/2019\/02\/20190214-E-1-Wolfurt-BG-BMA-hat-ausgel\u00f6st-135x180.jpg 135w, https:\/\/www.fw-oebb.at\/wp-content\/uploads\/2019\/02\/20190214-E-1-Wolfurt-BG-BMA-hat-ausgel\u00f6st-375x500.jpg 375w, https:\/\/www.fw-oebb.at\/wp-content\/uploads\/2019\/02\/20190214-E-1-Wolfurt-BG-BMA-hat-ausgel\u00f6st.jpg 1200w\" sizes=\"(max-width: 225px) 100vw, 225px\" \/><\/a><\/p>\n","protected":false},"excerpt":{"rendered":"<p>Alarmierung: 14.02.2019 um 22:10 Uhr &#8211; Stichwort: f14&gt;f3 Am sp\u00e4ten Donnerstag Abend l\u00f6ste die Brandmeldeanlage im \u00d6BB Betriebsgeb\u00e4ude einen Brandalarm aus. Beim [&hellip;]<\/p>\n","protected":false},"author":2,"featured_media":0,"comment_status":"closed","ping_status":"closed","sticky":false,"template":"","format":"standard","meta":{"ngg_post_thumbnail":0,"footnotes":""},"categories":[8,17],"tags":[],"class_list":["post-2007","post","type-post","status-publish","format-standard","hentry","category-einsatze","category-einsatze-2019"],"_links":{"self":[{"href":"https:\/\/www.fw-oebb.at\/index.php\/wp-json\/wp\/v2\/posts\/2007","targetHints":{"allow":["GET"]}}],"collection":[{"href":"https:\/\/www.fw-oebb.at\/index.php\/wp-json\/wp\/v2\/posts"}],"about":[{"href":"https:\/\/www.fw-oebb.at\/index.php\/wp-json\/wp\/v2\/types\/post"}],"author":[{"embeddable":true,"href":"https:\/\/www.fw-oebb.at\/index.php\/wp-json\/wp\/v2\/users\/2"}],"replies":[{"embeddable":true,"href":"https:\/\/www.fw-oebb.at\/index.php\/wp-json\/wp\/v2\/comments?post=2007"}],"version-history":[{"count":4,"href":"https:\/\/www.fw-oebb.at\/index.php\/wp-json\/wp\/v2\/posts\/2007\/revisions"}],"predecessor-version":[{"id":2013,"href":"https:\/\/www.fw-oebb.at\/index.php\/wp-json\/wp\/v2\/posts\/2007\/revisions\/2013"}],"wp:attachment":[{"href":"https:\/\/www.fw-oebb.at\/index.php\/wp-json\/wp\/v2\/media?parent=2007"}],"wp:term":[{"taxonomy":"category","embeddable":true,"href":"https:\/\/www.fw-oebb.at\/index.php\/wp-json\/wp\/v2\/categories?post=2007"},{"taxonomy":"post_tag","embeddable":true,"href":"https:\/\/www.fw-oebb.at\/index.php\/wp-json\/wp\/v2\/tags?post=2007"}],"curies":[{"name":"wp","href":"https:\/\/api.w.org\/{rel}","templated":true}]}}