{"id":2266,"date":"2019-04-24T08:14:49","date_gmt":"2019-04-24T07:14:49","guid":{"rendered":"https:\/\/www.fw-oebb.at\/?p=2266"},"modified":"2019-05-04T12:40:58","modified_gmt":"2019-05-04T11:40:58","slug":"einsatz-029-meldung-durch-wasserrettung-herunterhangendes-seil-beim-masten-89","status":"publish","type":"post","link":"https:\/\/www.fw-oebb.at\/index.php\/2019\/04\/24\/einsatz-029-meldung-durch-wasserrettung-herunterhangendes-seil-beim-masten-89\/","title":{"rendered":"Einsatz 029 Satteins > herunterh\u00e4ngendes Seil beim Masten 89"},"content":{"rendered":"\t\t<div data-elementor-type=\"wp-post\" data-elementor-id=\"2266\" class=\"elementor elementor-2266\">\n\t\t\t\t\t\t<section class=\"elementor-section elementor-top-section elementor-element elementor-element-14626968 elementor-section-boxed elementor-section-height-default elementor-section-height-default\" data-id=\"14626968\" data-element_type=\"section\" data-e-type=\"section\">\n\t\t\t\t\t\t<div class=\"elementor-container elementor-column-gap-default\">\n\t\t\t\t\t<div class=\"elementor-column elementor-col-100 elementor-top-column elementor-element elementor-element-57a418f5\" data-id=\"57a418f5\" data-element_type=\"column\" data-e-type=\"column\">\n\t\t\t<div class=\"elementor-widget-wrap elementor-element-populated\">\n\t\t\t\t\t\t<div class=\"elementor-element elementor-element-3b831f14 elementor-widget elementor-widget-text-editor\" data-id=\"3b831f14\" data-element_type=\"widget\" data-e-type=\"widget\" data-widget_type=\"text-editor.default\">\n\t\t\t\t<div class=\"elementor-widget-container\">\n\t\t\t\t\t\t\t\t\t<p>Alarmierung: 18.04.2019 um 19:05 Uhr &#8211; Stichwort: f10<\/p><p>\u00a0<\/p><p>Aufgrund eines herunterh\u00e4ngenden Seils kontaktierte die Wasserrettung das Kommando der Betriebsfeuerwehr \u00d6BB. Der Kommandant und ein weiterer Kamerad, begaben sich anschlie\u00dfend vor Ort, um die Lage zu erkunden. Aufgrund der schlechten Lichtverh\u00e4ltnisse, konnte eine sofortige Erdung nicht durchgef\u00fchrt werden. Deshalb wurde dies am darauf folgenden Tag geerdet und gemeinsam mit der Wasserrettung der Silch aus der Leitung entfernt.<\/p><p>\u00a0<\/p><p>Im Einsatz standen: 2 Mann und 1 Fahrzeug<\/p><p>\u00a0<\/p>\t\t\t\t\t\t\t\t<\/div>\n\t\t\t\t<\/div>\n\t\t\t\t\t<\/div>\n\t\t<\/div>\n\t\t\t\t\t<\/div>\n\t\t<\/section>\n\t\t\t\t<\/div>\n\t\t","protected":false},"excerpt":{"rendered":"<p>Alarmierung: 18.04.2019 um 19:05 Uhr &#8211; Stichwort: f10 Aufgrund eines herunterh\u00e4ngenden Seils kontaktierte die Wasserrettung das Kommando der Betriebsfeuerwehr \u00d6BB. Der Kommandant [&hellip;]<\/p>\n","protected":false},"author":2,"featured_media":0,"comment_status":"closed","ping_status":"closed","sticky":false,"template":"","format":"standard","meta":{"ngg_post_thumbnail":0,"footnotes":""},"categories":[8,17],"tags":[],"class_list":["post-2266","post","type-post","status-publish","format-standard","hentry","category-einsatze","category-einsatze-2019"],"_links":{"self":[{"href":"https:\/\/www.fw-oebb.at\/index.php\/wp-json\/wp\/v2\/posts\/2266","targetHints":{"allow":["GET"]}}],"collection":[{"href":"https:\/\/www.fw-oebb.at\/index.php\/wp-json\/wp\/v2\/posts"}],"about":[{"href":"https:\/\/www.fw-oebb.at\/index.php\/wp-json\/wp\/v2\/types\/post"}],"author":[{"embeddable":true,"href":"https:\/\/www.fw-oebb.at\/index.php\/wp-json\/wp\/v2\/users\/2"}],"replies":[{"embeddable":true,"href":"https:\/\/www.fw-oebb.at\/index.php\/wp-json\/wp\/v2\/comments?post=2266"}],"version-history":[{"count":5,"href":"https:\/\/www.fw-oebb.at\/index.php\/wp-json\/wp\/v2\/posts\/2266\/revisions"}],"predecessor-version":[{"id":2327,"href":"https:\/\/www.fw-oebb.at\/index.php\/wp-json\/wp\/v2\/posts\/2266\/revisions\/2327"}],"wp:attachment":[{"href":"https:\/\/www.fw-oebb.at\/index.php\/wp-json\/wp\/v2\/media?parent=2266"}],"wp:term":[{"taxonomy":"category","embeddable":true,"href":"https:\/\/www.fw-oebb.at\/index.php\/wp-json\/wp\/v2\/categories?post=2266"},{"taxonomy":"post_tag","embeddable":true,"href":"https:\/\/www.fw-oebb.at\/index.php\/wp-json\/wp\/v2\/tags?post=2266"}],"curies":[{"name":"wp","href":"https:\/\/api.w.org\/{rel}","templated":true}]}}