{"id":2286,"date":"2019-04-26T12:13:39","date_gmt":"2019-04-26T11:13:39","guid":{"rendered":"https:\/\/www.fw-oebb.at\/?p=2286"},"modified":"2019-05-04T12:40:06","modified_gmt":"2019-05-04T11:40:06","slug":"25-04-2019-ausbildung-fahrzeugkunde-und-technische-einsatzgerate","status":"publish","type":"post","link":"https:\/\/www.fw-oebb.at\/index.php\/2019\/04\/26\/25-04-2019-ausbildung-fahrzeugkunde-und-technische-einsatzgerate\/","title":{"rendered":"25.04.2019 &#8211; Ausbildung Fahrzeugkunde und technische Einsatzger\u00e4te"},"content":{"rendered":"<p>Am Donnerstag, den 25.04.2019 stand wieder eine Ausbildungseinheit auf dem Programm. Das Thema diesmal war Fahreugkunde und Inbetriebnahme technischer Einsatzger\u00e4te. Gruppenkommandant Tobias Bitsche ging mit uns die verschiedensten technischen Einsatzger\u00e4tschaften, wie z.B. ein Leisel\u00e4ufer, Notstromaggregat, Hydraulisches Kombiger\u00e4t, Motors\u00e4gen, etc. durch, erkl\u00e4rte uns dabei die Handhabung und worauf im Einsatz speziell geachtet werden muss. Somit konnten die neuen Kameraden, welche erst k\u00fcrzlich bei uns eingetreten sind, einiges erlernen.<\/p>\n<p>Danke an Tobias Bitsche f\u00fcr die Ausarbeitung und Absolvierung der \u00dcbung.<\/p>\n<div class=\"wc-gallery\"><div class='wcflexslider-container wc-gallery-bottomspace-none wc-gallery-clear'><div id='gallery-1' class='gallery wc-gallery-captions-hide gallery-link-file wcflexslider wcsliderauto' data-gutter-width='0' data-columns='3' data-hide-controls='false'><ul class='slides'>\n\t\t\t\t<li class='gallery-item gallery-item-position-1 gallery-item-attachment-2293 wcflex-slide-item'>\n\t\t\t\t\t<div class='gallery-icon landscape'>\n\t\t\t\t\t\t<a href=\"https:\/\/www.fw-oebb.at\/wp-content\/uploads\/2019\/04\/20190425-A-03-Fahrzeug-Ger\u00e4tekunde.jpg\" target=\"_self\"><img src='https:\/\/www.fw-oebb.at\/wp-content\/uploads\/2019\/04\/20190425-A-03-Fahrzeug-Ger\u00e4tekunde-1100x500.jpg' width='1100' height='500' alt='' \/><\/a>\n\t\t\t\t\t<\/div><\/li>\n\t\t\t\t<li class='gallery-item gallery-item-position-2 gallery-item-attachment-2289 wcflex-slide-item'>\n\t\t\t\t\t<div class='gallery-icon landscape'>\n\t\t\t\t\t\t<a href=\"https:\/\/www.fw-oebb.at\/wp-content\/uploads\/2019\/04\/20190425-A-08-Fahrzeug-Ger\u00e4tekunde.jpg\" target=\"_self\"><img src='https:\/\/www.fw-oebb.at\/wp-content\/uploads\/2019\/04\/20190425-A-08-Fahrzeug-Ger\u00e4tekunde-1100x500.jpg' width='1100' height='500' alt='' \/><\/a>\n\t\t\t\t\t<\/div><\/li>\n\t\t\t\t<li class='gallery-item gallery-item-position-3 gallery-item-attachment-2287 wcflex-slide-item'>\n\t\t\t\t\t<div class='gallery-icon landscape'>\n\t\t\t\t\t\t<a href=\"https:\/\/www.fw-oebb.at\/wp-content\/uploads\/2019\/04\/20190425-A-05-Fahrzeug-Ger\u00e4tekunde.jpg\" target=\"_self\"><img src='https:\/\/www.fw-oebb.at\/wp-content\/uploads\/2019\/04\/20190425-A-05-Fahrzeug-Ger\u00e4tekunde-1100x500.jpg' width='1100' height='500' alt='' \/><\/a>\n\t\t\t\t\t<\/div><\/li>\n\t\t\t\t<li class='gallery-item gallery-item-position-4 gallery-item-attachment-2290 wcflex-slide-item'>\n\t\t\t\t\t<div class='gallery-icon landscape'>\n\t\t\t\t\t\t<a href=\"https:\/\/www.fw-oebb.at\/wp-content\/uploads\/2019\/04\/20190425-A-11-Fahrzeug-Ger\u00e4tekunde.jpg\" target=\"_self\"><img src='https:\/\/www.fw-oebb.at\/wp-content\/uploads\/2019\/04\/20190425-A-11-Fahrzeug-Ger\u00e4tekunde-1100x500.jpg' width='1100' height='500' alt='' \/><\/a>\n\t\t\t\t\t<\/div><\/li>\n\t\t\t\t<li class='gallery-item gallery-item-position-5 gallery-item-attachment-2288 wcflex-slide-item'>\n\t\t\t\t\t<div class='gallery-icon landscape'>\n\t\t\t\t\t\t<a href=\"https:\/\/www.fw-oebb.at\/wp-content\/uploads\/2019\/04\/20190425-A-06-Fahrzeug-Ger\u00e4tekunde.jpg\" target=\"_self\"><img src='https:\/\/www.fw-oebb.at\/wp-content\/uploads\/2019\/04\/20190425-A-06-Fahrzeug-Ger\u00e4tekunde-1100x500.jpg' width='1100' height='500' alt='' \/><\/a>\n\t\t\t\t\t<\/div><\/li>\n\t\t\t\t<li class='gallery-item gallery-item-position-6 gallery-item-attachment-2291 wcflex-slide-item'>\n\t\t\t\t\t<div class='gallery-icon landscape'>\n\t\t\t\t\t\t<a href=\"https:\/\/www.fw-oebb.at\/wp-content\/uploads\/2019\/04\/20190425-A-22-Fahrzeug-Ger\u00e4tekunde.jpg\" target=\"_self\"><img src='https:\/\/www.fw-oebb.at\/wp-content\/uploads\/2019\/04\/20190425-A-22-Fahrzeug-Ger\u00e4tekunde-1100x500.jpg' width='1100' height='500' alt='' \/><\/a>\n\t\t\t\t\t<\/div><\/li><\/ul><\/div>\n<\/div>\n<\/div>\n<p>&nbsp;<\/p>\n<p>&nbsp;<\/p>\n","protected":false},"excerpt":{"rendered":"<p>Am Donnerstag, den 25.04.2019 stand wieder eine Ausbildungseinheit auf dem Programm. Das Thema diesmal war Fahreugkunde und Inbetriebnahme technischer Einsatzger\u00e4te. Gruppenkommandant Tobias [&hellip;]<\/p>\n","protected":false},"author":2,"featured_media":0,"comment_status":"closed","ping_status":"closed","sticky":false,"template":"","format":"standard","meta":{"ngg_post_thumbnail":0,"footnotes":""},"categories":[13,18],"tags":[],"class_list":["post-2286","post","type-post","status-publish","format-standard","hentry","category-ausbildung","category-ausbildung-2019"],"_links":{"self":[{"href":"https:\/\/www.fw-oebb.at\/index.php\/wp-json\/wp\/v2\/posts\/2286","targetHints":{"allow":["GET"]}}],"collection":[{"href":"https:\/\/www.fw-oebb.at\/index.php\/wp-json\/wp\/v2\/posts"}],"about":[{"href":"https:\/\/www.fw-oebb.at\/index.php\/wp-json\/wp\/v2\/types\/post"}],"author":[{"embeddable":true,"href":"https:\/\/www.fw-oebb.at\/index.php\/wp-json\/wp\/v2\/users\/2"}],"replies":[{"embeddable":true,"href":"https:\/\/www.fw-oebb.at\/index.php\/wp-json\/wp\/v2\/comments?post=2286"}],"version-history":[{"count":3,"href":"https:\/\/www.fw-oebb.at\/index.php\/wp-json\/wp\/v2\/posts\/2286\/revisions"}],"predecessor-version":[{"id":2296,"href":"https:\/\/www.fw-oebb.at\/index.php\/wp-json\/wp\/v2\/posts\/2286\/revisions\/2296"}],"wp:attachment":[{"href":"https:\/\/www.fw-oebb.at\/index.php\/wp-json\/wp\/v2\/media?parent=2286"}],"wp:term":[{"taxonomy":"category","embeddable":true,"href":"https:\/\/www.fw-oebb.at\/index.php\/wp-json\/wp\/v2\/categories?post=2286"},{"taxonomy":"post_tag","embeddable":true,"href":"https:\/\/www.fw-oebb.at\/index.php\/wp-json\/wp\/v2\/tags?post=2286"}],"curies":[{"name":"wp","href":"https:\/\/api.w.org\/{rel}","templated":true}]}}