{"id":2318,"date":"2019-05-02T20:03:07","date_gmt":"2019-05-02T19:03:07","guid":{"rendered":"https:\/\/www.fw-oebb.at\/?p=2318"},"modified":"2019-05-02T20:07:20","modified_gmt":"2019-05-02T19:07:20","slug":"einsatz-036-bahnhof-feldkirch-brandentwicklung-in-unterschlupf","status":"publish","type":"post","link":"https:\/\/www.fw-oebb.at\/index.php\/2019\/05\/02\/einsatz-036-bahnhof-feldkirch-brandentwicklung-in-unterschlupf\/","title":{"rendered":"Einsatz 036 &#8211; Bahnhof Feldkirch &#8211; Brandentwicklung in Unterschlupf"},"content":{"rendered":"<p>Alarmierung: 02.05.2019 um 18:46 Uhr &#8211; Stichwort: f2, r1<\/p>\n<p>Am fr\u00fchen Abend, des 02. Mai 2019 wurden wir gemeinsam mit der \u00f6rtlich zust\u00e4ndigen Feuerwehr Feldkirch-Stadt zu einem Brandeinsatz beim Bahnhof Feldkirch alarmiert. In einem Unterschlupf gerieten aus bislang unbekannter Ursache verschiedene Ablagerungen in Brand. Der Brand wurde von der Feuerwehr Feldkirch-Stadt abgel\u00f6scht. Unsere Aufgabe bestand darin, das betroffene Gleis f\u00fcr die Dauer der L\u00f6scharbeiten zu Sperren und die Brandstelle f\u00fcr die Polizei auszuleuchten.<\/p>\n<p>Im Einsatz standen: FW \u00d6BB mit KDO 1, VLF und KEF sowie die Feuerwehr Feldkirch-Stadt und die Polizei<\/p>\n<div class=\"wc-gallery\"><div class='wcflexslider-container wc-gallery-bottomspace-none wc-gallery-clear'><div id='gallery-1' class='gallery wc-gallery-captions-hide gallery-link-file wcflexslider wcsliderauto' data-gutter-width='0' data-columns='3' data-hide-controls='false'><ul class='slides'>\n\t\t\t\t<li class='gallery-item gallery-item-position-1 gallery-item-attachment-2320 wcflex-slide-item'>\n\t\t\t\t\t<div class='gallery-icon landscape'>\n\t\t\t\t\t\t<a href=\"https:\/\/www.fw-oebb.at\/wp-content\/uploads\/2019\/05\/20190502-E-1-Bahnhof-Feldkirch-Brand-Unterschlupf.jpg\" target=\"_self\"><img src='https:\/\/www.fw-oebb.at\/wp-content\/uploads\/2019\/05\/20190502-E-1-Bahnhof-Feldkirch-Brand-Unterschlupf-1100x500.jpg' width='1100' height='500' alt='' \/><\/a>\n\t\t\t\t\t<\/div><\/li>\n\t\t\t\t<li class='gallery-item gallery-item-position-2 gallery-item-attachment-2321 wcflex-slide-item'>\n\t\t\t\t\t<div class='gallery-icon landscape'>\n\t\t\t\t\t\t<a href=\"https:\/\/www.fw-oebb.at\/wp-content\/uploads\/2019\/05\/20190502-E-3-Bahnhof-Feldkirch-Brand-Unterschlupf.jpg\" target=\"_self\"><img src='https:\/\/www.fw-oebb.at\/wp-content\/uploads\/2019\/05\/20190502-E-3-Bahnhof-Feldkirch-Brand-Unterschlupf-1100x500.jpg' width='1100' height='500' alt='' \/><\/a>\n\t\t\t\t\t<\/div><\/li>\n\t\t\t\t<li class='gallery-item gallery-item-position-3 gallery-item-attachment-2323 wcflex-slide-item'>\n\t\t\t\t\t<div class='gallery-icon landscape'>\n\t\t\t\t\t\t<a href=\"https:\/\/www.fw-oebb.at\/wp-content\/uploads\/2019\/05\/20190502-E-7-Bahnhof-Feldkirch-Brand-Unterschlupf.jpg\" target=\"_self\"><img src='https:\/\/www.fw-oebb.at\/wp-content\/uploads\/2019\/05\/20190502-E-7-Bahnhof-Feldkirch-Brand-Unterschlupf-1100x500.jpg' width='1100' height='500' alt='' \/><\/a>\n\t\t\t\t\t<\/div><\/li><\/ul><\/div>\n<\/div>\n<\/div>\n","protected":false},"excerpt":{"rendered":"<p>Alarmierung: 02.05.2019 um 18:46 Uhr &#8211; Stichwort: f2, r1 Am fr\u00fchen Abend, des 02. Mai 2019 wurden wir gemeinsam mit der \u00f6rtlich [&hellip;]<\/p>\n","protected":false},"author":2,"featured_media":0,"comment_status":"closed","ping_status":"closed","sticky":false,"template":"","format":"standard","meta":{"ngg_post_thumbnail":0,"footnotes":""},"categories":[8,17],"tags":[],"class_list":["post-2318","post","type-post","status-publish","format-standard","hentry","category-einsatze","category-einsatze-2019"],"_links":{"self":[{"href":"https:\/\/www.fw-oebb.at\/index.php\/wp-json\/wp\/v2\/posts\/2318","targetHints":{"allow":["GET"]}}],"collection":[{"href":"https:\/\/www.fw-oebb.at\/index.php\/wp-json\/wp\/v2\/posts"}],"about":[{"href":"https:\/\/www.fw-oebb.at\/index.php\/wp-json\/wp\/v2\/types\/post"}],"author":[{"embeddable":true,"href":"https:\/\/www.fw-oebb.at\/index.php\/wp-json\/wp\/v2\/users\/2"}],"replies":[{"embeddable":true,"href":"https:\/\/www.fw-oebb.at\/index.php\/wp-json\/wp\/v2\/comments?post=2318"}],"version-history":[{"count":3,"href":"https:\/\/www.fw-oebb.at\/index.php\/wp-json\/wp\/v2\/posts\/2318\/revisions"}],"predecessor-version":[{"id":2324,"href":"https:\/\/www.fw-oebb.at\/index.php\/wp-json\/wp\/v2\/posts\/2318\/revisions\/2324"}],"wp:attachment":[{"href":"https:\/\/www.fw-oebb.at\/index.php\/wp-json\/wp\/v2\/media?parent=2318"}],"wp:term":[{"taxonomy":"category","embeddable":true,"href":"https:\/\/www.fw-oebb.at\/index.php\/wp-json\/wp\/v2\/categories?post=2318"},{"taxonomy":"post_tag","embeddable":true,"href":"https:\/\/www.fw-oebb.at\/index.php\/wp-json\/wp\/v2\/tags?post=2318"}],"curies":[{"name":"wp","href":"https:\/\/api.w.org\/{rel}","templated":true}]}}