{"id":2336,"date":"2019-05-11T10:49:14","date_gmt":"2019-05-11T09:49:14","guid":{"rendered":"https:\/\/www.fw-oebb.at\/?p=2336"},"modified":"2019-05-11T10:49:14","modified_gmt":"2019-05-11T09:49:14","slug":"09-05-2019-ausbildung-obb-loschzug-bludenz","status":"publish","type":"post","link":"https:\/\/www.fw-oebb.at\/index.php\/2019\/05\/11\/09-05-2019-ausbildung-obb-loschzug-bludenz\/","title":{"rendered":"09.05.2019 &#8211; Ausbildung \u00d6BB L\u00f6schzug Bludenz"},"content":{"rendered":"<p>Am 09. Mai 2019 stand eine weitere Ausbildungseinheit, diesmal zum Thema \u00d6BB L\u00f6sch- und Rettungszug, auf dem Programm. Ausbildner und Fahrzeugwart des L\u00f6schzuges Josef Nairz lehrte die interessierten Kameraden, wie der L\u00f6sch- bzw. Rettungszug f\u00fcr einen Einsatz vorbereitet bzw. wie die Einsatzbereitschaft nach einem Einsatz wieder hergestellt wird.<\/p>\n<p>Nach der anf\u00e4nglichen theoretischen Unterweisung musste in zweier Teams die Einsatzvorbereitung und der R\u00fcckbau dieser absolviert werden.<\/p>\n<p>Vielen Dank an Josef f\u00fcr die interessante Gestaltung dieser Ausbildungseinheit und auch vielen Dank den zahlreichen Kameraden f\u00fcr die Teilnahme.<\/p>\n<p>&nbsp;<\/p>\n","protected":false},"excerpt":{"rendered":"<p>Am 09. Mai 2019 stand eine weitere Ausbildungseinheit, diesmal zum Thema \u00d6BB L\u00f6sch- und Rettungszug, auf dem Programm. Ausbildner und Fahrzeugwart des [&hellip;]<\/p>\n","protected":false},"author":2,"featured_media":0,"comment_status":"closed","ping_status":"closed","sticky":false,"template":"","format":"standard","meta":{"ngg_post_thumbnail":0,"footnotes":""},"categories":[13,18],"tags":[],"class_list":["post-2336","post","type-post","status-publish","format-standard","hentry","category-ausbildung","category-ausbildung-2019"],"_links":{"self":[{"href":"https:\/\/www.fw-oebb.at\/index.php\/wp-json\/wp\/v2\/posts\/2336","targetHints":{"allow":["GET"]}}],"collection":[{"href":"https:\/\/www.fw-oebb.at\/index.php\/wp-json\/wp\/v2\/posts"}],"about":[{"href":"https:\/\/www.fw-oebb.at\/index.php\/wp-json\/wp\/v2\/types\/post"}],"author":[{"embeddable":true,"href":"https:\/\/www.fw-oebb.at\/index.php\/wp-json\/wp\/v2\/users\/2"}],"replies":[{"embeddable":true,"href":"https:\/\/www.fw-oebb.at\/index.php\/wp-json\/wp\/v2\/comments?post=2336"}],"version-history":[{"count":1,"href":"https:\/\/www.fw-oebb.at\/index.php\/wp-json\/wp\/v2\/posts\/2336\/revisions"}],"predecessor-version":[{"id":2337,"href":"https:\/\/www.fw-oebb.at\/index.php\/wp-json\/wp\/v2\/posts\/2336\/revisions\/2337"}],"wp:attachment":[{"href":"https:\/\/www.fw-oebb.at\/index.php\/wp-json\/wp\/v2\/media?parent=2336"}],"wp:term":[{"taxonomy":"category","embeddable":true,"href":"https:\/\/www.fw-oebb.at\/index.php\/wp-json\/wp\/v2\/categories?post=2336"},{"taxonomy":"post_tag","embeddable":true,"href":"https:\/\/www.fw-oebb.at\/index.php\/wp-json\/wp\/v2\/tags?post=2336"}],"curies":[{"name":"wp","href":"https:\/\/api.w.org\/{rel}","templated":true}]}}