{"id":2673,"date":"2019-09-17T09:12:16","date_gmt":"2019-09-17T08:12:16","guid":{"rendered":"https:\/\/www.fw-oebb.at\/?p=2673"},"modified":"2019-09-17T10:09:43","modified_gmt":"2019-09-17T09:09:43","slug":"14-09-2019-landeskatastrophen-ubung-zug19","status":"publish","type":"post","link":"https:\/\/www.fw-oebb.at\/index.php\/2019\/09\/17\/14-09-2019-landeskatastrophen-ubung-zug19\/","title":{"rendered":"14.09.2019 &#8211; Landeskatastrophen \u00dcbung &#8211; ZUG19"},"content":{"rendered":"<p>Am Samstag, dem 14.09.2019 fand das Highlight im heurigen \u00dcbungs- und Probenjahr statt. Die Landeskatastrophen \u00dcbung mit \u00fcber 550 beteiligten Personen fand in Lauterach statt. \u00dcbungsannahme war eine Kollision eines G\u00fcterzuges mit einem vollbesetzten Personenzug. Aus dem G\u00fcterzug trat in Folge des Zusammensto\u00dfes ein Gefahrenstoff aus und im Personenzug waren \u00fcber 100 Personen zu befreien. Soweit die \u00dcbungsannahme.<\/p>\n<p>Wie bei jedem Ereignis auf Bahnanlagen waren wir auch bei dieser \u00dcbung bei der Erstalarmierung mit dabei und waren nach der Ortsfeuerwehr Lauterach die zweite Feuerwehr am \u00dcbungsort. Sofort wurde durch den Einsatzleiter der Feuerwehr und unseren Zugskommandanten die Lage erkundet und die ersten Einsatzbefehle gegeben. Unser Aufgaben w\u00e4hrend der gesamten Dauer der \u00dcbung waren breit gestreut: Oberleitung erden, Zugverkehr einstellen, \u00d6BB Einsatzleiter unterst\u00fctzen, Mithilfe bei der Erkundung des Gefahrgutunfalles, Personenrettung aus den Z\u00fcgen, Mithilfe beim Abtransport der verletzten Personen, eine gro\u00dfe Zugangs\u00f6ffnung durch die Wagonwand herstellen, Unterst\u00fctzung und Beratung der nachr\u00fcckenden Einsatzkr\u00e4fte, &#8230;<\/p>\n<p>Nach rund 3,5 Stunden war die \u00dcbung zur Zufriedenheit der \u00dcbungsleitung abgearbeitet und es konnte mit dem Aufr\u00e4umen auf dem \u00dcbungsgel\u00e4nde begonnen werden. Nach dem Aufr\u00e4umen wechselten alle beteiligten Einsatzkr\u00e4fte und die \u00fcber 100 Verletztendarstelle in das nahegelegene ehemalige Werk der Technischen Services Wolfurt um ein st\u00e4rkendes Mitagessen zu genie\u00dfen.<\/p>\n<p>Wir bedanken uns bei allen an dieser \u00dcbung beteiligten Personen f\u00fcr die ausgezeichnete Zusammenarbeit und auch f\u00fcr die aufgewendete Zeit, sei es in der \u00dcbungsvor- und Nachbereitungen oder f\u00fcr die Mitarbeit bei der \u00dcbung selbst. Vielen Dank auch an Fabian H\u00f6rtner und Dietmar Mathis f\u00fcr die zur Verf\u00fcgungstellung der Fotos.<\/p>\n<div class=\"wc-gallery\"><div class='wcflexslider-container wc-gallery-bottomspace-none wc-gallery-clear'><div id='gallery-1' class='gallery wc-gallery-captions-hide gallery-link-file wcflexslider wcsliderauto' data-gutter-width='0' data-columns='3' data-hide-controls='false'><ul class='slides'>\n\t\t\t\t<li class='gallery-item gallery-item-position-1 gallery-item-attachment-2776 wcflex-slide-item'>\n\t\t\t\t\t<div class='gallery-icon landscape'>\n\t\t\t\t\t\t<a href=\"https:\/\/www.fw-oebb.at\/wp-content\/uploads\/2019\/09\/20190914-A-047-ZUG-19-Fotos-Dietmar-Mathis.jpg\" target=\"_self\"><img src='https:\/\/www.fw-oebb.at\/wp-content\/uploads\/2019\/09\/20190914-A-047-ZUG-19-Fotos-Dietmar-Mathis.jpg' width='751' height='500' alt='' \/><\/a>\n\t\t\t\t\t<\/div><\/li>\n\t\t\t\t<li class='gallery-item gallery-item-position-2 gallery-item-attachment-2775 wcflex-slide-item'>\n\t\t\t\t\t<div class='gallery-icon landscape'>\n\t\t\t\t\t\t<a href=\"https:\/\/www.fw-oebb.at\/wp-content\/uploads\/2019\/09\/20190914-A-045-ZUG-19.jpg\" target=\"_self\"><img src='https:\/\/www.fw-oebb.at\/wp-content\/uploads\/2019\/09\/20190914-A-045-ZUG-19.jpg' width='750' height='500' alt='' \/><\/a>\n\t\t\t\t\t<\/div><\/li>\n\t\t\t\t<li class='gallery-item gallery-item-position-3 gallery-item-attachment-2752 wcflex-slide-item'>\n\t\t\t\t\t<div class='gallery-icon landscape'>\n\t\t\t\t\t\t<a href=\"https:\/\/www.fw-oebb.at\/wp-content\/uploads\/2019\/09\/20190914-A-108-ZUG-19-Fotos-Dietmar-Mathis.jpg\" target=\"_self\"><img src='https:\/\/www.fw-oebb.at\/wp-content\/uploads\/2019\/09\/20190914-A-108-ZUG-19-Fotos-Dietmar-Mathis.jpg' width='751' height='500' alt='' \/><\/a>\n\t\t\t\t\t<\/div><\/li>\n\t\t\t\t<li class='gallery-item gallery-item-position-4 gallery-item-attachment-2781 wcflex-slide-item'>\n\t\t\t\t\t<div class='gallery-icon landscape'>\n\t\t\t\t\t\t<a href=\"https:\/\/www.fw-oebb.at\/wp-content\/uploads\/2019\/09\/20190914-A-090-ZUG-19.jpg\" target=\"_self\"><img src='https:\/\/www.fw-oebb.at\/wp-content\/uploads\/2019\/09\/20190914-A-090-ZUG-19.jpg' width='750' height='500' alt='' \/><\/a>\n\t\t\t\t\t<\/div><\/li>\n\t\t\t\t<li class='gallery-item gallery-item-position-5 gallery-item-attachment-2768 wcflex-slide-item'>\n\t\t\t\t\t<div class='gallery-icon landscape'>\n\t\t\t\t\t\t<a href=\"https:\/\/www.fw-oebb.at\/wp-content\/uploads\/2019\/09\/20190914-A-022-ZUG-19-Fotos-Dietmar-Mathis.jpg\" target=\"_self\"><img src='https:\/\/www.fw-oebb.at\/wp-content\/uploads\/2019\/09\/20190914-A-022-ZUG-19-Fotos-Dietmar-Mathis.jpg' width='751' height='500' alt='' \/><\/a>\n\t\t\t\t\t<\/div><\/li>\n\t\t\t\t<li class='gallery-item gallery-item-position-6 gallery-item-attachment-2758 wcflex-slide-item'>\n\t\t\t\t\t<div class='gallery-icon landscape'>\n\t\t\t\t\t\t<a href=\"https:\/\/www.fw-oebb.at\/wp-content\/uploads\/2019\/09\/20190914-A-154-ZUG-19.jpg\" target=\"_self\"><img src='https:\/\/www.fw-oebb.at\/wp-content\/uploads\/2019\/09\/20190914-A-154-ZUG-19.jpg' width='750' height='500' alt='' \/><\/a>\n\t\t\t\t\t<\/div><\/li>\n\t\t\t\t<li class='gallery-item gallery-item-position-7 gallery-item-attachment-2771 wcflex-slide-item'>\n\t\t\t\t\t<div class='gallery-icon landscape'>\n\t\t\t\t\t\t<a href=\"https:\/\/www.fw-oebb.at\/wp-content\/uploads\/2019\/09\/20190914-A-028-ZUG-19-Fotos-Fabian-H\u00f6rtner.jpg\" target=\"_self\"><img src='https:\/\/www.fw-oebb.at\/wp-content\/uploads\/2019\/09\/20190914-A-028-ZUG-19-Fotos-Fabian-H\u00f6rtner.jpg' width='751' height='500' alt='' \/><\/a>\n\t\t\t\t\t<\/div><\/li>\n\t\t\t\t<li class='gallery-item gallery-item-position-8 gallery-item-attachment-2761 wcflex-slide-item'>\n\t\t\t\t\t<div class='gallery-icon landscape'>\n\t\t\t\t\t\t<a href=\"https:\/\/www.fw-oebb.at\/wp-content\/uploads\/2019\/09\/20190914-A-159-ZUG-19-Fotos-Dietmar-Mathis.jpg\" target=\"_self\"><img src='https:\/\/www.fw-oebb.at\/wp-content\/uploads\/2019\/09\/20190914-A-159-ZUG-19-Fotos-Dietmar-Mathis.jpg' width='751' height='500' alt='' \/><\/a>\n\t\t\t\t\t<\/div><\/li>\n\t\t\t\t<li class='gallery-item gallery-item-position-9 gallery-item-attachment-2782 wcflex-slide-item'>\n\t\t\t\t\t<div class='gallery-icon landscape'>\n\t\t\t\t\t\t<a href=\"https:\/\/www.fw-oebb.at\/wp-content\/uploads\/2019\/09\/20190914-A-100-ZUG-19.jpg\" target=\"_self\"><img src='https:\/\/www.fw-oebb.at\/wp-content\/uploads\/2019\/09\/20190914-A-100-ZUG-19.jpg' width='750' height='500' alt='' \/><\/a>\n\t\t\t\t\t<\/div><\/li>\n\t\t\t\t<li class='gallery-item gallery-item-position-10 gallery-item-attachment-2763 wcflex-slide-item'>\n\t\t\t\t\t<div class='gallery-icon landscape'>\n\t\t\t\t\t\t<a href=\"https:\/\/www.fw-oebb.at\/wp-content\/uploads\/2019\/09\/20190914-A-214-ZUG-19-Fotos-Dietmar-Mathis.jpg\" target=\"_self\"><img src='https:\/\/www.fw-oebb.at\/wp-content\/uploads\/2019\/09\/20190914-A-214-ZUG-19-Fotos-Dietmar-Mathis.jpg' width='751' height='500' alt='' \/><\/a>\n\t\t\t\t\t<\/div><\/li>\n\t\t\t\t<li class='gallery-item gallery-item-position-11 gallery-item-attachment-2757 wcflex-slide-item'>\n\t\t\t\t\t<div class='gallery-icon landscape'>\n\t\t\t\t\t\t<a href=\"https:\/\/www.fw-oebb.at\/wp-content\/uploads\/2019\/09\/20190914-A-148-ZUG-19.jpg\" target=\"_self\"><img src='https:\/\/www.fw-oebb.at\/wp-content\/uploads\/2019\/09\/20190914-A-148-ZUG-19.jpg' width='750' height='500' alt='' \/><\/a>\n\t\t\t\t\t<\/div><\/li>\n\t\t\t\t<li class='gallery-item gallery-item-position-12 gallery-item-attachment-2764 wcflex-slide-item'>\n\t\t\t\t\t<div class='gallery-icon landscape'>\n\t\t\t\t\t\t<a href=\"https:\/\/www.fw-oebb.at\/wp-content\/uploads\/2019\/09\/20190914-A-300-ZUG-19-Fotos-Dietmar-Mathis.jpg\" target=\"_self\"><img src='https:\/\/www.fw-oebb.at\/wp-content\/uploads\/2019\/09\/20190914-A-300-ZUG-19-Fotos-Dietmar-Mathis.jpg' width='751' height='500' alt='' \/><\/a>\n\t\t\t\t\t<\/div><\/li>\n\t\t\t\t<li class='gallery-item gallery-item-position-13 gallery-item-attachment-2751 wcflex-slide-item'>\n\t\t\t\t\t<div class='gallery-icon landscape'>\n\t\t\t\t\t\t<a href=\"https:\/\/www.fw-oebb.at\/wp-content\/uploads\/2019\/09\/20190914-A-107-ZUG-19.jpg\" target=\"_self\"><img src='https:\/\/www.fw-oebb.at\/wp-content\/uploads\/2019\/09\/20190914-A-107-ZUG-19.jpg' width='750' height='500' alt='' \/><\/a>\n\t\t\t\t\t<\/div><\/li>\n\t\t\t\t<li class='gallery-item gallery-item-position-14 gallery-item-attachment-2780 wcflex-slide-item'>\n\t\t\t\t\t<div class='gallery-icon landscape'>\n\t\t\t\t\t\t<a href=\"https:\/\/www.fw-oebb.at\/wp-content\/uploads\/2019\/09\/20190914-A-084-ZUG-19-Fotos-Dietmar-Mathis.jpg\" target=\"_self\"><img src='https:\/\/www.fw-oebb.at\/wp-content\/uploads\/2019\/09\/20190914-A-084-ZUG-19-Fotos-Dietmar-Mathis.jpg' width='751' height='500' alt='' \/><\/a>\n\t\t\t\t\t<\/div><\/li>\n\t\t\t\t<li class='gallery-item gallery-item-position-15 gallery-item-attachment-2762 wcflex-slide-item'>\n\t\t\t\t\t<div class='gallery-icon landscape'>\n\t\t\t\t\t\t<a href=\"https:\/\/www.fw-oebb.at\/wp-content\/uploads\/2019\/09\/20190914-A-171-ZUG-19-Fotos-Dietmar-Mathis.jpg\" target=\"_self\"><img src='https:\/\/www.fw-oebb.at\/wp-content\/uploads\/2019\/09\/20190914-A-171-ZUG-19-Fotos-Dietmar-Mathis.jpg' width='751' height='500' alt='' \/><\/a>\n\t\t\t\t\t<\/div><\/li>\n\t\t\t\t<li class='gallery-item gallery-item-position-16 gallery-item-attachment-2772 wcflex-slide-item'>\n\t\t\t\t\t<div class='gallery-icon landscape'>\n\t\t\t\t\t\t<a href=\"https:\/\/www.fw-oebb.at\/wp-content\/uploads\/2019\/09\/20190914-A-029-ZUG-19-Fotos-Dietmar-Mathis.jpg\" target=\"_self\"><img src='https:\/\/www.fw-oebb.at\/wp-content\/uploads\/2019\/09\/20190914-A-029-ZUG-19-Fotos-Dietmar-Mathis.jpg' width='751' height='500' alt='' \/><\/a>\n\t\t\t\t\t<\/div><\/li>\n\t\t\t\t<li class='gallery-item gallery-item-position-17 gallery-item-attachment-2755 wcflex-slide-item'>\n\t\t\t\t\t<div class='gallery-icon landscape'>\n\t\t\t\t\t\t<a href=\"https:\/\/www.fw-oebb.at\/wp-content\/uploads\/2019\/09\/20190914-A-116-ZUG-19.jpg\" target=\"_self\"><img src='https:\/\/www.fw-oebb.at\/wp-content\/uploads\/2019\/09\/20190914-A-116-ZUG-19.jpg' width='750' height='500' alt='' \/><\/a>\n\t\t\t\t\t<\/div><\/li>\n\t\t\t\t<li class='gallery-item gallery-item-position-18 gallery-item-attachment-2766 wcflex-slide-item'>\n\t\t\t\t\t<div class='gallery-icon landscape'>\n\t\t\t\t\t\t<a href=\"https:\/\/www.fw-oebb.at\/wp-content\/uploads\/2019\/09\/20190914-A-002-ZUG-19.jpg\" target=\"_self\"><img src='https:\/\/www.fw-oebb.at\/wp-content\/uploads\/2019\/09\/20190914-A-002-ZUG-19.jpg' width='750' height='500' alt='' \/><\/a>\n\t\t\t\t\t<\/div><\/li>\n\t\t\t\t<li class='gallery-item gallery-item-position-19 gallery-item-attachment-2756 wcflex-slide-item'>\n\t\t\t\t\t<div class='gallery-icon landscape'>\n\t\t\t\t\t\t<a href=\"https:\/\/www.fw-oebb.at\/wp-content\/uploads\/2019\/09\/20190914-A-132-ZUG-19-Fotos-Dietmar-Mathis.jpg\" target=\"_self\"><img src='https:\/\/www.fw-oebb.at\/wp-content\/uploads\/2019\/09\/20190914-A-132-ZUG-19-Fotos-Dietmar-Mathis.jpg' width='751' height='500' alt='' \/><\/a>\n\t\t\t\t\t<\/div><\/li>\n\t\t\t\t<li class='gallery-item gallery-item-position-20 gallery-item-attachment-2759 wcflex-slide-item'>\n\t\t\t\t\t<div class='gallery-icon landscape'>\n\t\t\t\t\t\t<a href=\"https:\/\/www.fw-oebb.at\/wp-content\/uploads\/2019\/09\/20190914-A-155-ZUG-19-Fotos-Dietmar-Mathis.jpg\" target=\"_self\"><img src='https:\/\/www.fw-oebb.at\/wp-content\/uploads\/2019\/09\/20190914-A-155-ZUG-19-Fotos-Dietmar-Mathis.jpg' width='751' height='500' alt='' \/><\/a>\n\t\t\t\t\t<\/div><\/li>\n\t\t\t\t<li class='gallery-item gallery-item-position-21 gallery-item-attachment-2769 wcflex-slide-item'>\n\t\t\t\t\t<div class='gallery-icon landscape'>\n\t\t\t\t\t\t<a href=\"https:\/\/www.fw-oebb.at\/wp-content\/uploads\/2019\/09\/20190914-A-022-ZUG-19-Fotos-Fabian-H\u00f6rtner.jpg\" target=\"_self\"><img src='https:\/\/www.fw-oebb.at\/wp-content\/uploads\/2019\/09\/20190914-A-022-ZUG-19-Fotos-Fabian-H\u00f6rtner.jpg' width='751' height='500' alt='' \/><\/a>\n\t\t\t\t\t<\/div><\/li>\n\t\t\t\t<li class='gallery-item gallery-item-position-22 gallery-item-attachment-2760 wcflex-slide-item'>\n\t\t\t\t\t<div class='gallery-icon landscape'>\n\t\t\t\t\t\t<a href=\"https:\/\/www.fw-oebb.at\/wp-content\/uploads\/2019\/09\/20190914-A-157-ZUG-19-Fotos-Dietmar-Mathis.jpg\" target=\"_self\"><img src='https:\/\/www.fw-oebb.at\/wp-content\/uploads\/2019\/09\/20190914-A-157-ZUG-19-Fotos-Dietmar-Mathis.jpg' width='751' height='500' alt='' \/><\/a>\n\t\t\t\t\t<\/div><\/li>\n\t\t\t\t<li class='gallery-item gallery-item-position-23 gallery-item-attachment-2779 wcflex-slide-item'>\n\t\t\t\t\t<div class='gallery-icon landscape'>\n\t\t\t\t\t\t<a href=\"https:\/\/www.fw-oebb.at\/wp-content\/uploads\/2019\/09\/20190914-A-077-ZUG-19.jpg\" target=\"_self\"><img src='https:\/\/www.fw-oebb.at\/wp-content\/uploads\/2019\/09\/20190914-A-077-ZUG-19.jpg' width='750' height='500' alt='' \/><\/a>\n\t\t\t\t\t<\/div><\/li>\n\t\t\t\t<li class='gallery-item gallery-item-position-24 gallery-item-attachment-2750 wcflex-slide-item'>\n\t\t\t\t\t<div class='gallery-icon landscape'>\n\t\t\t\t\t\t<a href=\"https:\/\/www.fw-oebb.at\/wp-content\/uploads\/2019\/09\/20190914-A-101-ZUG-19-Fotos-Fabian-H\u00f6rtner.jpg\" target=\"_self\"><img src='https:\/\/www.fw-oebb.at\/wp-content\/uploads\/2019\/09\/20190914-A-101-ZUG-19-Fotos-Fabian-H\u00f6rtner.jpg' width='751' height='500' alt='' \/><\/a>\n\t\t\t\t\t<\/div><\/li>\n\t\t\t\t<li class='gallery-item gallery-item-position-25 gallery-item-attachment-2754 wcflex-slide-item'>\n\t\t\t\t\t<div class='gallery-icon landscape'>\n\t\t\t\t\t\t<a href=\"https:\/\/www.fw-oebb.at\/wp-content\/uploads\/2019\/09\/20190914-A-109-ZUG-19-Fotos-Fabian-H\u00f6rtner.jpg\" target=\"_self\"><img src='https:\/\/www.fw-oebb.at\/wp-content\/uploads\/2019\/09\/20190914-A-109-ZUG-19-Fotos-Fabian-H\u00f6rtner.jpg' width='751' height='500' alt='' \/><\/a>\n\t\t\t\t\t<\/div><\/li>\n\t\t\t\t<li class='gallery-item gallery-item-position-26 gallery-item-attachment-2774 wcflex-slide-item'>\n\t\t\t\t\t<div class='gallery-icon landscape'>\n\t\t\t\t\t\t<a href=\"https:\/\/www.fw-oebb.at\/wp-content\/uploads\/2019\/09\/20190914-A-038-ZUG-19.jpg\" target=\"_self\"><img src='https:\/\/www.fw-oebb.at\/wp-content\/uploads\/2019\/09\/20190914-A-038-ZUG-19.jpg' width='750' height='500' alt='' \/><\/a>\n\t\t\t\t\t<\/div><\/li>\n\t\t\t\t<li class='gallery-item gallery-item-position-27 gallery-item-attachment-2770 wcflex-slide-item'>\n\t\t\t\t\t<div class='gallery-icon landscape'>\n\t\t\t\t\t\t<a href=\"https:\/\/www.fw-oebb.at\/wp-content\/uploads\/2019\/09\/20190914-A-024-ZUG-19.jpg\" target=\"_self\"><img src='https:\/\/www.fw-oebb.at\/wp-content\/uploads\/2019\/09\/20190914-A-024-ZUG-19.jpg' width='750' height='500' alt='' \/><\/a>\n\t\t\t\t\t<\/div><\/li>\n\t\t\t\t<li class='gallery-item gallery-item-position-28 gallery-item-attachment-2773 wcflex-slide-item'>\n\t\t\t\t\t<div class='gallery-icon landscape'>\n\t\t\t\t\t\t<a href=\"https:\/\/www.fw-oebb.at\/wp-content\/uploads\/2019\/09\/20190914-A-029-ZUG-19.jpg\" target=\"_self\"><img src='https:\/\/www.fw-oebb.at\/wp-content\/uploads\/2019\/09\/20190914-A-029-ZUG-19.jpg' width='750' height='500' alt='' \/><\/a>\n\t\t\t\t\t<\/div><\/li>\n\t\t\t\t<li class='gallery-item gallery-item-position-29 gallery-item-attachment-2778 wcflex-slide-item'>\n\t\t\t\t\t<div class='gallery-icon landscape'>\n\t\t\t\t\t\t<a href=\"https:\/\/www.fw-oebb.at\/wp-content\/uploads\/2019\/09\/20190914-A-073-ZUG-19-Fotos-Fabian-H\u00f6rtner.jpg\" target=\"_self\"><img src='https:\/\/www.fw-oebb.at\/wp-content\/uploads\/2019\/09\/20190914-A-073-ZUG-19-Fotos-Fabian-H\u00f6rtner.jpg' width='751' height='500' alt='' \/><\/a>\n\t\t\t\t\t<\/div><\/li>\n\t\t\t\t<li class='gallery-item gallery-item-position-30 gallery-item-attachment-2765 wcflex-slide-item'>\n\t\t\t\t\t<div class='gallery-icon landscape'>\n\t\t\t\t\t\t<a href=\"https:\/\/www.fw-oebb.at\/wp-content\/uploads\/2019\/09\/20190914-A-304-ZUG-19-Fotos-Dietmar-Mathis.jpg\" target=\"_self\"><img src='https:\/\/www.fw-oebb.at\/wp-content\/uploads\/2019\/09\/20190914-A-304-ZUG-19-Fotos-Dietmar-Mathis.jpg' width='751' height='500' alt='' \/><\/a>\n\t\t\t\t\t<\/div><\/li>\n\t\t\t\t<li class='gallery-item gallery-item-position-31 gallery-item-attachment-2753 wcflex-slide-item'>\n\t\t\t\t\t<div class='gallery-icon landscape'>\n\t\t\t\t\t\t<a href=\"https:\/\/www.fw-oebb.at\/wp-content\/uploads\/2019\/09\/20190914-A-109-ZUG-19-Fotos-Dietmar-Mathis.jpg\" target=\"_self\"><img src='https:\/\/www.fw-oebb.at\/wp-content\/uploads\/2019\/09\/20190914-A-109-ZUG-19-Fotos-Dietmar-Mathis.jpg' width='751' height='500' alt='' \/><\/a>\n\t\t\t\t\t<\/div><\/li>\n\t\t\t\t<li class='gallery-item gallery-item-position-32 gallery-item-attachment-2767 wcflex-slide-item'>\n\t\t\t\t\t<div class='gallery-icon landscape'>\n\t\t\t\t\t\t<a href=\"https:\/\/www.fw-oebb.at\/wp-content\/uploads\/2019\/09\/20190914-A-006-ZUG-19.jpg\" target=\"_self\"><img src='https:\/\/www.fw-oebb.at\/wp-content\/uploads\/2019\/09\/20190914-A-006-ZUG-19.jpg' width='750' height='500' alt='' \/><\/a>\n\t\t\t\t\t<\/div><\/li>\n\t\t\t\t<li class='gallery-item gallery-item-position-33 gallery-item-attachment-2777 wcflex-slide-item'>\n\t\t\t\t\t<div class='gallery-icon landscape'>\n\t\t\t\t\t\t<a href=\"https:\/\/www.fw-oebb.at\/wp-content\/uploads\/2019\/09\/20190914-A-061-ZUG-19.jpg\" target=\"_self\"><img src='https:\/\/www.fw-oebb.at\/wp-content\/uploads\/2019\/09\/20190914-A-061-ZUG-19.jpg' width='750' height='500' alt='' \/><\/a>\n\t\t\t\t\t<\/div><\/li><\/ul><\/div>\n<\/div>\n<\/div>\n","protected":false},"excerpt":{"rendered":"<p>Am Samstag, dem 14.09.2019 fand das Highlight im heurigen \u00dcbungs- und Probenjahr statt. Die Landeskatastrophen \u00dcbung mit \u00fcber 550 beteiligten Personen fand [&hellip;]<\/p>\n","protected":false},"author":2,"featured_media":0,"comment_status":"closed","ping_status":"closed","sticky":false,"template":"","format":"standard","meta":{"ngg_post_thumbnail":0,"footnotes":""},"categories":[13,18],"tags":[],"class_list":["post-2673","post","type-post","status-publish","format-standard","hentry","category-ausbildung","category-ausbildung-2019"],"_links":{"self":[{"href":"https:\/\/www.fw-oebb.at\/index.php\/wp-json\/wp\/v2\/posts\/2673","targetHints":{"allow":["GET"]}}],"collection":[{"href":"https:\/\/www.fw-oebb.at\/index.php\/wp-json\/wp\/v2\/posts"}],"about":[{"href":"https:\/\/www.fw-oebb.at\/index.php\/wp-json\/wp\/v2\/types\/post"}],"author":[{"embeddable":true,"href":"https:\/\/www.fw-oebb.at\/index.php\/wp-json\/wp\/v2\/users\/2"}],"replies":[{"embeddable":true,"href":"https:\/\/www.fw-oebb.at\/index.php\/wp-json\/wp\/v2\/comments?post=2673"}],"version-history":[{"count":4,"href":"https:\/\/www.fw-oebb.at\/index.php\/wp-json\/wp\/v2\/posts\/2673\/revisions"}],"predecessor-version":[{"id":2675,"href":"https:\/\/www.fw-oebb.at\/index.php\/wp-json\/wp\/v2\/posts\/2673\/revisions\/2675"}],"wp:attachment":[{"href":"https:\/\/www.fw-oebb.at\/index.php\/wp-json\/wp\/v2\/media?parent=2673"}],"wp:term":[{"taxonomy":"category","embeddable":true,"href":"https:\/\/www.fw-oebb.at\/index.php\/wp-json\/wp\/v2\/categories?post=2673"},{"taxonomy":"post_tag","embeddable":true,"href":"https:\/\/www.fw-oebb.at\/index.php\/wp-json\/wp\/v2\/tags?post=2673"}],"curies":[{"name":"wp","href":"https:\/\/api.w.org\/{rel}","templated":true}]}}