{"id":2952,"date":"2019-11-10T15:16:23","date_gmt":"2019-11-10T14:16:23","guid":{"rendered":"https:\/\/www.fw-oebb.at\/?p=2952"},"modified":"2019-11-10T15:19:13","modified_gmt":"2019-11-10T14:19:13","slug":"08-09-11-2019-klausur-der-dienstgrade-und-ausschussmitglieder","status":"publish","type":"post","link":"https:\/\/www.fw-oebb.at\/index.php\/2019\/11\/10\/08-09-11-2019-klausur-der-dienstgrade-und-ausschussmitglieder\/","title":{"rendered":"08.-09.11.2019 &#8211; Klausur der Dienstgrade und Ausschussmitglieder"},"content":{"rendered":"<p>Von Freitag, 08.11. bis Samstag 09.11.2019 fand die diesj\u00e4hrige Klausur der Dienstgrade und Ausschussmitglieder der Feuerwehr \u00d6BB statt. Nach dem Zimmerbezug wurde ein Blick auf das vergangene Jahr geworfen, wobei jeder durchaus kritisch die eigenen Leistungen bewerten sollte. Nach dem R\u00fcckblick wurde ein gem\u00fctliches Abendessen genossen.<\/p>\n<p>Frisch gest\u00e4rkt wurde die Zeit danach f\u00fcr die Planung und Ausrichtung der Feuerwehr \u00d6BB in der Zukunft gen\u00fctzt. Neben dem Ausbildungs- und Veranstaltungskalender 2020 wurden auch die Funktion\u00e4re innerhalb unserer Reihen neu durchgeplant. Als dies alles erledigt war, war bereits die Nacht weit fortgeschritten und der erste Tag wurde in gem\u00fctlicher Atmosph\u00e4re abgeschlossen.<\/p>\n<p>Am n\u00e4chsten Tag standen nach dem Fr\u00fchst\u00fcck weitere wichtige Themen an. Die derzeit in Beschaffung befindlichen Fahrzeuge und Ger\u00e4tschaften wurden besprochen, die Personalpolitik wurde neu \u00fcberdacht und das 35 j\u00e4hrige Jubil\u00e4um unserer Wehr im Jahr 2020 wurde angesprochen.<\/p>\n<p>Nach dem Mittagessen stand dann die Kameradschaftspflege der Klausurteilnehmer im Mittelpunkt. Unser Kommando hat hierf\u00fcr eine F\u00fchrung durch das historische Bergwerk Bartholom\u00e4berg organisiert. Der B\u00fcrgermeister der Gemeinde Bartholom\u00e4berg Martin Vallaster sowie der Abschnittsfeuerwehrkommandant des Abschnittes 17 &#8211; Au\u00dfermontafon Alexander Loretz haben uns an diesem Nachmittag viel interessantes \u00fcber die jahrhundertealte Geschichte der Gemeinde Bartholom\u00e4berg sowie deren Bergbaugeschichte erz\u00e4hlt. Wir bedanken uns an dieser Stelle recht herzlich bei Martin Vallaster und Alexander Loretz f\u00fcr diesen wirklich interessanten und kameradschaftlichen Nachmittag bei euch in Bartholom\u00e4berg.<\/p>\n<p>Aber auch den Klausurteilnehmern gilt ein herzliches Danke auszusprechen. Ohne diesen kritischen Zeitgeist und die konstruktive Mitarbeit w\u00e4re eine kontinuierliche Weiterentwicklung der Feuerwehr \u00d6BB nicht m\u00f6glich.<\/p>\n<p>ngg_shortcode_0_placeholderngg_shortcode_1_placeholder<\/p>\n","protected":false},"excerpt":{"rendered":"<p>Von Freitag, 08.11. bis Samstag 09.11.2019 fand die diesj\u00e4hrige Klausur der Dienstgrade und Ausschussmitglieder der Feuerwehr \u00d6BB statt. Nach dem Zimmerbezug wurde [&hellip;]<\/p>\n","protected":false},"author":2,"featured_media":0,"comment_status":"closed","ping_status":"closed","sticky":false,"template":"","format":"standard","meta":{"ngg_post_thumbnail":0,"footnotes":""},"categories":[15],"tags":[],"class_list":["post-2952","post","type-post","status-publish","format-standard","hentry","category-news"],"_links":{"self":[{"href":"https:\/\/www.fw-oebb.at\/index.php\/wp-json\/wp\/v2\/posts\/2952","targetHints":{"allow":["GET"]}}],"collection":[{"href":"https:\/\/www.fw-oebb.at\/index.php\/wp-json\/wp\/v2\/posts"}],"about":[{"href":"https:\/\/www.fw-oebb.at\/index.php\/wp-json\/wp\/v2\/types\/post"}],"author":[{"embeddable":true,"href":"https:\/\/www.fw-oebb.at\/index.php\/wp-json\/wp\/v2\/users\/2"}],"replies":[{"embeddable":true,"href":"https:\/\/www.fw-oebb.at\/index.php\/wp-json\/wp\/v2\/comments?post=2952"}],"version-history":[{"count":4,"href":"https:\/\/www.fw-oebb.at\/index.php\/wp-json\/wp\/v2\/posts\/2952\/revisions"}],"predecessor-version":[{"id":2976,"href":"https:\/\/www.fw-oebb.at\/index.php\/wp-json\/wp\/v2\/posts\/2952\/revisions\/2976"}],"wp:attachment":[{"href":"https:\/\/www.fw-oebb.at\/index.php\/wp-json\/wp\/v2\/media?parent=2952"}],"wp:term":[{"taxonomy":"category","embeddable":true,"href":"https:\/\/www.fw-oebb.at\/index.php\/wp-json\/wp\/v2\/categories?post=2952"},{"taxonomy":"post_tag","embeddable":true,"href":"https:\/\/www.fw-oebb.at\/index.php\/wp-json\/wp\/v2\/tags?post=2952"}],"curies":[{"name":"wp","href":"https:\/\/api.w.org\/{rel}","templated":true}]}}