{"id":3267,"date":"2020-02-11T12:56:59","date_gmt":"2020-02-11T11:56:59","guid":{"rendered":"https:\/\/www.fw-oebb.at\/?p=3267"},"modified":"2020-02-11T15:39:52","modified_gmt":"2020-02-11T14:39:52","slug":"einsatz-020-obb-strecke-feldkirch-buchs-baum-auf-der-bahntrasse","status":"publish","type":"post","link":"https:\/\/www.fw-oebb.at\/index.php\/2020\/02\/11\/einsatz-020-obb-strecke-feldkirch-buchs-baum-auf-der-bahntrasse\/","title":{"rendered":"Einsatz 020 &#8211; \u00d6BB Strecke Feldkirch-Buchs &#8211; Baum auf der Bahntrasse"},"content":{"rendered":"<p>Alarmierung: 10.02.2020 um 23:52 Uhr &#8211; Stichwort: t2 f11<\/p>\n<p>Zum zweiten Mal des heutigen Tages wurde auch die Betriebsfeuerwehr um kurz vor Mitternacht zu einem Sturmschaden per Pager alarmiert. Nach der Erkundung durch die Einsatzkr\u00e4fte konnte festgestellt werden, dass ein Baum auf die Fahrleitung gest\u00fcrzt ist und diese Besch\u00e4digt hatte. Aufgrund der akuten Windwurfgefahr in diesem Bereich, konnten die Einsatzkr\u00e4fte vorerst vor Ort nicht weiter Eingreifen. Die B\u00e4ume wurden im Laufe des Tages von der Erhaltung der \u00d6BB Infrastruktur AG entfernt und die defekte Oberleitung repariert.<\/p>\n<p>Im Einsatz stand: FW \u00d6BB mit KEF, VLF, VF-C, MTF 1 und MTF 2 sowie die Ortsfeuerwehr Feldkirch Gisingen und die Bundespolizei Feldkirch.<\/p>\n","protected":false},"excerpt":{"rendered":"<p>Alarmierung: 10.02.2020 um 23:52 Uhr &#8211; Stichwort: t2 f11 Zum zweiten Mal des heutigen Tages wurde auch die Betriebsfeuerwehr um kurz vor [&hellip;]<\/p>\n","protected":false},"author":2,"featured_media":0,"comment_status":"closed","ping_status":"closed","sticky":false,"template":"","format":"standard","meta":{"ngg_post_thumbnail":0,"footnotes":""},"categories":[8,19],"tags":[],"class_list":["post-3267","post","type-post","status-publish","format-standard","hentry","category-einsatze","category-einsatze-2020"],"_links":{"self":[{"href":"https:\/\/www.fw-oebb.at\/index.php\/wp-json\/wp\/v2\/posts\/3267","targetHints":{"allow":["GET"]}}],"collection":[{"href":"https:\/\/www.fw-oebb.at\/index.php\/wp-json\/wp\/v2\/posts"}],"about":[{"href":"https:\/\/www.fw-oebb.at\/index.php\/wp-json\/wp\/v2\/types\/post"}],"author":[{"embeddable":true,"href":"https:\/\/www.fw-oebb.at\/index.php\/wp-json\/wp\/v2\/users\/2"}],"replies":[{"embeddable":true,"href":"https:\/\/www.fw-oebb.at\/index.php\/wp-json\/wp\/v2\/comments?post=3267"}],"version-history":[{"count":4,"href":"https:\/\/www.fw-oebb.at\/index.php\/wp-json\/wp\/v2\/posts\/3267\/revisions"}],"predecessor-version":[{"id":3298,"href":"https:\/\/www.fw-oebb.at\/index.php\/wp-json\/wp\/v2\/posts\/3267\/revisions\/3298"}],"wp:attachment":[{"href":"https:\/\/www.fw-oebb.at\/index.php\/wp-json\/wp\/v2\/media?parent=3267"}],"wp:term":[{"taxonomy":"category","embeddable":true,"href":"https:\/\/www.fw-oebb.at\/index.php\/wp-json\/wp\/v2\/categories?post=3267"},{"taxonomy":"post_tag","embeddable":true,"href":"https:\/\/www.fw-oebb.at\/index.php\/wp-json\/wp\/v2\/tags?post=3267"}],"curies":[{"name":"wp","href":"https:\/\/api.w.org\/{rel}","templated":true}]}}