{"id":3273,"date":"2020-02-11T14:25:13","date_gmt":"2020-02-11T13:25:13","guid":{"rendered":"https:\/\/www.fw-oebb.at\/?p=3273"},"modified":"2020-02-11T16:20:29","modified_gmt":"2020-02-11T15:20:29","slug":"08-02-2020-34-jahreshauptversammlung-fw-obb","status":"publish","type":"post","link":"https:\/\/www.fw-oebb.at\/index.php\/2020\/02\/11\/08-02-2020-34-jahreshauptversammlung-fw-obb\/","title":{"rendered":"08.02.2020 &#8211; 34. Jahreshauptversammlung FW \u00d6BB"},"content":{"rendered":"<p>Die 34. Jahreshauptversammlung der Feuerwehr \u00d6BB fand am 08. Februar 2020 um 19:00 Uhr im Schulungssaal im St\u00fctzpunkt Wolfurt statt. Neben den Mitgliedern der \u00d6BB konnte eine gro\u00dfe Abordnung an Ehreng\u00e4sten von Seiten \u00d6BB, dem Landesfeuerwehrverband Vorarlberg sowie von benachbarten und befreundeten Hilfs- und Rettungsorganisationen begr\u00fc\u00dft werden.<\/p>\n<p>Gleich zu Beginn gedachte die Versammlung unserem im letzten Jahr verstorbenem Ehren und Gr\u00fcndungsmitglied RegR Heinrich Zelewitz. Ihm zu Ehren z\u00fcndete Kommandant Markus eine Kerze an und bat um eine Gedenkminute.<\/p>\n<p>Im Bericht des Kommandanten wurde auf das arbeitsreiche Jahr 2019 zur\u00fcckgeblickt. Im Berichtsjahr bestand die Feuerwehr \u00d6BB aus insgesamt 68 Mann (61 Aktive-, 3 Ehren- und 4 Passiven Mitgliedern). Besonders hervorgehoben wurde, dass 53 Feuerwehrm\u00e4nner als sogenannte Gastfeuerwehrm\u00e4nner gef\u00fchrt sind. Diese Gastfeuerwehrm\u00e4nner sind nicht bei den \u00d6BB angestellt, aber&nbsp; Mitglied bei anderen Hilfsorganisationen und bringen ihr Wissen und K\u00f6nnen in die Feuerwehr \u00d6BB mit ein und sind ein erheblicher Bestandteil der Schlagkraft der Feuerwehr \u00d6BB.<br \/>\nDes Weiteren wurde von Kommandant Markus berichtet, dass es im Jahr 2019 einen Gesamtaufwand von 4.197 Stunden gegeben hat und 108 unterschiedlichste Eins\u00e4tze positiv abgearbeitet werden konnten.<\/p>\n<p>Anschlie\u00dfend an den Bericht des Kommandanten folgte der Bericht der Ausbildung, welcher von Kommandant Stellvertreter Alexander Lorenzi vorgetragen wurde. Im Jahr 2019 wurden 15 Proben &amp; Schulungen abgehalten, an welchen 262 Kameraden teilgenommen haben. Dies ergibt eine Gesamtstundenanzahl von 917 Stunden. Neben den verschiedenen \u00dcbungen wurden auch viele Lehrg\u00e4nge am Feuerwehrausbildungszentrum in Feldkirch besucht. Ein gro\u00dfes Highlight in Punkto Ausbildung war sicherlich die Landeskatastrophen\u00fcbung &#8222;ZUG 19&#8220; in Lauterach, an welcher die FW \u00d6BB sowohl in der Vorbereitung, als auch in der Abarbeitungen ma\u00dfgeblich beteiligt war. Aber auch bei den Bewerben waren die Mitglieder der Feuerwehr \u00d6BB stark vertreten. Der Feuerwehrleistungsbewerb in Gold, die Atemschutzleistungspr\u00fcfung in Bronze, Silber und Gold sowie diverse Einzelbewerbe wurden alle positiv absolviert.<\/p>\n<p>Im Bericht der Mannschaft berichtete Mannschaftsvertreter Norbert F\u00e4ssler \u00fcber die kameradschaftlichen Aktivit\u00e4ten des vergangenen Jahres. Bevor er aber mit seinem Bericht begonnen hat, hat Norbert F\u00e4ssler in gewohnter Manier einen kurze Geschichte zum Nachdenken vorgetragen. Nach dieser Geschichte wurde der Versammlung ein kurzer \u00dcberblick der Highlights im Jahr 2019 aus kameradschaftlicher Sicht vorgetragen. Dies waren unter anderem der Infoabend 2019, der Wintersporttag, das Hilfsprojekt Moldawien 2019 bei welchem unser alter Nissan Note \u00fcberstellt werden konnte und das Jahresabschlussessen.<\/p>\n<p>Der Kassabericht wurde diesmal auf Grund von Unp\u00e4sslichkeit des Kassiers Harald Frener in Vertretung durch Schriftf\u00fchrer Dominik Frommherz vorgetragen. Dominik berichtet \u00fcber die eingesetzten Geldmittel im Jahr 2019 und die Aufteilung dieser in die einzelnen Positionen.<\/p>\n<p>Im Tagesordnungspunkt 10 standen seit langer Zeit wieder einmal Angelobungen an. Alexander Zangerl sowie Seraphin Praxmarer, beide bei \u00d6BB angestellt, konnten als Quereinsteiger gewonnen werden und wurden an diesem Abend offiziell als Feuerwehrm\u00e4nner angelobt. Des Weiteren wurden in diesem Tagesordnungspunkt Christian Ortler vom Feuerwehrmann zum Oberfeuerwehrmann bef\u00f6rdert. Den Kameraden, welche im vergangenen Jahr besonders flei\u00dfig an den Proben bzw. Eins\u00e4tzen teilgenommen haben, wurde von Regionalleiter Gerfried Neurauter als kleines Dankesch\u00f6n ein Present \u00fcbergeben.<\/p>\n<p>Nach den Gru\u00dfworten der G\u00e4ste schloss Kommandant Markus Mayr um 21:25 Uhr die 34. Jahreshauptversammlung der Feuerwehr \u00d6BB mit dem Wahlspruch der Feuerwehr \u201eGott zur Ehr, dem n\u00e4chsten zur Wehr\u201c<\/p>\nngg_shortcode_0_placeholder\n","protected":false},"excerpt":{"rendered":"<p>Die 34. Jahreshauptversammlung der Feuerwehr \u00d6BB fand am 08. Februar 2020 um 19:00 Uhr im Schulungssaal im St\u00fctzpunkt Wolfurt statt. Neben den [&hellip;]<\/p>\n","protected":false},"author":2,"featured_media":0,"comment_status":"closed","ping_status":"closed","sticky":false,"template":"","format":"standard","meta":{"ngg_post_thumbnail":0,"footnotes":""},"categories":[15],"tags":[],"class_list":["post-3273","post","type-post","status-publish","format-standard","hentry","category-news"],"_links":{"self":[{"href":"https:\/\/www.fw-oebb.at\/index.php\/wp-json\/wp\/v2\/posts\/3273","targetHints":{"allow":["GET"]}}],"collection":[{"href":"https:\/\/www.fw-oebb.at\/index.php\/wp-json\/wp\/v2\/posts"}],"about":[{"href":"https:\/\/www.fw-oebb.at\/index.php\/wp-json\/wp\/v2\/types\/post"}],"author":[{"embeddable":true,"href":"https:\/\/www.fw-oebb.at\/index.php\/wp-json\/wp\/v2\/users\/2"}],"replies":[{"embeddable":true,"href":"https:\/\/www.fw-oebb.at\/index.php\/wp-json\/wp\/v2\/comments?post=3273"}],"version-history":[{"count":6,"href":"https:\/\/www.fw-oebb.at\/index.php\/wp-json\/wp\/v2\/posts\/3273\/revisions"}],"predecessor-version":[{"id":3303,"href":"https:\/\/www.fw-oebb.at\/index.php\/wp-json\/wp\/v2\/posts\/3273\/revisions\/3303"}],"wp:attachment":[{"href":"https:\/\/www.fw-oebb.at\/index.php\/wp-json\/wp\/v2\/media?parent=3273"}],"wp:term":[{"taxonomy":"category","embeddable":true,"href":"https:\/\/www.fw-oebb.at\/index.php\/wp-json\/wp\/v2\/categories?post=3273"},{"taxonomy":"post_tag","embeddable":true,"href":"https:\/\/www.fw-oebb.at\/index.php\/wp-json\/wp\/v2\/tags?post=3273"}],"curies":[{"name":"wp","href":"https:\/\/api.w.org\/{rel}","templated":true}]}}