{"id":3424,"date":"2020-04-19T17:36:11","date_gmt":"2020-04-19T16:36:11","guid":{"rendered":"https:\/\/www.fw-oebb.at\/?p=3424"},"modified":"2020-04-19T17:36:11","modified_gmt":"2020-04-19T16:36:11","slug":"einsatz-031-obb-strecke-bludenz-wald-am-arlberg-loschzug-vorsorgefahrt","status":"publish","type":"post","link":"https:\/\/www.fw-oebb.at\/index.php\/2020\/04\/19\/einsatz-031-obb-strecke-bludenz-wald-am-arlberg-loschzug-vorsorgefahrt\/","title":{"rendered":"Einsatz 031 &#8211; \u00d6BB Strecke Bludenz-Wald am Arlberg &#8211; L\u00f6schzug Vorsorgefahrt"},"content":{"rendered":"<p>Alarmierung: 18.04.2020 um 11:00 Uhr \u2013 Stichwort: f11<\/p>\n<p>Auf Grund der ausbleibenden Niederschl\u00e4ge und der damit verbundenen Trockenheit wurde am 18.04.2020 eine weitere L\u00f6schzug Vorsorgefahrt im Bereich Bludenz-Wald am Arlberg durchgef\u00fchrt. Auf der gesamten Strecke wurden rund 80.000 Liter Wasser vorsorglich aufgebracht. Zum Schutz der Einsatzmannschaft wurde jede am Einsatz beteiligte Person mit einem Mundschutz ausgestattet. Zudem wurde auch so gut wie m\u00f6glich darauf geachtet, dass der Abstand von mindestens 1 Meter eingehalten wurde. Zwischen den ehemaligen Haltestellen Hintergasse und Dalaas befindet sich ein Hydrant, bei welchem immer der Wassertank wieder aufgef\u00fcllt wird. Dieser Hydrant wurde an diesem Tag ausgeholzt und die Zug\u00e4nglichkeit erleichtert. Des Weiteren wurde eine L\u00f6schbox in diesem Bereich aufgestellt, in welchem Material f\u00fcr einen Einsatz in diesem Bereich hinterlegt ist.<\/p>\n<p>Da derzeit keine Besserung der Wetterlage in Aussicht ist, werden in n\u00e4chster Zeit weitere Vorsorgefahrten entlang der Arlbergstrecke durchgef\u00fchrt. Durch das anhaltend sch\u00f6ne Wetter steigt die Waldbrandgefahr merklich an. Jeder einzelne kann hier mithelfen indem er auf den Wegen bleibt, auf Rauchen und offenes Feuer in den W\u00e4ldern verzichtet und auch nichts in die Natur wirft.&nbsp;<\/p>\n<p>Bleibt zu Hause \u2013 wir sind f\u00fcr euch im Einsatz.<\/p>\n<p>Im Einsatz stand: FW \u00d6BB mit dem L\u00f6schzug, KDO 1, KDO 2, MTF und ULF<\/p>\n<div class=\"wc-gallery\"><div class='wcflexslider-container wc-gallery-bottomspace-none wc-gallery-clear'><div id='gallery-1' class='gallery wc-gallery-captions-hide gallery-link-file wcflexslider wcsliderauto' data-gutter-width='0' data-columns='3' data-hide-controls='false'><ul class='slides'>\n\t\t\t\t<li class='gallery-item gallery-item-position-1 gallery-item-attachment-3425 wcflex-slide-item'>\n\t\t\t\t\t<div class='gallery-icon landscape'>\n\t\t\t\t\t\t<a href=\"https:\/\/www.fw-oebb.at\/wp-content\/uploads\/2020\/04\/20200418-E-26-Vorsorgefahrt.jpg\" target=\"_self\"><img src='https:\/\/www.fw-oebb.at\/wp-content\/uploads\/2020\/04\/20200418-E-26-Vorsorgefahrt-1100x500.jpg' width='1100' height='500' alt='' \/><\/a>\n\t\t\t\t\t<\/div><\/li>\n\t\t\t\t<li class='gallery-item gallery-item-position-2 gallery-item-attachment-3426 wcflex-slide-item'>\n\t\t\t\t\t<div class='gallery-icon landscape'>\n\t\t\t\t\t\t<a href=\"https:\/\/www.fw-oebb.at\/wp-content\/uploads\/2020\/04\/20200418-E-27-Vorsorgefahrt.jpg\" target=\"_self\"><img src='https:\/\/www.fw-oebb.at\/wp-content\/uploads\/2020\/04\/20200418-E-27-Vorsorgefahrt-1100x500.jpg' width='1100' height='500' alt='' \/><\/a>\n\t\t\t\t\t<\/div><\/li>\n\t\t\t\t<li class='gallery-item gallery-item-position-3 gallery-item-attachment-3427 wcflex-slide-item'>\n\t\t\t\t\t<div class='gallery-icon portrait'>\n\t\t\t\t\t\t<a href=\"https:\/\/www.fw-oebb.at\/wp-content\/uploads\/2020\/04\/20200418-E-28-Vorsorgefahrt.jpg\" target=\"_self\"><img src='https:\/\/www.fw-oebb.at\/wp-content\/uploads\/2020\/04\/20200418-E-28-Vorsorgefahrt-1100x500.jpg' width='1100' height='500' alt='' \/><\/a>\n\t\t\t\t\t<\/div><\/li>\n\t\t\t\t<li class='gallery-item gallery-item-position-4 gallery-item-attachment-3428 wcflex-slide-item'>\n\t\t\t\t\t<div class='gallery-icon landscape'>\n\t\t\t\t\t\t<a href=\"https:\/\/www.fw-oebb.at\/wp-content\/uploads\/2020\/04\/20200418-E-30-Vorsorgefahrt.jpg\" target=\"_self\"><img src='https:\/\/www.fw-oebb.at\/wp-content\/uploads\/2020\/04\/20200418-E-30-Vorsorgefahrt-1100x500.jpg' width='1100' height='500' alt='' \/><\/a>\n\t\t\t\t\t<\/div><\/li>\n\t\t\t\t<li class='gallery-item gallery-item-position-5 gallery-item-attachment-3429 wcflex-slide-item'>\n\t\t\t\t\t<div class='gallery-icon portrait'>\n\t\t\t\t\t\t<a href=\"https:\/\/www.fw-oebb.at\/wp-content\/uploads\/2020\/04\/20200418-E-06-Vorsorgefahrt.jpg\" target=\"_self\"><img src='https:\/\/www.fw-oebb.at\/wp-content\/uploads\/2020\/04\/20200418-E-06-Vorsorgefahrt-768x500.jpg' width='768' height='500' alt='' \/><\/a>\n\t\t\t\t\t<\/div><\/li>\n\t\t\t\t<li class='gallery-item gallery-item-position-6 gallery-item-attachment-3430 wcflex-slide-item'>\n\t\t\t\t\t<div class='gallery-icon portrait'>\n\t\t\t\t\t\t<a href=\"https:\/\/www.fw-oebb.at\/wp-content\/uploads\/2020\/04\/20200418-E-14-Vorsorgefahrt.jpg\" target=\"_self\"><img src='https:\/\/www.fw-oebb.at\/wp-content\/uploads\/2020\/04\/20200418-E-14-Vorsorgefahrt-768x500.jpg' width='768' height='500' alt='' \/><\/a>\n\t\t\t\t\t<\/div><\/li>\n\t\t\t\t<li class='gallery-item gallery-item-position-7 gallery-item-attachment-3431 wcflex-slide-item'>\n\t\t\t\t\t<div class='gallery-icon portrait'>\n\t\t\t\t\t\t<a href=\"https:\/\/www.fw-oebb.at\/wp-content\/uploads\/2020\/04\/20200418-E-15-Vorsorgefahrt.jpg\" target=\"_self\"><img src='https:\/\/www.fw-oebb.at\/wp-content\/uploads\/2020\/04\/20200418-E-15-Vorsorgefahrt-768x500.jpg' width='768' height='500' alt='' \/><\/a>\n\t\t\t\t\t<\/div><\/li>\n\t\t\t\t<li class='gallery-item gallery-item-position-8 gallery-item-attachment-3432 wcflex-slide-item'>\n\t\t\t\t\t<div class='gallery-icon portrait'>\n\t\t\t\t\t\t<a href=\"https:\/\/www.fw-oebb.at\/wp-content\/uploads\/2020\/04\/20200418-E-18-Vorsorgefahrt.jpg\" target=\"_self\"><img src='https:\/\/www.fw-oebb.at\/wp-content\/uploads\/2020\/04\/20200418-E-18-Vorsorgefahrt-721x500.jpg' width='721' height='500' alt='' \/><\/a>\n\t\t\t\t\t<\/div><\/li>\n\t\t\t\t<li class='gallery-item gallery-item-position-9 gallery-item-attachment-3433 wcflex-slide-item'>\n\t\t\t\t\t<div class='gallery-icon landscape'>\n\t\t\t\t\t\t<a href=\"https:\/\/www.fw-oebb.at\/wp-content\/uploads\/2020\/04\/20200418-E-20-Vorsorgefahrt.jpg\" target=\"_self\"><img src='https:\/\/www.fw-oebb.at\/wp-content\/uploads\/2020\/04\/20200418-E-20-Vorsorgefahrt-1024x500.jpg' width='1024' height='500' alt='' \/><\/a>\n\t\t\t\t\t<\/div><\/li>\n\t\t\t\t<li class='gallery-item gallery-item-position-10 gallery-item-attachment-3434 wcflex-slide-item'>\n\t\t\t\t\t<div class='gallery-icon landscape'>\n\t\t\t\t\t\t<a href=\"https:\/\/www.fw-oebb.at\/wp-content\/uploads\/2020\/04\/20200418-E-22-Vorsorgefahrt.jpg\" target=\"_self\"><img src='https:\/\/www.fw-oebb.at\/wp-content\/uploads\/2020\/04\/20200418-E-22-Vorsorgefahrt-1100x500.jpg' width='1100' height='500' alt='' \/><\/a>\n\t\t\t\t\t<\/div><\/li><\/ul><\/div>\n<\/div>\n<\/div>\n","protected":false},"excerpt":{"rendered":"<p>Alarmierung: 18.04.2020 um 11:00 Uhr \u2013 Stichwort: f11 Auf Grund der ausbleibenden Niederschl\u00e4ge und der damit verbundenen Trockenheit wurde am 18.04.2020 eine [&hellip;]<\/p>\n","protected":false},"author":2,"featured_media":0,"comment_status":"closed","ping_status":"closed","sticky":false,"template":"","format":"standard","meta":{"ngg_post_thumbnail":0,"footnotes":""},"categories":[8,19],"tags":[],"class_list":["post-3424","post","type-post","status-publish","format-standard","hentry","category-einsatze","category-einsatze-2020"],"_links":{"self":[{"href":"https:\/\/www.fw-oebb.at\/index.php\/wp-json\/wp\/v2\/posts\/3424","targetHints":{"allow":["GET"]}}],"collection":[{"href":"https:\/\/www.fw-oebb.at\/index.php\/wp-json\/wp\/v2\/posts"}],"about":[{"href":"https:\/\/www.fw-oebb.at\/index.php\/wp-json\/wp\/v2\/types\/post"}],"author":[{"embeddable":true,"href":"https:\/\/www.fw-oebb.at\/index.php\/wp-json\/wp\/v2\/users\/2"}],"replies":[{"embeddable":true,"href":"https:\/\/www.fw-oebb.at\/index.php\/wp-json\/wp\/v2\/comments?post=3424"}],"version-history":[{"count":2,"href":"https:\/\/www.fw-oebb.at\/index.php\/wp-json\/wp\/v2\/posts\/3424\/revisions"}],"predecessor-version":[{"id":3436,"href":"https:\/\/www.fw-oebb.at\/index.php\/wp-json\/wp\/v2\/posts\/3424\/revisions\/3436"}],"wp:attachment":[{"href":"https:\/\/www.fw-oebb.at\/index.php\/wp-json\/wp\/v2\/media?parent=3424"}],"wp:term":[{"taxonomy":"category","embeddable":true,"href":"https:\/\/www.fw-oebb.at\/index.php\/wp-json\/wp\/v2\/categories?post=3424"},{"taxonomy":"post_tag","embeddable":true,"href":"https:\/\/www.fw-oebb.at\/index.php\/wp-json\/wp\/v2\/tags?post=3424"}],"curies":[{"name":"wp","href":"https:\/\/api.w.org\/{rel}","templated":true}]}}