{"id":3437,"date":"2020-04-21T17:21:48","date_gmt":"2020-04-21T16:21:48","guid":{"rendered":"https:\/\/www.fw-oebb.at\/?p=3437"},"modified":"2020-04-21T17:21:48","modified_gmt":"2020-04-21T16:21:48","slug":"einsatz-032-obb-strecke-bludenz-wald-am-arlberg-loschzug-vorsorgefahrt","status":"publish","type":"post","link":"https:\/\/www.fw-oebb.at\/index.php\/2020\/04\/21\/einsatz-032-obb-strecke-bludenz-wald-am-arlberg-loschzug-vorsorgefahrt\/","title":{"rendered":"Einsatz 032 &#8211; \u00d6BB Strecke Bludenz-Wald am Arlberg \u2013 L\u00f6schzug Vorsorgefahrt"},"content":{"rendered":"<p>Alarmierung: 21.04.2020 um 12:30 Uhr &#8211; Stichwort: f11<\/p>\n<p>Am 21.04.2020 wurde eine weitere L\u00f6schzug Vorsorgefahrt auf der \u00d6BB Arlbergbahnstrecke von Bludenz nach Wald am Arlberg durchgef\u00fchrt, da es in letzter Zeit keine nennenswerten Niederschl\u00e4ge gegeben hat. Auf der gesamten Strecke wurden rund 75.000 Liter Wasser vorsorglich aufgebracht.<\/p>\n<p>Im Einsatz standen: FW \u00d6BB mit \u00d6BB L\u00f6schzug sowie KDO 1, KDO 2, MTF und VF-C<\/p>\n<div class=\"wc-gallery\"><div class='wcflexslider-container wc-gallery-bottomspace-none wc-gallery-clear'><div id='gallery-1' class='gallery wc-gallery-captions-hide gallery-link-file wcflexslider wcsliderauto' data-gutter-width='0' data-columns='3' data-hide-controls='false'><ul class='slides'>\n\t\t\t\t<li class='gallery-item gallery-item-position-1 gallery-item-attachment-3438 wcflex-slide-item'>\n\t\t\t\t\t<div class='gallery-icon landscape'>\n\t\t\t\t\t\t<a href=\"https:\/\/www.fw-oebb.at\/wp-content\/uploads\/2020\/04\/20200421-E-23-Vorsorgefahrt.jpg\" target=\"_self\"><img src='https:\/\/www.fw-oebb.at\/wp-content\/uploads\/2020\/04\/20200421-E-23-Vorsorgefahrt-1100x500.jpg' width='1100' height='500' alt='' \/><\/a>\n\t\t\t\t\t<\/div><\/li>\n\t\t\t\t<li class='gallery-item gallery-item-position-2 gallery-item-attachment-3439 wcflex-slide-item'>\n\t\t\t\t\t<div class='gallery-icon landscape'>\n\t\t\t\t\t\t<a href=\"https:\/\/www.fw-oebb.at\/wp-content\/uploads\/2020\/04\/20200421-E-03-Vorsorgefahrt-scaled.jpg\" target=\"_self\"><img src='https:\/\/www.fw-oebb.at\/wp-content\/uploads\/2020\/04\/20200421-E-03-Vorsorgefahrt-1100x500.jpg' width='1100' height='500' alt='' \/><\/a>\n\t\t\t\t\t<\/div><\/li>\n\t\t\t\t<li class='gallery-item gallery-item-position-3 gallery-item-attachment-3440 wcflex-slide-item'>\n\t\t\t\t\t<div class='gallery-icon landscape'>\n\t\t\t\t\t\t<a href=\"https:\/\/www.fw-oebb.at\/wp-content\/uploads\/2020\/04\/20200421-E-07-Vorsorgefahrt-scaled.jpg\" target=\"_self\"><img src='https:\/\/www.fw-oebb.at\/wp-content\/uploads\/2020\/04\/20200421-E-07-Vorsorgefahrt-1100x500.jpg' width='1100' height='500' alt='' \/><\/a>\n\t\t\t\t\t<\/div><\/li>\n\t\t\t\t<li class='gallery-item gallery-item-position-4 gallery-item-attachment-3441 wcflex-slide-item'>\n\t\t\t\t\t<div class='gallery-icon landscape'>\n\t\t\t\t\t\t<a href=\"https:\/\/www.fw-oebb.at\/wp-content\/uploads\/2020\/04\/20200421-E-11-Vorsorgefahrt.jpg\" target=\"_self\"><img src='https:\/\/www.fw-oebb.at\/wp-content\/uploads\/2020\/04\/20200421-E-11-Vorsorgefahrt-1100x500.jpg' width='1100' height='500' alt='' \/><\/a>\n\t\t\t\t\t<\/div><\/li>\n\t\t\t\t<li class='gallery-item gallery-item-position-5 gallery-item-attachment-3442 wcflex-slide-item'>\n\t\t\t\t\t<div class='gallery-icon landscape'>\n\t\t\t\t\t\t<a href=\"https:\/\/www.fw-oebb.at\/wp-content\/uploads\/2020\/04\/20200421-E-14-Vorsorgefahrt.jpg\" target=\"_self\"><img src='https:\/\/www.fw-oebb.at\/wp-content\/uploads\/2020\/04\/20200421-E-14-Vorsorgefahrt-1100x500.jpg' width='1100' height='500' alt='' \/><\/a>\n\t\t\t\t\t<\/div><\/li>\n\t\t\t\t<li class='gallery-item gallery-item-position-6 gallery-item-attachment-3443 wcflex-slide-item'>\n\t\t\t\t\t<div class='gallery-icon landscape'>\n\t\t\t\t\t\t<a href=\"https:\/\/www.fw-oebb.at\/wp-content\/uploads\/2020\/04\/20200421-E-20-Vorsorgefahrt.jpg\" target=\"_self\"><img src='https:\/\/www.fw-oebb.at\/wp-content\/uploads\/2020\/04\/20200421-E-20-Vorsorgefahrt-1100x500.jpg' width='1100' height='500' alt='' \/><\/a>\n\t\t\t\t\t<\/div><\/li><\/ul><\/div>\n<\/div>\n<\/div>\n","protected":false},"excerpt":{"rendered":"<p>Alarmierung: 21.04.2020 um 12:30 Uhr &#8211; Stichwort: f11 Am 21.04.2020 wurde eine weitere L\u00f6schzug Vorsorgefahrt auf der \u00d6BB Arlbergbahnstrecke von Bludenz nach [&hellip;]<\/p>\n","protected":false},"author":2,"featured_media":0,"comment_status":"closed","ping_status":"closed","sticky":false,"template":"","format":"standard","meta":{"ngg_post_thumbnail":0,"footnotes":""},"categories":[8,19],"tags":[],"class_list":["post-3437","post","type-post","status-publish","format-standard","hentry","category-einsatze","category-einsatze-2020"],"_links":{"self":[{"href":"https:\/\/www.fw-oebb.at\/index.php\/wp-json\/wp\/v2\/posts\/3437","targetHints":{"allow":["GET"]}}],"collection":[{"href":"https:\/\/www.fw-oebb.at\/index.php\/wp-json\/wp\/v2\/posts"}],"about":[{"href":"https:\/\/www.fw-oebb.at\/index.php\/wp-json\/wp\/v2\/types\/post"}],"author":[{"embeddable":true,"href":"https:\/\/www.fw-oebb.at\/index.php\/wp-json\/wp\/v2\/users\/2"}],"replies":[{"embeddable":true,"href":"https:\/\/www.fw-oebb.at\/index.php\/wp-json\/wp\/v2\/comments?post=3437"}],"version-history":[{"count":1,"href":"https:\/\/www.fw-oebb.at\/index.php\/wp-json\/wp\/v2\/posts\/3437\/revisions"}],"predecessor-version":[{"id":3444,"href":"https:\/\/www.fw-oebb.at\/index.php\/wp-json\/wp\/v2\/posts\/3437\/revisions\/3444"}],"wp:attachment":[{"href":"https:\/\/www.fw-oebb.at\/index.php\/wp-json\/wp\/v2\/media?parent=3437"}],"wp:term":[{"taxonomy":"category","embeddable":true,"href":"https:\/\/www.fw-oebb.at\/index.php\/wp-json\/wp\/v2\/categories?post=3437"},{"taxonomy":"post_tag","embeddable":true,"href":"https:\/\/www.fw-oebb.at\/index.php\/wp-json\/wp\/v2\/tags?post=3437"}],"curies":[{"name":"wp","href":"https:\/\/api.w.org\/{rel}","templated":true}]}}