{"id":3509,"date":"2020-05-24T10:03:01","date_gmt":"2020-05-24T09:03:01","guid":{"rendered":"https:\/\/www.fw-oebb.at\/?p=3509"},"modified":"2020-05-24T10:09:07","modified_gmt":"2020-05-24T09:09:07","slug":"abschluss-ausbildung-wlf","status":"publish","type":"post","link":"https:\/\/www.fw-oebb.at\/index.php\/2020\/05\/24\/abschluss-ausbildung-wlf\/","title":{"rendered":"Abschluss Ausbildung WLF"},"content":{"rendered":"<p>In den vergangenen Wochen fand die Ausbildung in Kleingruppen zu unserem neuen Wechselladefahrzeug statt, welche von Mario Heim, Bernd Fink und Markus Mayr angeleitet wurde. Bei den Ausbildungseinheiten wurde auf verschiedenste Themen eingegangen. Neben dem Einsatztaktischen Wert, den technischen Daten standen auch Ausr\u00fcckordnung, Ausr\u00fcstung und ganz speziell die Praxis auf dem Fahrzeug im Mittelpunkt.<\/p>\n<div class=\"wc-gallery\"><div class='wcflexslider-container wc-gallery-bottomspace-none wc-gallery-clear'><div id='gallery-1' class='gallery wc-gallery-captions-hide gallery-link-post wcflexslider wcsliderauto' data-gutter-width='0' data-columns='3' data-hide-controls='false'><ul class='slides'>\n\t\t\t\t<li class='gallery-item gallery-item-position-1 gallery-item-attachment-3510 wcflex-slide-item'>\n\t\t\t\t\t<div class='gallery-icon landscape'>\n\t\t\t\t\t\t<a href=\"https:\/\/www.fw-oebb.at\/index.php\/2020\/05\/24\/abschluss-ausbildung-wlf\/20200502-a-4-wlf-ausbildung\/\" target=\"_self\"><img src='https:\/\/www.fw-oebb.at\/wp-content\/uploads\/2020\/05\/20200502-A-4-WLF-Ausbildung-1100x500.jpg' width='1100' height='500' alt='' \/><\/a>\n\t\t\t\t\t<\/div><\/li>\n\t\t\t\t<li class='gallery-item gallery-item-position-2 gallery-item-attachment-3511 wcflex-slide-item'>\n\t\t\t\t\t<div class='gallery-icon landscape'>\n\t\t\t\t\t\t<a href=\"https:\/\/www.fw-oebb.at\/index.php\/2020\/05\/24\/abschluss-ausbildung-wlf\/20200502-a-8-wlf-ausbildung\/\" target=\"_self\"><img src='https:\/\/www.fw-oebb.at\/wp-content\/uploads\/2020\/05\/20200502-A-8-WLF-Ausbildung-1100x500.jpg' width='1100' height='500' alt='' \/><\/a>\n\t\t\t\t\t<\/div><\/li>\n\t\t\t\t<li class='gallery-item gallery-item-position-3 gallery-item-attachment-3513 wcflex-slide-item'>\n\t\t\t\t\t<div class='gallery-icon landscape'>\n\t\t\t\t\t\t<a href=\"https:\/\/www.fw-oebb.at\/index.php\/2020\/05\/24\/abschluss-ausbildung-wlf\/20200507-a-2-wlf-ausbildung\/\" target=\"_self\"><img src='https:\/\/www.fw-oebb.at\/wp-content\/uploads\/2020\/05\/20200507-A-2-WLF-Ausbildung-1100x500.jpg' width='1100' height='500' alt='' \/><\/a>\n\t\t\t\t\t<\/div><\/li>\n\t\t\t\t<li class='gallery-item gallery-item-position-4 gallery-item-attachment-3522 wcflex-slide-item'>\n\t\t\t\t\t<div class='gallery-icon landscape'>\n\t\t\t\t\t\t<a href=\"https:\/\/www.fw-oebb.at\/index.php\/2020\/05\/24\/abschluss-ausbildung-wlf\/20200507-a-5-wlf-ausbildung\/\" target=\"_self\"><img src='https:\/\/www.fw-oebb.at\/wp-content\/uploads\/2020\/05\/20200507-A-5-WLF-Ausbildung-1100x500.jpg' width='1100' height='500' alt='' \/><\/a>\n\t\t\t\t\t<\/div><\/li><\/ul><\/div>\n<\/div>\n<\/div>\n<p>&nbsp;<\/p>\n<p>Am 23.05.2020 fand dann der Abschluss der Ausbildung mit einer kleinen Pr\u00fcfung gemischt mit einem kleinen Geschicklichkeitsfahren statt. Die neuen Maschinisten mussten dabei unter Beweis stellen, dass das neue Fahrzeug beherrscht wird. So musste beispielsweise der Abrollbeh\u00e4lter \u00fcber eine schmale Zufahrt hinter dem Ger\u00e4tehaus abgeladen werden oder vor dem Ger\u00e4tehaus R\u00fcckw\u00e4rts in einen abgesperrten Bereich gefahren werden ohne die Verkehrsleitkegel zu ber\u00fchren. Zudem musste mit dem Greifarm so nah wie m\u00f6glich ohne Einweiser an ein Verkehrsleitkegel gefahren werden, ohne die darauf liegende Beleuchtung herunter zu werfen.<\/p>\n<div class=\"wc-gallery\"><div class='wcflexslider-container wc-gallery-bottomspace-none wc-gallery-clear'><div id='gallery-2' class='gallery wc-gallery-captions-hide gallery-link-file wcflexslider wcsliderauto' data-gutter-width='0' data-columns='3' data-hide-controls='false'><ul class='slides'>\n\t\t\t\t<li class='gallery-item gallery-item-position-1 gallery-item-attachment-3514 wcflex-slide-item'>\n\t\t\t\t\t<div class='gallery-icon landscape'>\n\t\t\t\t\t\t<a href=\"https:\/\/www.fw-oebb.at\/wp-content\/uploads\/2020\/05\/20200523-A-08-WLF-Pr\u00fcfung-scaled.jpg\" target=\"_self\"><img src='https:\/\/www.fw-oebb.at\/wp-content\/uploads\/2020\/05\/20200523-A-08-WLF-Pr\u00fcfung-1100x500.jpg' width='1100' height='500' alt='' \/><\/a>\n\t\t\t\t\t<\/div><\/li>\n\t\t\t\t<li class='gallery-item gallery-item-position-2 gallery-item-attachment-3515 wcflex-slide-item'>\n\t\t\t\t\t<div class='gallery-icon landscape'>\n\t\t\t\t\t\t<a href=\"https:\/\/www.fw-oebb.at\/wp-content\/uploads\/2020\/05\/20200523-A-14-WLF-Pr\u00fcfung-scaled.jpg\" target=\"_self\"><img src='https:\/\/www.fw-oebb.at\/wp-content\/uploads\/2020\/05\/20200523-A-14-WLF-Pr\u00fcfung-1100x500.jpg' width='1100' height='500' alt='' \/><\/a>\n\t\t\t\t\t<\/div><\/li>\n\t\t\t\t<li class='gallery-item gallery-item-position-3 gallery-item-attachment-3516 wcflex-slide-item'>\n\t\t\t\t\t<div class='gallery-icon landscape'>\n\t\t\t\t\t\t<a href=\"https:\/\/www.fw-oebb.at\/wp-content\/uploads\/2020\/05\/20200523-A-15-WLF-Pr\u00fcfung-scaled.jpg\" target=\"_self\"><img src='https:\/\/www.fw-oebb.at\/wp-content\/uploads\/2020\/05\/20200523-A-15-WLF-Pr\u00fcfung-1100x500.jpg' width='1100' height='500' alt='' \/><\/a>\n\t\t\t\t\t<\/div><\/li>\n\t\t\t\t<li class='gallery-item gallery-item-position-4 gallery-item-attachment-3517 wcflex-slide-item'>\n\t\t\t\t\t<div class='gallery-icon landscape'>\n\t\t\t\t\t\t<a href=\"https:\/\/www.fw-oebb.at\/wp-content\/uploads\/2020\/05\/20200523-A-16-WLF-Pr\u00fcfung-scaled.jpg\" target=\"_self\"><img src='https:\/\/www.fw-oebb.at\/wp-content\/uploads\/2020\/05\/20200523-A-16-WLF-Pr\u00fcfung-1100x500.jpg' width='1100' height='500' alt='' \/><\/a>\n\t\t\t\t\t<\/div><\/li>\n\t\t\t\t<li class='gallery-item gallery-item-position-5 gallery-item-attachment-3518 wcflex-slide-item'>\n\t\t\t\t\t<div class='gallery-icon landscape'>\n\t\t\t\t\t\t<a href=\"https:\/\/www.fw-oebb.at\/wp-content\/uploads\/2020\/05\/20200523-A-17-WLF-Pr\u00fcfung-scaled.jpeg\" target=\"_self\"><img src='https:\/\/www.fw-oebb.at\/wp-content\/uploads\/2020\/05\/20200523-A-17-WLF-Pr\u00fcfung-1100x500.jpeg' width='1100' height='500' alt='' \/><\/a>\n\t\t\t\t\t<\/div><\/li>\n\t\t\t\t<li class='gallery-item gallery-item-position-6 gallery-item-attachment-3519 wcflex-slide-item'>\n\t\t\t\t\t<div class='gallery-icon landscape'>\n\t\t\t\t\t\t<a href=\"https:\/\/www.fw-oebb.at\/wp-content\/uploads\/2020\/05\/20200523-A-01-WLF-Pr\u00fcfung-scaled.jpg\" target=\"_self\"><img src='https:\/\/www.fw-oebb.at\/wp-content\/uploads\/2020\/05\/20200523-A-01-WLF-Pr\u00fcfung-1100x500.jpg' width='1100' height='500' alt='' \/><\/a>\n\t\t\t\t\t<\/div><\/li>\n\t\t\t\t<li class='gallery-item gallery-item-position-7 gallery-item-attachment-3520 wcflex-slide-item'>\n\t\t\t\t\t<div class='gallery-icon landscape'>\n\t\t\t\t\t\t<a href=\"https:\/\/www.fw-oebb.at\/wp-content\/uploads\/2020\/05\/20200523-A-05-WLF-Pr\u00fcfung-scaled.jpg\" target=\"_self\"><img src='https:\/\/www.fw-oebb.at\/wp-content\/uploads\/2020\/05\/20200523-A-05-WLF-Pr\u00fcfung-1100x500.jpg' width='1100' height='500' alt='' \/><\/a>\n\t\t\t\t\t<\/div><\/li>\n\t\t\t\t<li class='gallery-item gallery-item-position-8 gallery-item-attachment-3521 wcflex-slide-item'>\n\t\t\t\t\t<div class='gallery-icon landscape'>\n\t\t\t\t\t\t<a href=\"https:\/\/www.fw-oebb.at\/wp-content\/uploads\/2020\/05\/20200523-A-06-WLF-Pr\u00fcfung-scaled.jpg\" target=\"_self\"><img src='https:\/\/www.fw-oebb.at\/wp-content\/uploads\/2020\/05\/20200523-A-06-WLF-Pr\u00fcfung-1100x500.jpg' width='1100' height='500' alt='' \/><\/a>\n\t\t\t\t\t<\/div><\/li><\/ul><\/div>\n<\/div>\n<\/div>\n<p>&nbsp;<\/p>\n<p>Alle 16 Maschinisten welche sich \u00fcber den Tag verteilt dieser Pr\u00fcfung gestellt haben, haben alle gestellten Aufgaben gemeistert. An dieser Stelle gilt es allen einen gro\u00dfen Dank auszusprechen, welche viel Zeit in die Ausbildung und Pr\u00fcfung gesteckt haben \u2013 nur so kann ein sicherer und schonender Umgang mit dem Fahrzeug garantiert werden.<\/p>\n","protected":false},"excerpt":{"rendered":"<p>In den vergangenen Wochen fand die Ausbildung in Kleingruppen zu unserem neuen Wechselladefahrzeug statt, welche von Mario Heim, Bernd Fink und Markus [&hellip;]<\/p>\n","protected":false},"author":2,"featured_media":0,"comment_status":"closed","ping_status":"closed","sticky":false,"template":"","format":"standard","meta":{"ngg_post_thumbnail":0,"footnotes":""},"categories":[13,20],"tags":[],"class_list":["post-3509","post","type-post","status-publish","format-standard","hentry","category-ausbildung","category-ausbildung-2020"],"_links":{"self":[{"href":"https:\/\/www.fw-oebb.at\/index.php\/wp-json\/wp\/v2\/posts\/3509","targetHints":{"allow":["GET"]}}],"collection":[{"href":"https:\/\/www.fw-oebb.at\/index.php\/wp-json\/wp\/v2\/posts"}],"about":[{"href":"https:\/\/www.fw-oebb.at\/index.php\/wp-json\/wp\/v2\/types\/post"}],"author":[{"embeddable":true,"href":"https:\/\/www.fw-oebb.at\/index.php\/wp-json\/wp\/v2\/users\/2"}],"replies":[{"embeddable":true,"href":"https:\/\/www.fw-oebb.at\/index.php\/wp-json\/wp\/v2\/comments?post=3509"}],"version-history":[{"count":5,"href":"https:\/\/www.fw-oebb.at\/index.php\/wp-json\/wp\/v2\/posts\/3509\/revisions"}],"predecessor-version":[{"id":3527,"href":"https:\/\/www.fw-oebb.at\/index.php\/wp-json\/wp\/v2\/posts\/3509\/revisions\/3527"}],"wp:attachment":[{"href":"https:\/\/www.fw-oebb.at\/index.php\/wp-json\/wp\/v2\/media?parent=3509"}],"wp:term":[{"taxonomy":"category","embeddable":true,"href":"https:\/\/www.fw-oebb.at\/index.php\/wp-json\/wp\/v2\/categories?post=3509"},{"taxonomy":"post_tag","embeddable":true,"href":"https:\/\/www.fw-oebb.at\/index.php\/wp-json\/wp\/v2\/tags?post=3509"}],"curies":[{"name":"wp","href":"https:\/\/api.w.org\/{rel}","templated":true}]}}