{"id":3882,"date":"2020-10-05T14:47:48","date_gmt":"2020-10-05T13:47:48","guid":{"rendered":"https:\/\/www.fw-oebb.at\/?p=3882"},"modified":"2020-10-05T14:49:14","modified_gmt":"2020-10-05T13:49:14","slug":"einsatz-074-obb-strecke-bludenz-langen-am-arlberg-technischer-einsatz","status":"publish","type":"post","link":"https:\/\/www.fw-oebb.at\/index.php\/2020\/10\/05\/einsatz-074-obb-strecke-bludenz-langen-am-arlberg-technischer-einsatz\/","title":{"rendered":"Einsatz 074 &#8211; \u00d6BB Strecke Bludenz-Langen am Arlberg &#8211; technischer Einsatz"},"content":{"rendered":"<p>Alarmierung: 04.10.2020 um 15:56 Uhr &#8211; Stichwort:&nbsp;t2, r2na<\/p>\n<p>Wir wurden zusammen mit dem Rettungsdienst und der \u00f6rtlich zust\u00e4ndigen Feuerwehr Wald am Arlberg zu einem technischen Einsatz auf der \u00d6BB Strecke Bludenz-Langen am Arlberg alarmiert. Nach rund 2 Stunden konnte der Einsatz f\u00fcr alle beteiligten Kr\u00e4fte abgeschlossen werden.<\/p>\n<p>Im Einsatz standen: FW \u00d6BB mit KEF, KDO 1, VLF und MTF1 sowie die Feuerwehr Wald am Arlberg, der Rettungsdienst und die Polizei<\/p>\n","protected":false},"excerpt":{"rendered":"<p>Alarmierung: 04.10.2020 um 15:56 Uhr &#8211; Stichwort:&nbsp;t2, r2na Wir wurden zusammen mit dem Rettungsdienst und der \u00f6rtlich zust\u00e4ndigen Feuerwehr Wald am Arlberg [&hellip;]<\/p>\n","protected":false},"author":2,"featured_media":0,"comment_status":"closed","ping_status":"closed","sticky":false,"template":"","format":"standard","meta":{"ngg_post_thumbnail":0,"footnotes":""},"categories":[8,19],"tags":[],"class_list":["post-3882","post","type-post","status-publish","format-standard","hentry","category-einsatze","category-einsatze-2020"],"_links":{"self":[{"href":"https:\/\/www.fw-oebb.at\/index.php\/wp-json\/wp\/v2\/posts\/3882","targetHints":{"allow":["GET"]}}],"collection":[{"href":"https:\/\/www.fw-oebb.at\/index.php\/wp-json\/wp\/v2\/posts"}],"about":[{"href":"https:\/\/www.fw-oebb.at\/index.php\/wp-json\/wp\/v2\/types\/post"}],"author":[{"embeddable":true,"href":"https:\/\/www.fw-oebb.at\/index.php\/wp-json\/wp\/v2\/users\/2"}],"replies":[{"embeddable":true,"href":"https:\/\/www.fw-oebb.at\/index.php\/wp-json\/wp\/v2\/comments?post=3882"}],"version-history":[{"count":1,"href":"https:\/\/www.fw-oebb.at\/index.php\/wp-json\/wp\/v2\/posts\/3882\/revisions"}],"predecessor-version":[{"id":3883,"href":"https:\/\/www.fw-oebb.at\/index.php\/wp-json\/wp\/v2\/posts\/3882\/revisions\/3883"}],"wp:attachment":[{"href":"https:\/\/www.fw-oebb.at\/index.php\/wp-json\/wp\/v2\/media?parent=3882"}],"wp:term":[{"taxonomy":"category","embeddable":true,"href":"https:\/\/www.fw-oebb.at\/index.php\/wp-json\/wp\/v2\/categories?post=3882"},{"taxonomy":"post_tag","embeddable":true,"href":"https:\/\/www.fw-oebb.at\/index.php\/wp-json\/wp\/v2\/tags?post=3882"}],"curies":[{"name":"wp","href":"https:\/\/api.w.org\/{rel}","templated":true}]}}