{"id":3972,"date":"2020-10-31T13:09:38","date_gmt":"2020-10-31T12:09:38","guid":{"rendered":"https:\/\/www.fw-oebb.at\/?p=3972"},"modified":"2020-10-31T13:10:57","modified_gmt":"2020-10-31T12:10:57","slug":"einsatz-082-haltestelle-feldkirch-altenstadt-shuttledienst-benotigt","status":"publish","type":"post","link":"https:\/\/www.fw-oebb.at\/index.php\/2020\/10\/31\/einsatz-082-haltestelle-feldkirch-altenstadt-shuttledienst-benotigt\/","title":{"rendered":"Einsatz 082 &#8211; Haltestelle Feldkirch-Altenstadt -Shuttledienst ben\u00f6tigt"},"content":{"rendered":"<p>Alarmierung: 30.10.2020 um 22:51 Uhr &#8211; Stichwort: f11 &gt; f2<\/p>\n<p>Der \u00d6BB Einsatzleiter Bludenz hat die Feuerwehr \u00d6BB um 22:51 Uhr bez\u00fcglich eines Einsatzleiter-Shuttledienst zur Haltestelle Feldkirch-Altenstadt alarmiert. Ein PKW fuhr aus bislang ungekl\u00e4rter Gr\u00fcnden rund 60 Meter \u00fcber das Gleisbett zwischen den Bahn\u00fcberg\u00e4ngen Tafernstra\u00dfe und Reichsstra\u00dfe. Bereits auf der Anfahrt wurde durch den \u00d6BB Einsatzleiter die betroffene Strecke Feldkirch-Buchs in diesem Bereich gesperrt. Des Weiteren wurde die Ortsfeuerwehr Feldkirch-Altenstadt ebenfalls alarmiert. Gemeinsam wurde die Unfallstelle ausgeleuchtet und der Bereich abgesichert sowie die Polizei unterst\u00fctzt.<\/p>\n<p>Zur Fahrzeugbergung wurde die St\u00fctzpunktfeuerwehr Rankweil mit dem schweren R\u00fcstfahrzeug ebenfalls nachalarmiert.&nbsp;Mit der Frontseilwinde des schweren R\u00fcstfahrzeuges wurde das Fahrzeug wieder auf die Fahrbahn gezogen und an gesicherter Stelle abgestellt. W\u00e4hrend der Arbeiten mit dem schweren R\u00fcstfahrzeug wurde die Oberleitung in diesem Bereich freigeschaltet und geerdet.<\/p>\n<p>Im Einsatz standen: FW \u00d6BB mit KDO 1, KDO 3, VLF und MTF und die Feuerwehren Feldkirch-Altenstadt und Rankweil sowie die Polizei<\/p>\n<div class=\"wc-gallery\"><div class='wcflexslider-container wc-gallery-bottomspace-none wc-gallery-clear'><div id='gallery-1' class='gallery wc-gallery-captions-hide gallery-link-file wcflexslider wcsliderauto' data-gutter-width='0' data-columns='3' data-hide-controls='false'><ul class='slides'>\n\t\t\t\t<li class='gallery-item gallery-item-position-1 gallery-item-attachment-3973 wcflex-slide-item'>\n\t\t\t\t\t<div class='gallery-icon landscape'>\n\t\t\t\t\t\t<a href=\"https:\/\/www.fw-oebb.at\/wp-content\/uploads\/2020\/10\/20201030-E-03-FK-Altenstadt-PKW-auf-Gleis-scaled.jpg\" target=\"_self\"><img src='https:\/\/www.fw-oebb.at\/wp-content\/uploads\/2020\/10\/20201030-E-03-FK-Altenstadt-PKW-auf-Gleis-1100x500.jpg' width='1100' height='500' alt='' \/><\/a>\n\t\t\t\t\t<\/div><\/li>\n\t\t\t\t<li class='gallery-item gallery-item-position-2 gallery-item-attachment-3974 wcflex-slide-item'>\n\t\t\t\t\t<div class='gallery-icon landscape'>\n\t\t\t\t\t\t<a href=\"https:\/\/www.fw-oebb.at\/wp-content\/uploads\/2020\/10\/20201030-E-04-FK-Altenstadt-PKW-auf-Gleis-scaled.jpg\" target=\"_self\"><img src='https:\/\/www.fw-oebb.at\/wp-content\/uploads\/2020\/10\/20201030-E-04-FK-Altenstadt-PKW-auf-Gleis-1100x500.jpg' width='1100' height='500' alt='' \/><\/a>\n\t\t\t\t\t<\/div><\/li>\n\t\t\t\t<li class='gallery-item gallery-item-position-3 gallery-item-attachment-3975 wcflex-slide-item'>\n\t\t\t\t\t<div class='gallery-icon landscape'>\n\t\t\t\t\t\t<a href=\"https:\/\/www.fw-oebb.at\/wp-content\/uploads\/2020\/10\/20201030-E-06-FK-Altenstadt-PKW-auf-Gleis-scaled.jpg\" target=\"_self\"><img src='https:\/\/www.fw-oebb.at\/wp-content\/uploads\/2020\/10\/20201030-E-06-FK-Altenstadt-PKW-auf-Gleis-1100x500.jpg' width='1100' height='500' alt='' \/><\/a>\n\t\t\t\t\t<\/div><\/li>\n\t\t\t\t<li class='gallery-item gallery-item-position-4 gallery-item-attachment-3976 wcflex-slide-item'>\n\t\t\t\t\t<div class='gallery-icon landscape'>\n\t\t\t\t\t\t<a href=\"https:\/\/www.fw-oebb.at\/wp-content\/uploads\/2020\/10\/20201030-E-15-FK-Altenstadt-PKW-auf-Gleis-scaled.jpg\" target=\"_self\"><img src='https:\/\/www.fw-oebb.at\/wp-content\/uploads\/2020\/10\/20201030-E-15-FK-Altenstadt-PKW-auf-Gleis-1100x500.jpg' width='1100' height='500' alt='' \/><\/a>\n\t\t\t\t\t<\/div><\/li>\n\t\t\t\t<li class='gallery-item gallery-item-position-5 gallery-item-attachment-3977 wcflex-slide-item'>\n\t\t\t\t\t<div class='gallery-icon landscape'>\n\t\t\t\t\t\t<a href=\"https:\/\/www.fw-oebb.at\/wp-content\/uploads\/2020\/10\/20201030-E-20-FK-Altenstadt-PKW-auf-Gleis.jpg\" target=\"_self\"><img src='https:\/\/www.fw-oebb.at\/wp-content\/uploads\/2020\/10\/20201030-E-20-FK-Altenstadt-PKW-auf-Gleis-1100x500.jpg' width='1100' height='500' alt='' \/><\/a>\n\t\t\t\t\t<\/div><\/li>\n\t\t\t\t<li class='gallery-item gallery-item-position-6 gallery-item-attachment-3978 wcflex-slide-item'>\n\t\t\t\t\t<div class='gallery-icon landscape'>\n\t\t\t\t\t\t<a href=\"https:\/\/www.fw-oebb.at\/wp-content\/uploads\/2020\/10\/20201030-E-21-FK-Altenstadt-PKW-auf-Gleis.jpg\" target=\"_self\"><img src='https:\/\/www.fw-oebb.at\/wp-content\/uploads\/2020\/10\/20201030-E-21-FK-Altenstadt-PKW-auf-Gleis-1100x500.jpg' width='1100' height='500' alt='' \/><\/a>\n\t\t\t\t\t<\/div><\/li>\n\t\t\t\t<li class='gallery-item gallery-item-position-7 gallery-item-attachment-3979 wcflex-slide-item'>\n\t\t\t\t\t<div class='gallery-icon landscape'>\n\t\t\t\t\t\t<a href=\"https:\/\/www.fw-oebb.at\/wp-content\/uploads\/2020\/10\/20201030-E-22-FK-Altenstadt-PKW-auf-Gleis.jpg\" target=\"_self\"><img src='https:\/\/www.fw-oebb.at\/wp-content\/uploads\/2020\/10\/20201030-E-22-FK-Altenstadt-PKW-auf-Gleis-1100x500.jpg' width='1100' height='500' alt='' \/><\/a>\n\t\t\t\t\t<\/div><\/li>\n\t\t\t\t<li class='gallery-item gallery-item-position-8 gallery-item-attachment-3980 wcflex-slide-item'>\n\t\t\t\t\t<div class='gallery-icon landscape'>\n\t\t\t\t\t\t<a href=\"https:\/\/www.fw-oebb.at\/wp-content\/uploads\/2020\/10\/20201030-E-30-FK-Altenstadt-PKW-auf-Gleis.jpg\" target=\"_self\"><img src='https:\/\/www.fw-oebb.at\/wp-content\/uploads\/2020\/10\/20201030-E-30-FK-Altenstadt-PKW-auf-Gleis-1100x500.jpg' width='1100' height='500' alt='' \/><\/a>\n\t\t\t\t\t<\/div><\/li>\n\t\t\t\t<li class='gallery-item gallery-item-position-9 gallery-item-attachment-3981 wcflex-slide-item'>\n\t\t\t\t\t<div class='gallery-icon portrait'>\n\t\t\t\t\t\t<a href=\"https:\/\/www.fw-oebb.at\/wp-content\/uploads\/2020\/10\/20201030-E-32-FK-Altenstadt-PKW-auf-Gleis.jpg\" target=\"_self\"><img src='https:\/\/www.fw-oebb.at\/wp-content\/uploads\/2020\/10\/20201030-E-32-FK-Altenstadt-PKW-auf-Gleis-1100x500.jpg' width='1100' height='500' alt='' \/><\/a>\n\t\t\t\t\t<\/div><\/li>\n\t\t\t\t<li class='gallery-item gallery-item-position-10 gallery-item-attachment-3982 wcflex-slide-item'>\n\t\t\t\t\t<div class='gallery-icon landscape'>\n\t\t\t\t\t\t<a href=\"https:\/\/www.fw-oebb.at\/wp-content\/uploads\/2020\/10\/20201030-E-34-FK-Altenstadt-PKW-auf-Gleis.jpg\" target=\"_self\"><img src='https:\/\/www.fw-oebb.at\/wp-content\/uploads\/2020\/10\/20201030-E-34-FK-Altenstadt-PKW-auf-Gleis-1100x500.jpg' width='1100' height='500' alt='' \/><\/a>\n\t\t\t\t\t<\/div><\/li><\/ul><\/div>\n<\/div>\n<\/div>\n","protected":false},"excerpt":{"rendered":"<p>Alarmierung: 30.10.2020 um 22:51 Uhr &#8211; Stichwort: f11 &gt; f2 Der \u00d6BB Einsatzleiter Bludenz hat die Feuerwehr \u00d6BB um 22:51 Uhr bez\u00fcglich [&hellip;]<\/p>\n","protected":false},"author":2,"featured_media":0,"comment_status":"closed","ping_status":"closed","sticky":false,"template":"","format":"standard","meta":{"ngg_post_thumbnail":0,"footnotes":""},"categories":[8,19],"tags":[],"class_list":["post-3972","post","type-post","status-publish","format-standard","hentry","category-einsatze","category-einsatze-2020"],"_links":{"self":[{"href":"https:\/\/www.fw-oebb.at\/index.php\/wp-json\/wp\/v2\/posts\/3972","targetHints":{"allow":["GET"]}}],"collection":[{"href":"https:\/\/www.fw-oebb.at\/index.php\/wp-json\/wp\/v2\/posts"}],"about":[{"href":"https:\/\/www.fw-oebb.at\/index.php\/wp-json\/wp\/v2\/types\/post"}],"author":[{"embeddable":true,"href":"https:\/\/www.fw-oebb.at\/index.php\/wp-json\/wp\/v2\/users\/2"}],"replies":[{"embeddable":true,"href":"https:\/\/www.fw-oebb.at\/index.php\/wp-json\/wp\/v2\/comments?post=3972"}],"version-history":[{"count":2,"href":"https:\/\/www.fw-oebb.at\/index.php\/wp-json\/wp\/v2\/posts\/3972\/revisions"}],"predecessor-version":[{"id":3984,"href":"https:\/\/www.fw-oebb.at\/index.php\/wp-json\/wp\/v2\/posts\/3972\/revisions\/3984"}],"wp:attachment":[{"href":"https:\/\/www.fw-oebb.at\/index.php\/wp-json\/wp\/v2\/media?parent=3972"}],"wp:term":[{"taxonomy":"category","embeddable":true,"href":"https:\/\/www.fw-oebb.at\/index.php\/wp-json\/wp\/v2\/categories?post=3972"},{"taxonomy":"post_tag","embeddable":true,"href":"https:\/\/www.fw-oebb.at\/index.php\/wp-json\/wp\/v2\/tags?post=3972"}],"curies":[{"name":"wp","href":"https:\/\/api.w.org\/{rel}","templated":true}]}}