{"id":4103,"date":"2021-01-16T10:53:03","date_gmt":"2021-01-16T09:53:03","guid":{"rendered":"https:\/\/www.fw-oebb.at\/?p=4103"},"modified":"2021-01-16T19:29:57","modified_gmt":"2021-01-16T18:29:57","slug":"einsatz-009-obb-strecke-feldkirch-buchs-baum-in-oberleitung","status":"publish","type":"post","link":"https:\/\/www.fw-oebb.at\/index.php\/2021\/01\/16\/einsatz-009-obb-strecke-feldkirch-buchs-baum-in-oberleitung\/","title":{"rendered":"Einsatz 009 &#8211; \u00d6BB Strecke Feldkirch-Buchs &#8211; Baum in Oberleitung"},"content":{"rendered":"<p>Alarmierung: 14.01.2021 um 21:35 &#8211; Stichwort: t1, f11<\/p>\n<p>Die Feuerwehr \u00d6BB wurde gemeinsam mit der \u00f6rtlich zust\u00e4ndigen Feuerwehr Feldkirch-Gisingen zu einem Einsatz auf der \u00d6BB Strecke Feldkirch-Buchs alarmiert. Ein Baum war auf Grund der Schneelast in die Oberleitung gefallen und hat diese auf einer L\u00e4nge von ca. 150 Metern besch\u00e4digt. Die Aufgabe der Feuerwehr \u00d6BB war es, den \u00d6BB Einsatzleiter von Bludenz an den Einsatzort zu bef\u00f6rdern, die Oberleitung freischalten zu lassen, die Oberleitung beidseitig des Baumes zu erden und die Kameraden der Feuerwehr Feldkirch-Gisingen beim Entfernen des Baumes zu unterst\u00fctzen. Danach konnte der Einsatz an die zust\u00e4ndigen Stellen der \u00d6BB \u00fcbergeben werden.<\/p>\n<p>Im Einsatz standen: FW \u00d6BB mit KDO 1, KDO 3, KEF, VLF und MTF 2 sowie die Feuerwehr Feldkirch-Gisingen sowie die Polizei<\/p>\n<div class=\"wc-gallery\"><div class='wcflexslider-container wc-gallery-bottomspace-none wc-gallery-clear'><div id='gallery-1' class='gallery wc-gallery-captions-hide gallery-link-file wcflexslider wcsliderauto' data-gutter-width='0' data-columns='3' data-hide-controls='false'><ul class='slides'>\n\t\t\t\t<li class='gallery-item gallery-item-position-1 gallery-item-attachment-4131 wcflex-slide-item'>\n\t\t\t\t\t<div class='gallery-icon portrait'>\n\t\t\t\t\t\t<a href=\"https:\/\/www.fw-oebb.at\/wp-content\/uploads\/2021\/01\/20210114-E-06-Feldkirch-Gisingen-Baum-in-Oberleitung.jpg\" target=\"_self\"><img src='https:\/\/www.fw-oebb.at\/wp-content\/uploads\/2021\/01\/20210114-E-06-Feldkirch-Gisingen-Baum-in-Oberleitung-1100x500.jpg' width='1100' height='500' alt='' \/><\/a>\n\t\t\t\t\t<\/div><\/li>\n\t\t\t\t<li class='gallery-item gallery-item-position-2 gallery-item-attachment-4132 wcflex-slide-item'>\n\t\t\t\t\t<div class='gallery-icon landscape'>\n\t\t\t\t\t\t<a href=\"https:\/\/www.fw-oebb.at\/wp-content\/uploads\/2021\/01\/20210114-E-01-Feldkirch-Gisingen-Baum-in-Oberleitung.jpg\" target=\"_self\"><img src='https:\/\/www.fw-oebb.at\/wp-content\/uploads\/2021\/01\/20210114-E-01-Feldkirch-Gisingen-Baum-in-Oberleitung-1100x500.jpg' width='1100' height='500' alt='' \/><\/a>\n\t\t\t\t\t<\/div><\/li>\n\t\t\t\t<li class='gallery-item gallery-item-position-3 gallery-item-attachment-4133 wcflex-slide-item'>\n\t\t\t\t\t<div class='gallery-icon landscape'>\n\t\t\t\t\t\t<a href=\"https:\/\/www.fw-oebb.at\/wp-content\/uploads\/2021\/01\/20210114-E-02-Feldkirch-Gisingen-Baum-in-Oberleitung.jpg\" target=\"_self\"><img src='https:\/\/www.fw-oebb.at\/wp-content\/uploads\/2021\/01\/20210114-E-02-Feldkirch-Gisingen-Baum-in-Oberleitung-1100x500.jpg' width='1100' height='500' alt='' \/><\/a>\n\t\t\t\t\t<\/div><\/li><\/ul><\/div>\n<\/div>\n<\/div>\n","protected":false},"excerpt":{"rendered":"<p>Alarmierung: 14.01.2021 um 21:35 &#8211; Stichwort: t1, f11 Die Feuerwehr \u00d6BB wurde gemeinsam mit der \u00f6rtlich zust\u00e4ndigen Feuerwehr Feldkirch-Gisingen zu einem Einsatz [&hellip;]<\/p>\n","protected":false},"author":2,"featured_media":0,"comment_status":"closed","ping_status":"closed","sticky":false,"template":"","format":"standard","meta":{"ngg_post_thumbnail":0,"footnotes":""},"categories":[8,28],"tags":[],"class_list":["post-4103","post","type-post","status-publish","format-standard","hentry","category-einsatze","category-einsatze-2021"],"_links":{"self":[{"href":"https:\/\/www.fw-oebb.at\/index.php\/wp-json\/wp\/v2\/posts\/4103","targetHints":{"allow":["GET"]}}],"collection":[{"href":"https:\/\/www.fw-oebb.at\/index.php\/wp-json\/wp\/v2\/posts"}],"about":[{"href":"https:\/\/www.fw-oebb.at\/index.php\/wp-json\/wp\/v2\/types\/post"}],"author":[{"embeddable":true,"href":"https:\/\/www.fw-oebb.at\/index.php\/wp-json\/wp\/v2\/users\/2"}],"replies":[{"embeddable":true,"href":"https:\/\/www.fw-oebb.at\/index.php\/wp-json\/wp\/v2\/comments?post=4103"}],"version-history":[{"count":5,"href":"https:\/\/www.fw-oebb.at\/index.php\/wp-json\/wp\/v2\/posts\/4103\/revisions"}],"predecessor-version":[{"id":4170,"href":"https:\/\/www.fw-oebb.at\/index.php\/wp-json\/wp\/v2\/posts\/4103\/revisions\/4170"}],"wp:attachment":[{"href":"https:\/\/www.fw-oebb.at\/index.php\/wp-json\/wp\/v2\/media?parent=4103"}],"wp:term":[{"taxonomy":"category","embeddable":true,"href":"https:\/\/www.fw-oebb.at\/index.php\/wp-json\/wp\/v2\/categories?post=4103"},{"taxonomy":"post_tag","embeddable":true,"href":"https:\/\/www.fw-oebb.at\/index.php\/wp-json\/wp\/v2\/tags?post=4103"}],"curies":[{"name":"wp","href":"https:\/\/api.w.org\/{rel}","templated":true}]}}