{"id":4486,"date":"2021-04-02T22:00:28","date_gmt":"2021-04-02T21:00:28","guid":{"rendered":"https:\/\/www.fw-oebb.at\/?p=4486"},"modified":"2021-04-02T22:02:28","modified_gmt":"2021-04-02T21:02:28","slug":"einsatz-048-obb-haltestelle-klaus-brand-holzschweller","status":"publish","type":"post","link":"https:\/\/www.fw-oebb.at\/index.php\/2021\/04\/02\/einsatz-048-obb-haltestelle-klaus-brand-holzschweller\/","title":{"rendered":"Einsatz 048 &#8211; \u00d6BB Haltestelle Klaus &#8211; Brand Holzschweller"},"content":{"rendered":"<p>Alarmierung: 02.04.2021 um 15:48 Uhr &#8211; Stichwort: f2<\/p>\n<p>Die Feuerwehr \u00d6BB wurde um 15:48 Uhr gemeinsam mit den \u00f6rtlich zust\u00e4ndigen Feuerwehren Klaus und Weiler zu einem Einsatz bei der Haltestelle Klaus in Vorarlberg alarmiert. Ein Bahnschweller geriet aus unbekannten Gr\u00fcnden in Brand und musste abgel\u00f6scht werden. F\u00fcr die Dauer des Einsatzes wurde das betroffene Streckengleis gesperrt. Nach dem Abl\u00f6schen und der Kontrolle mit der W\u00e4rmebildkamera konnte das Streckengleis wieder freigegeben werden.<\/p>\n<p>Im Einsatz standen: FW \u00d6BB mit KDO 1 und KDO 3 sowie die Ortsfeuerwehren Klaus und Weiler<\/p>\n<p><a href=\"https:\/\/www.fw-oebb.at\/wp-content\/uploads\/2021\/04\/20210402-E-03-Klaus-Brand-Bahnschweller-scaled.jpg\" target=\"_blank\" rel=\"noopener\"><img fetchpriority=\"high\" decoding=\"async\" class=\"aligncenter wp-image-4488 size-medium\" src=\"https:\/\/www.fw-oebb.at\/wp-content\/uploads\/2021\/04\/20210402-E-03-Klaus-Brand-Bahnschweller-300x169.jpg\" alt=\"\" width=\"300\" height=\"169\" srcset=\"https:\/\/www.fw-oebb.at\/wp-content\/uploads\/2021\/04\/20210402-E-03-Klaus-Brand-Bahnschweller-300x169.jpg 300w, https:\/\/www.fw-oebb.at\/wp-content\/uploads\/2021\/04\/20210402-E-03-Klaus-Brand-Bahnschweller-1024x578.jpg 1024w, https:\/\/www.fw-oebb.at\/wp-content\/uploads\/2021\/04\/20210402-E-03-Klaus-Brand-Bahnschweller-768x434.jpg 768w, https:\/\/www.fw-oebb.at\/wp-content\/uploads\/2021\/04\/20210402-E-03-Klaus-Brand-Bahnschweller-1536x867.jpg 1536w, https:\/\/www.fw-oebb.at\/wp-content\/uploads\/2021\/04\/20210402-E-03-Klaus-Brand-Bahnschweller-2048x1156.jpg 2048w, https:\/\/www.fw-oebb.at\/wp-content\/uploads\/2021\/04\/20210402-E-03-Klaus-Brand-Bahnschweller-830x469.jpg 830w, https:\/\/www.fw-oebb.at\/wp-content\/uploads\/2021\/04\/20210402-E-03-Klaus-Brand-Bahnschweller-230x130.jpg 230w, https:\/\/www.fw-oebb.at\/wp-content\/uploads\/2021\/04\/20210402-E-03-Klaus-Brand-Bahnschweller-350x198.jpg 350w, https:\/\/www.fw-oebb.at\/wp-content\/uploads\/2021\/04\/20210402-E-03-Klaus-Brand-Bahnschweller-480x271.jpg 480w, https:\/\/www.fw-oebb.at\/wp-content\/uploads\/2021\/04\/20210402-E-03-Klaus-Brand-Bahnschweller-250x141.jpg 250w, https:\/\/www.fw-oebb.at\/wp-content\/uploads\/2021\/04\/20210402-E-03-Klaus-Brand-Bahnschweller-550x310.jpg 550w, https:\/\/www.fw-oebb.at\/wp-content\/uploads\/2021\/04\/20210402-E-03-Klaus-Brand-Bahnschweller-800x452.jpg 800w, https:\/\/www.fw-oebb.at\/wp-content\/uploads\/2021\/04\/20210402-E-03-Klaus-Brand-Bahnschweller-319x180.jpg 319w, https:\/\/www.fw-oebb.at\/wp-content\/uploads\/2021\/04\/20210402-E-03-Klaus-Brand-Bahnschweller-531x300.jpg 531w, https:\/\/www.fw-oebb.at\/wp-content\/uploads\/2021\/04\/20210402-E-03-Klaus-Brand-Bahnschweller-886x500.jpg 886w\" sizes=\"(max-width: 300px) 100vw, 300px\" \/><\/a><\/p>\n","protected":false},"excerpt":{"rendered":"<p>Alarmierung: 02.04.2021 um 15:48 Uhr &#8211; Stichwort: f2 Die Feuerwehr \u00d6BB wurde um 15:48 Uhr gemeinsam mit den \u00f6rtlich zust\u00e4ndigen Feuerwehren Klaus [&hellip;]<\/p>\n","protected":false},"author":2,"featured_media":0,"comment_status":"closed","ping_status":"closed","sticky":false,"template":"","format":"standard","meta":{"ngg_post_thumbnail":0,"footnotes":""},"categories":[8,28],"tags":[],"class_list":["post-4486","post","type-post","status-publish","format-standard","hentry","category-einsatze","category-einsatze-2021"],"_links":{"self":[{"href":"https:\/\/www.fw-oebb.at\/index.php\/wp-json\/wp\/v2\/posts\/4486","targetHints":{"allow":["GET"]}}],"collection":[{"href":"https:\/\/www.fw-oebb.at\/index.php\/wp-json\/wp\/v2\/posts"}],"about":[{"href":"https:\/\/www.fw-oebb.at\/index.php\/wp-json\/wp\/v2\/types\/post"}],"author":[{"embeddable":true,"href":"https:\/\/www.fw-oebb.at\/index.php\/wp-json\/wp\/v2\/users\/2"}],"replies":[{"embeddable":true,"href":"https:\/\/www.fw-oebb.at\/index.php\/wp-json\/wp\/v2\/comments?post=4486"}],"version-history":[{"count":4,"href":"https:\/\/www.fw-oebb.at\/index.php\/wp-json\/wp\/v2\/posts\/4486\/revisions"}],"predecessor-version":[{"id":4491,"href":"https:\/\/www.fw-oebb.at\/index.php\/wp-json\/wp\/v2\/posts\/4486\/revisions\/4491"}],"wp:attachment":[{"href":"https:\/\/www.fw-oebb.at\/index.php\/wp-json\/wp\/v2\/media?parent=4486"}],"wp:term":[{"taxonomy":"category","embeddable":true,"href":"https:\/\/www.fw-oebb.at\/index.php\/wp-json\/wp\/v2\/categories?post=4486"},{"taxonomy":"post_tag","embeddable":true,"href":"https:\/\/www.fw-oebb.at\/index.php\/wp-json\/wp\/v2\/tags?post=4486"}],"curies":[{"name":"wp","href":"https:\/\/api.w.org\/{rel}","templated":true}]}}