{"id":4759,"date":"2021-09-17T11:27:11","date_gmt":"2021-09-17T10:27:11","guid":{"rendered":"https:\/\/www.fw-oebb.at\/?p=4759"},"modified":"2021-09-17T11:50:28","modified_gmt":"2021-09-17T10:50:28","slug":"12-09-2021-familienwandertag-2021","status":"publish","type":"post","link":"https:\/\/www.fw-oebb.at\/index.php\/2021\/09\/17\/12-09-2021-familienwandertag-2021\/","title":{"rendered":"12.09.2021 &#8211; Familienwandertag 2021"},"content":{"rendered":"<p>Am Sonntag, dem 12. September 2021 fand der heurige Familienwandertag mit dem Ziel Bregenzerwald statt. Rund 35 Teilnehmer starteten in&nbsp; Schetteregg auf dem Parkplatz, wo sie durch Mannschaftsvertreter Nore begr\u00fc\u00dft und der Tagesablauf vorgestellt wurde. Danach ging es in einer gem\u00fctlichen Wanderung auf die Alpe Brongen. Dort angekommen erwartete die Teilnehmer ein ausgiebiges Alplerfr\u00fchst\u00fcck.<\/p>\n<p>Nach der St\u00e4rkung f\u00fchrte die Wanderung weiter \u00fcber die Alpen Obere &amp; Untere Falz wieder zur\u00fcck zum Ausgangspunkt beim Parkplatz in Schetteregg. Den gem\u00fctlichen Ausklang fand der Tag dann bei Spei\u00df, Trank und Musik im Feuerwehrhaus Gro\u00dfdorf.<\/p>\n<p>Vielen Dank an unseren Norbert F\u00e4ssler und Julian Wirth f\u00fcr die Organisation und Durchf\u00fchrung des Familienwandertages 2021, sowie an die Feuerwehr Gro\u00dfdorf f\u00fcr die Bewirtung im Anschluss an die Wanderung.<\/p>\n<div class=\"wc-gallery\"><div class='wcflexslider-container wc-gallery-bottomspace-none wc-gallery-clear'><div id='gallery-1' class='gallery wc-gallery-captions-hide gallery-link-file wcflexslider wcsliderauto' data-gutter-width='0' data-columns='3' data-hide-controls='false'><ul class='slides'>\n\t\t\t\t<li class='gallery-item gallery-item-position-1 gallery-item-attachment-4773 wcflex-slide-item'>\n\t\t\t\t\t<div class='gallery-icon landscape'>\n\t\t\t\t\t\t<a href=\"https:\/\/www.fw-oebb.at\/wp-content\/uploads\/2021\/09\/20210912-K-38-Familienwandertag-scaled.jpg\" target=\"_self\"><img src='https:\/\/www.fw-oebb.at\/wp-content\/uploads\/2021\/09\/20210912-K-38-Familienwandertag-1100x500.jpg' width='1100' height='500' alt='' \/><\/a>\n\t\t\t\t\t<\/div><\/li>\n\t\t\t\t<li class='gallery-item gallery-item-position-2 gallery-item-attachment-4775 wcflex-slide-item'>\n\t\t\t\t\t<div class='gallery-icon landscape'>\n\t\t\t\t\t\t<a href=\"https:\/\/www.fw-oebb.at\/wp-content\/uploads\/2021\/09\/20210912-K-42-Familienwandertag-scaled.jpg\" target=\"_self\"><img src='https:\/\/www.fw-oebb.at\/wp-content\/uploads\/2021\/09\/20210912-K-42-Familienwandertag-1100x500.jpg' width='1100' height='500' alt='' \/><\/a>\n\t\t\t\t\t<\/div><\/li>\n\t\t\t\t<li class='gallery-item gallery-item-position-3 gallery-item-attachment-4766 wcflex-slide-item'>\n\t\t\t\t\t<div class='gallery-icon landscape'>\n\t\t\t\t\t\t<a href=\"https:\/\/www.fw-oebb.at\/wp-content\/uploads\/2021\/09\/20210912-K-01-Familienwandertag.jpg\" target=\"_self\"><img src='https:\/\/www.fw-oebb.at\/wp-content\/uploads\/2021\/09\/20210912-K-01-Familienwandertag-1100x500.jpg' width='1100' height='500' alt='' \/><\/a>\n\t\t\t\t\t<\/div><\/li>\n\t\t\t\t<li class='gallery-item gallery-item-position-4 gallery-item-attachment-4774 wcflex-slide-item'>\n\t\t\t\t\t<div class='gallery-icon landscape'>\n\t\t\t\t\t\t<a href=\"https:\/\/www.fw-oebb.at\/wp-content\/uploads\/2021\/09\/20210912-K-39-Familienwandertag-scaled.jpg\" target=\"_self\"><img src='https:\/\/www.fw-oebb.at\/wp-content\/uploads\/2021\/09\/20210912-K-39-Familienwandertag-1100x500.jpg' width='1100' height='500' alt='' \/><\/a>\n\t\t\t\t\t<\/div><\/li>\n\t\t\t\t<li class='gallery-item gallery-item-position-5 gallery-item-attachment-4769 wcflex-slide-item'>\n\t\t\t\t\t<div class='gallery-icon landscape'>\n\t\t\t\t\t\t<a href=\"https:\/\/www.fw-oebb.at\/wp-content\/uploads\/2021\/09\/20210912-K-06-Familienwandertag.jpg\" target=\"_self\"><img src='https:\/\/www.fw-oebb.at\/wp-content\/uploads\/2021\/09\/20210912-K-06-Familienwandertag-1100x500.jpg' width='1100' height='500' alt='' \/><\/a>\n\t\t\t\t\t<\/div><\/li>\n\t\t\t\t<li class='gallery-item gallery-item-position-6 gallery-item-attachment-4776 wcflex-slide-item'>\n\t\t\t\t\t<div class='gallery-icon landscape'>\n\t\t\t\t\t\t<a href=\"https:\/\/www.fw-oebb.at\/wp-content\/uploads\/2021\/09\/20210912-K-43-Familienwandertag-scaled.jpg\" target=\"_self\"><img src='https:\/\/www.fw-oebb.at\/wp-content\/uploads\/2021\/09\/20210912-K-43-Familienwandertag-1100x500.jpg' width='1100' height='500' alt='' \/><\/a>\n\t\t\t\t\t<\/div><\/li>\n\t\t\t\t<li class='gallery-item gallery-item-position-7 gallery-item-attachment-4767 wcflex-slide-item'>\n\t\t\t\t\t<div class='gallery-icon landscape'>\n\t\t\t\t\t\t<a href=\"https:\/\/www.fw-oebb.at\/wp-content\/uploads\/2021\/09\/20210912-K-03-Familienwandertag.jpg\" target=\"_self\"><img src='https:\/\/www.fw-oebb.at\/wp-content\/uploads\/2021\/09\/20210912-K-03-Familienwandertag-1100x500.jpg' width='1100' height='500' alt='' \/><\/a>\n\t\t\t\t\t<\/div><\/li>\n\t\t\t\t<li class='gallery-item gallery-item-position-8 gallery-item-attachment-4771 wcflex-slide-item'>\n\t\t\t\t\t<div class='gallery-icon portrait'>\n\t\t\t\t\t\t<a href=\"https:\/\/www.fw-oebb.at\/wp-content\/uploads\/2021\/09\/20210912-K-12-Familienwandertag.jpg\" target=\"_self\"><img src='https:\/\/www.fw-oebb.at\/wp-content\/uploads\/2021\/09\/20210912-K-12-Familienwandertag-1100x500.jpg' width='1100' height='500' alt='' \/><\/a>\n\t\t\t\t\t<\/div><\/li>\n\t\t\t\t<li class='gallery-item gallery-item-position-9 gallery-item-attachment-4760 wcflex-slide-item'>\n\t\t\t\t\t<div class='gallery-icon landscape'>\n\t\t\t\t\t\t<a href=\"https:\/\/www.fw-oebb.at\/wp-content\/uploads\/2021\/09\/20210912-K-16-Familienwandertag.jpg\" target=\"_self\"><img src='https:\/\/www.fw-oebb.at\/wp-content\/uploads\/2021\/09\/20210912-K-16-Familienwandertag-1100x500.jpg' width='1100' height='500' alt='' \/><\/a>\n\t\t\t\t\t<\/div><\/li>\n\t\t\t\t<li class='gallery-item gallery-item-position-10 gallery-item-attachment-4761 wcflex-slide-item'>\n\t\t\t\t\t<div class='gallery-icon landscape'>\n\t\t\t\t\t\t<a href=\"https:\/\/www.fw-oebb.at\/wp-content\/uploads\/2021\/09\/20210912-K-18-Familienwandertag.jpg\" target=\"_self\"><img src='https:\/\/www.fw-oebb.at\/wp-content\/uploads\/2021\/09\/20210912-K-18-Familienwandertag-1100x500.jpg' width='1100' height='500' alt='' \/><\/a>\n\t\t\t\t\t<\/div><\/li>\n\t\t\t\t<li class='gallery-item gallery-item-position-11 gallery-item-attachment-4762 wcflex-slide-item'>\n\t\t\t\t\t<div class='gallery-icon portrait'>\n\t\t\t\t\t\t<a href=\"https:\/\/www.fw-oebb.at\/wp-content\/uploads\/2021\/09\/20210912-K-22-Familienwandertag.jpg\" target=\"_self\"><img src='https:\/\/www.fw-oebb.at\/wp-content\/uploads\/2021\/09\/20210912-K-22-Familienwandertag-1100x500.jpg' width='1100' height='500' alt='' \/><\/a>\n\t\t\t\t\t<\/div><\/li>\n\t\t\t\t<li class='gallery-item gallery-item-position-12 gallery-item-attachment-4763 wcflex-slide-item'>\n\t\t\t\t\t<div class='gallery-icon landscape'>\n\t\t\t\t\t\t<a href=\"https:\/\/www.fw-oebb.at\/wp-content\/uploads\/2021\/09\/20210912-K-23-Familienwandertag.jpg\" target=\"_self\"><img src='https:\/\/www.fw-oebb.at\/wp-content\/uploads\/2021\/09\/20210912-K-23-Familienwandertag-1100x500.jpg' width='1100' height='500' alt='' \/><\/a>\n\t\t\t\t\t<\/div><\/li>\n\t\t\t\t<li class='gallery-item gallery-item-position-13 gallery-item-attachment-4764 wcflex-slide-item'>\n\t\t\t\t\t<div class='gallery-icon landscape'>\n\t\t\t\t\t\t<a href=\"https:\/\/www.fw-oebb.at\/wp-content\/uploads\/2021\/09\/20210912-K-29-Familienwandertag.jpg\" target=\"_self\"><img src='https:\/\/www.fw-oebb.at\/wp-content\/uploads\/2021\/09\/20210912-K-29-Familienwandertag-1100x500.jpg' width='1100' height='500' alt='' \/><\/a>\n\t\t\t\t\t<\/div><\/li>\n\t\t\t\t<li class='gallery-item gallery-item-position-14 gallery-item-attachment-4765 wcflex-slide-item'>\n\t\t\t\t\t<div class='gallery-icon landscape'>\n\t\t\t\t\t\t<a href=\"https:\/\/www.fw-oebb.at\/wp-content\/uploads\/2021\/09\/20210912-K-32-Familienwandertag.jpg\" target=\"_self\"><img src='https:\/\/www.fw-oebb.at\/wp-content\/uploads\/2021\/09\/20210912-K-32-Familienwandertag-1100x500.jpg' width='1100' height='500' alt='' \/><\/a>\n\t\t\t\t\t<\/div><\/li>\n\t\t\t\t<li class='gallery-item gallery-item-position-15 gallery-item-attachment-4768 wcflex-slide-item'>\n\t\t\t\t\t<div class='gallery-icon landscape'>\n\t\t\t\t\t\t<a href=\"https:\/\/www.fw-oebb.at\/wp-content\/uploads\/2021\/09\/20210912-K-04-Familienwandertag.jpg\" target=\"_self\"><img src='https:\/\/www.fw-oebb.at\/wp-content\/uploads\/2021\/09\/20210912-K-04-Familienwandertag-1100x500.jpg' width='1100' height='500' alt='' \/><\/a>\n\t\t\t\t\t<\/div><\/li>\n\t\t\t\t<li class='gallery-item gallery-item-position-16 gallery-item-attachment-4770 wcflex-slide-item'>\n\t\t\t\t\t<div class='gallery-icon portrait'>\n\t\t\t\t\t\t<a href=\"https:\/\/www.fw-oebb.at\/wp-content\/uploads\/2021\/09\/20210912-K-09-Familienwandertag.jpg\" target=\"_self\"><img src='https:\/\/www.fw-oebb.at\/wp-content\/uploads\/2021\/09\/20210912-K-09-Familienwandertag-1100x500.jpg' width='1100' height='500' alt='' \/><\/a>\n\t\t\t\t\t<\/div><\/li><\/ul><\/div>\n<\/div>\n<\/div>\n","protected":false},"excerpt":{"rendered":"<p>Am Sonntag, dem 12. September 2021 fand der heurige Familienwandertag mit dem Ziel Bregenzerwald statt. Rund 35 Teilnehmer starteten in&nbsp; Schetteregg auf [&hellip;]<\/p>\n","protected":false},"author":2,"featured_media":0,"comment_status":"closed","ping_status":"closed","sticky":false,"template":"","format":"standard","meta":{"ngg_post_thumbnail":0,"footnotes":""},"categories":[15],"tags":[],"class_list":["post-4759","post","type-post","status-publish","format-standard","hentry","category-news"],"_links":{"self":[{"href":"https:\/\/www.fw-oebb.at\/index.php\/wp-json\/wp\/v2\/posts\/4759","targetHints":{"allow":["GET"]}}],"collection":[{"href":"https:\/\/www.fw-oebb.at\/index.php\/wp-json\/wp\/v2\/posts"}],"about":[{"href":"https:\/\/www.fw-oebb.at\/index.php\/wp-json\/wp\/v2\/types\/post"}],"author":[{"embeddable":true,"href":"https:\/\/www.fw-oebb.at\/index.php\/wp-json\/wp\/v2\/users\/2"}],"replies":[{"embeddable":true,"href":"https:\/\/www.fw-oebb.at\/index.php\/wp-json\/wp\/v2\/comments?post=4759"}],"version-history":[{"count":3,"href":"https:\/\/www.fw-oebb.at\/index.php\/wp-json\/wp\/v2\/posts\/4759\/revisions"}],"predecessor-version":[{"id":4780,"href":"https:\/\/www.fw-oebb.at\/index.php\/wp-json\/wp\/v2\/posts\/4759\/revisions\/4780"}],"wp:attachment":[{"href":"https:\/\/www.fw-oebb.at\/index.php\/wp-json\/wp\/v2\/media?parent=4759"}],"wp:term":[{"taxonomy":"category","embeddable":true,"href":"https:\/\/www.fw-oebb.at\/index.php\/wp-json\/wp\/v2\/categories?post=4759"},{"taxonomy":"post_tag","embeddable":true,"href":"https:\/\/www.fw-oebb.at\/index.php\/wp-json\/wp\/v2\/tags?post=4759"}],"curies":[{"name":"wp","href":"https:\/\/api.w.org\/{rel}","templated":true}]}}