{"id":4862,"date":"2021-10-10T15:01:19","date_gmt":"2021-10-10T14:01:19","guid":{"rendered":"https:\/\/www.fw-oebb.at\/?p=4862"},"modified":"2021-10-10T15:01:19","modified_gmt":"2021-10-10T14:01:19","slug":"07-10-2021-einsatzubung-umweltschutzgleis","status":"publish","type":"post","link":"https:\/\/www.fw-oebb.at\/index.php\/2021\/10\/10\/07-10-2021-einsatzubung-umweltschutzgleis\/","title":{"rendered":"07.10.2021 &#8211; Einsatz\u00fcbung Umweltschutzgleis"},"content":{"rendered":"<p>Am Donnerstag, dem 07. Oktober 2021 fand eine Einsatz\u00fcbung beim Umweltschutzgleis auf dem Gel\u00e4nde des G\u00fcterbahnhofes Wolfurt statt. \u00dcbungsannahme war ein PKW, welcher die Gleisanlage \u00fcberqueren wollte und von einem Zug erfasst wurde. Der Fahrer des PKW wurde dabei im Fahrzeug eingeklemmt und musste befreit werden. Im Laufe der \u00dcbung wurde im Waggon eine Brandentwicklung festgestellt und der Waggon musste unter Atemschutz abgesucht und die darin befindlichen Personen gerettet werden.<\/p>\n<p>Vielen Dank an die \u00dcbungsverantwortlichen Kameraden f\u00fcr die Ausarbeitung dieser interessanten \u00dcbung und an die Einsatzmannschaft f\u00fcr die Teilnahme an dieser Ausbildungseinheit.<\/p>\n<div class=\"wc-gallery\"><div class='wcflexslider-container wc-gallery-bottomspace-none wc-gallery-clear'><div id='gallery-1' class='gallery wc-gallery-captions-hide gallery-link-file wcflexslider wcsliderauto' data-gutter-width='0' data-columns='3' data-hide-controls='false'><ul class='slides'>\n\t\t\t\t<li class='gallery-item gallery-item-position-1 gallery-item-attachment-4863 wcflex-slide-item'>\n\t\t\t\t\t<div class='gallery-icon portrait'>\n\t\t\t\t\t\t<a href=\"https:\/\/www.fw-oebb.at\/wp-content\/uploads\/2021\/10\/20211007-A-13-Einsatzubung-Umweltschutzgleis.jpg\" target=\"_self\"><img src='https:\/\/www.fw-oebb.at\/wp-content\/uploads\/2021\/10\/20211007-A-13-Einsatzubung-Umweltschutzgleis-1100x500.jpg' width='1100' height='500' alt='' \/><\/a>\n\t\t\t\t\t<\/div><\/li>\n\t\t\t\t<li class='gallery-item gallery-item-position-2 gallery-item-attachment-4864 wcflex-slide-item'>\n\t\t\t\t\t<div class='gallery-icon portrait'>\n\t\t\t\t\t\t<a href=\"https:\/\/www.fw-oebb.at\/wp-content\/uploads\/2021\/10\/20211007-A-01-Einsatzubung-Umweltschutzgleis.jpg\" target=\"_self\"><img src='https:\/\/www.fw-oebb.at\/wp-content\/uploads\/2021\/10\/20211007-A-01-Einsatzubung-Umweltschutzgleis-1100x500.jpg' width='1100' height='500' alt='' \/><\/a>\n\t\t\t\t\t<\/div><\/li>\n\t\t\t\t<li class='gallery-item gallery-item-position-3 gallery-item-attachment-4865 wcflex-slide-item'>\n\t\t\t\t\t<div class='gallery-icon landscape'>\n\t\t\t\t\t\t<a href=\"https:\/\/www.fw-oebb.at\/wp-content\/uploads\/2021\/10\/20211007-A-03-Einsatzubung-Umweltschutzgleis.jpg\" target=\"_self\"><img src='https:\/\/www.fw-oebb.at\/wp-content\/uploads\/2021\/10\/20211007-A-03-Einsatzubung-Umweltschutzgleis-1100x500.jpg' width='1100' height='500' alt='' \/><\/a>\n\t\t\t\t\t<\/div><\/li>\n\t\t\t\t<li class='gallery-item gallery-item-position-4 gallery-item-attachment-4866 wcflex-slide-item'>\n\t\t\t\t\t<div class='gallery-icon landscape'>\n\t\t\t\t\t\t<a href=\"https:\/\/www.fw-oebb.at\/wp-content\/uploads\/2021\/10\/20211007-A-09-Einsatzubung-Umweltschutzgleis.jpg\" target=\"_self\"><img src='https:\/\/www.fw-oebb.at\/wp-content\/uploads\/2021\/10\/20211007-A-09-Einsatzubung-Umweltschutzgleis-1100x500.jpg' width='1100' height='500' alt='' \/><\/a>\n\t\t\t\t\t<\/div><\/li><\/ul><\/div>\n<\/div>\n<\/div>\n","protected":false},"excerpt":{"rendered":"<p>Am Donnerstag, dem 07. Oktober 2021 fand eine Einsatz\u00fcbung beim Umweltschutzgleis auf dem Gel\u00e4nde des G\u00fcterbahnhofes Wolfurt statt. \u00dcbungsannahme war ein PKW, [&hellip;]<\/p>\n","protected":false},"author":2,"featured_media":0,"comment_status":"closed","ping_status":"closed","sticky":false,"template":"","format":"standard","meta":{"ngg_post_thumbnail":0,"footnotes":""},"categories":[13,29],"tags":[],"class_list":["post-4862","post","type-post","status-publish","format-standard","hentry","category-ausbildung","category-ausbildung-2021"],"_links":{"self":[{"href":"https:\/\/www.fw-oebb.at\/index.php\/wp-json\/wp\/v2\/posts\/4862","targetHints":{"allow":["GET"]}}],"collection":[{"href":"https:\/\/www.fw-oebb.at\/index.php\/wp-json\/wp\/v2\/posts"}],"about":[{"href":"https:\/\/www.fw-oebb.at\/index.php\/wp-json\/wp\/v2\/types\/post"}],"author":[{"embeddable":true,"href":"https:\/\/www.fw-oebb.at\/index.php\/wp-json\/wp\/v2\/users\/2"}],"replies":[{"embeddable":true,"href":"https:\/\/www.fw-oebb.at\/index.php\/wp-json\/wp\/v2\/comments?post=4862"}],"version-history":[{"count":1,"href":"https:\/\/www.fw-oebb.at\/index.php\/wp-json\/wp\/v2\/posts\/4862\/revisions"}],"predecessor-version":[{"id":4867,"href":"https:\/\/www.fw-oebb.at\/index.php\/wp-json\/wp\/v2\/posts\/4862\/revisions\/4867"}],"wp:attachment":[{"href":"https:\/\/www.fw-oebb.at\/index.php\/wp-json\/wp\/v2\/media?parent=4862"}],"wp:term":[{"taxonomy":"category","embeddable":true,"href":"https:\/\/www.fw-oebb.at\/index.php\/wp-json\/wp\/v2\/categories?post=4862"},{"taxonomy":"post_tag","embeddable":true,"href":"https:\/\/www.fw-oebb.at\/index.php\/wp-json\/wp\/v2\/tags?post=4862"}],"curies":[{"name":"wp","href":"https:\/\/api.w.org\/{rel}","templated":true}]}}