{"id":4973,"date":"2022-01-05T16:07:31","date_gmt":"2022-01-05T15:07:31","guid":{"rendered":"https:\/\/www.fw-oebb.at\/?p=4973"},"modified":"2022-01-05T16:15:34","modified_gmt":"2022-01-05T15:15:34","slug":"einsatz-001-rankweil-kunert-industriepark-brand-industriehalle","status":"publish","type":"post","link":"https:\/\/www.fw-oebb.at\/index.php\/2022\/01\/05\/einsatz-001-rankweil-kunert-industriepark-brand-industriehalle\/","title":{"rendered":"Einsatz 001 &#8211; Rankweil, Kunert Industriepark- Brand Industriehalle"},"content":{"rendered":"<p>Alarmierung: 01.01.2022 um 04:47 Uhr &#8211; Stichwort. f11<\/p>\n<p>Die Feuerwehr \u00d6BB wurde um 04:47 Uhr zur Unterst\u00fctzung mit dem WLF samt Telelader zu einem Brand einer Industriehalle in Rankweil-Brederis alarmiert. Am Einsatzort mussten die L\u00f6scharbeiten mit dem Arbeitskorb des Teleladers unterst\u00fctzt werden. Des Weiteren wurde Brandschutt zum Abl\u00f6schen mit der Paletten Gabel aus der Brandhalle transportiert.&nbsp;<\/p>\n<p>Im Einsatz standen: FW \u00d6BB mit KEF, WLF und Telelader sowie die Feuerwehren Rankweil, Zwischenwasser, Meiningen, \u00dcbersaxen, G\u00f6fis, G\u00f6tzis, Feldkirch-Gisingen, Feldkirch-Nofels, Feldkirch-Tosters, Feldkirch-Stadt, Feldkirch-Altenstadt, N\u00fcziders, Bludenz, M\u00e4der, Altach, Hohenems, Lustenau, R\u00f6this, Weiler, Sulz, Koblach, Hirschmann-Automotiv, der Rettungsdienst und die Polizei<\/p>\n<div class=\"wc-gallery\"><div class='wcflexslider-container wc-gallery-bottomspace-none wc-gallery-clear'><div id='gallery-1' class='gallery wc-gallery-captions-hide gallery-link-file wcflexslider wcsliderauto' data-gutter-width='0' data-columns='3' data-hide-controls='false'><ul class='slides'>\n\t\t\t\t<li class='gallery-item gallery-item-position-1 gallery-item-attachment-4974 wcflex-slide-item'>\n\t\t\t\t\t<div class='gallery-icon portrait'>\n\t\t\t\t\t\t<a href=\"https:\/\/www.fw-oebb.at\/wp-content\/uploads\/2022\/01\/20220101-E-64-Vollbrand-Kunert-Areal-unbekannte-Fotografen.jpg\" target=\"_self\"><img src='https:\/\/www.fw-oebb.at\/wp-content\/uploads\/2022\/01\/20220101-E-64-Vollbrand-Kunert-Areal-unbekannte-Fotografen-1100x500.jpg' width='1100' height='500' alt='' \/><\/a>\n\t\t\t\t\t<\/div><\/li>\n\t\t\t\t<li class='gallery-item gallery-item-position-2 gallery-item-attachment-4988 wcflex-slide-item'>\n\t\t\t\t\t<div class='gallery-icon landscape'>\n\t\t\t\t\t\t<a href=\"https:\/\/www.fw-oebb.at\/wp-content\/uploads\/2022\/01\/20220101-E-01-Vollbrand-Kunert-Areal-Fotos-Dietmar-Mathis-scaled.jpg\" target=\"_self\"><img src='https:\/\/www.fw-oebb.at\/wp-content\/uploads\/2022\/01\/20220101-E-01-Vollbrand-Kunert-Areal-Fotos-Dietmar-Mathis-1100x500.jpg' width='1100' height='500' alt='' \/><\/a>\n\t\t\t\t\t<\/div><\/li>\n\t\t\t\t<li class='gallery-item gallery-item-position-3 gallery-item-attachment-4978 wcflex-slide-item'>\n\t\t\t\t\t<div class='gallery-icon landscape'>\n\t\t\t\t\t\t<a href=\"https:\/\/www.fw-oebb.at\/wp-content\/uploads\/2022\/01\/20220101-E-09-Vollbrand-Kunert-Areal-Fotos-Daniel-Lampert-scaled.jpg\" target=\"_self\"><img src='https:\/\/www.fw-oebb.at\/wp-content\/uploads\/2022\/01\/20220101-E-09-Vollbrand-Kunert-Areal-Fotos-Daniel-Lampert-1100x500.jpg' width='1100' height='500' alt='' \/><\/a>\n\t\t\t\t\t<\/div><\/li>\n\t\t\t\t<li class='gallery-item gallery-item-position-4 gallery-item-attachment-4977 wcflex-slide-item'>\n\t\t\t\t\t<div class='gallery-icon landscape'>\n\t\t\t\t\t\t<a href=\"https:\/\/www.fw-oebb.at\/wp-content\/uploads\/2022\/01\/20220101-E-05-Vollbrand-Kunert-Areal-Fotos-Daniel-Lampert-scaled.jpg\" target=\"_self\"><img src='https:\/\/www.fw-oebb.at\/wp-content\/uploads\/2022\/01\/20220101-E-05-Vollbrand-Kunert-Areal-Fotos-Daniel-Lampert-1100x500.jpg' width='1100' height='500' alt='' \/><\/a>\n\t\t\t\t\t<\/div><\/li>\n\t\t\t\t<li class='gallery-item gallery-item-position-5 gallery-item-attachment-4989 wcflex-slide-item'>\n\t\t\t\t\t<div class='gallery-icon landscape'>\n\t\t\t\t\t\t<a href=\"https:\/\/www.fw-oebb.at\/wp-content\/uploads\/2022\/01\/20220101-E-18-Vollbrand-Kunert-Areal-Fotos-Dietmar-Mathis-scaled.jpg\" target=\"_self\"><img src='https:\/\/www.fw-oebb.at\/wp-content\/uploads\/2022\/01\/20220101-E-18-Vollbrand-Kunert-Areal-Fotos-Dietmar-Mathis-1100x500.jpg' width='1100' height='500' alt='' \/><\/a>\n\t\t\t\t\t<\/div><\/li>\n\t\t\t\t<li class='gallery-item gallery-item-position-6 gallery-item-attachment-4980 wcflex-slide-item'>\n\t\t\t\t\t<div class='gallery-icon landscape'>\n\t\t\t\t\t\t<a href=\"https:\/\/www.fw-oebb.at\/wp-content\/uploads\/2022\/01\/20220101-E-27-Vollbrand-Kunert-Areal-Fotos-Daniel-Lampert-scaled.jpg\" target=\"_self\"><img src='https:\/\/www.fw-oebb.at\/wp-content\/uploads\/2022\/01\/20220101-E-27-Vollbrand-Kunert-Areal-Fotos-Daniel-Lampert-1100x500.jpg' width='1100' height='500' alt='' \/><\/a>\n\t\t\t\t\t<\/div><\/li>\n\t\t\t\t<li class='gallery-item gallery-item-position-7 gallery-item-attachment-4976 wcflex-slide-item'>\n\t\t\t\t\t<div class='gallery-icon portrait'>\n\t\t\t\t\t\t<a href=\"https:\/\/www.fw-oebb.at\/wp-content\/uploads\/2022\/01\/20220101-E-63-Vollbrand-Kunert-Areal-unbekannte-Fotografen.jpg\" target=\"_self\"><img src='https:\/\/www.fw-oebb.at\/wp-content\/uploads\/2022\/01\/20220101-E-63-Vollbrand-Kunert-Areal-unbekannte-Fotografen-1100x500.jpg' width='1100' height='500' alt='' \/><\/a>\n\t\t\t\t\t<\/div><\/li>\n\t\t\t\t<li class='gallery-item gallery-item-position-8 gallery-item-attachment-4979 wcflex-slide-item'>\n\t\t\t\t\t<div class='gallery-icon landscape'>\n\t\t\t\t\t\t<a href=\"https:\/\/www.fw-oebb.at\/wp-content\/uploads\/2022\/01\/20220101-E-23-Vollbrand-Kunert-Areal-Fotos-Daniel-Lampert-scaled.jpg\" target=\"_self\"><img src='https:\/\/www.fw-oebb.at\/wp-content\/uploads\/2022\/01\/20220101-E-23-Vollbrand-Kunert-Areal-Fotos-Daniel-Lampert-1100x500.jpg' width='1100' height='500' alt='' \/><\/a>\n\t\t\t\t\t<\/div><\/li>\n\t\t\t\t<li class='gallery-item gallery-item-position-9 gallery-item-attachment-4987 wcflex-slide-item'>\n\t\t\t\t\t<div class='gallery-icon landscape'>\n\t\t\t\t\t\t<a href=\"https:\/\/www.fw-oebb.at\/wp-content\/uploads\/2022\/01\/20220101-E-26-Vollbrand-Kunert-Areal-Fotos-Dietmar-Mathis-scaled.jpg\" target=\"_self\"><img src='https:\/\/www.fw-oebb.at\/wp-content\/uploads\/2022\/01\/20220101-E-26-Vollbrand-Kunert-Areal-Fotos-Dietmar-Mathis-1100x500.jpg' width='1100' height='500' alt='' \/><\/a>\n\t\t\t\t\t<\/div><\/li>\n\t\t\t\t<li class='gallery-item gallery-item-position-10 gallery-item-attachment-4975 wcflex-slide-item'>\n\t\t\t\t\t<div class='gallery-icon landscape'>\n\t\t\t\t\t\t<a href=\"https:\/\/www.fw-oebb.at\/wp-content\/uploads\/2022\/01\/20220101-E-70-Vollbrand-Kunert-Areal-unbekannte-Fotografen.jpg\" target=\"_self\"><img src='https:\/\/www.fw-oebb.at\/wp-content\/uploads\/2022\/01\/20220101-E-70-Vollbrand-Kunert-Areal-unbekannte-Fotografen-1100x500.jpg' width='1100' height='500' alt='' \/><\/a>\n\t\t\t\t\t<\/div><\/li><\/ul><\/div>\n<\/div>\n<\/div>\n","protected":false},"excerpt":{"rendered":"<p>Alarmierung: 01.01.2022 um 04:47 Uhr &#8211; Stichwort. f11 Die Feuerwehr \u00d6BB wurde um 04:47 Uhr zur Unterst\u00fctzung mit dem WLF samt Telelader [&hellip;]<\/p>\n","protected":false},"author":2,"featured_media":0,"comment_status":"closed","ping_status":"closed","sticky":false,"template":"","format":"standard","meta":{"ngg_post_thumbnail":0,"footnotes":""},"categories":[8,31],"tags":[],"class_list":["post-4973","post","type-post","status-publish","format-standard","hentry","category-einsatze","category-einsatze-2022"],"_links":{"self":[{"href":"https:\/\/www.fw-oebb.at\/index.php\/wp-json\/wp\/v2\/posts\/4973","targetHints":{"allow":["GET"]}}],"collection":[{"href":"https:\/\/www.fw-oebb.at\/index.php\/wp-json\/wp\/v2\/posts"}],"about":[{"href":"https:\/\/www.fw-oebb.at\/index.php\/wp-json\/wp\/v2\/types\/post"}],"author":[{"embeddable":true,"href":"https:\/\/www.fw-oebb.at\/index.php\/wp-json\/wp\/v2\/users\/2"}],"replies":[{"embeddable":true,"href":"https:\/\/www.fw-oebb.at\/index.php\/wp-json\/wp\/v2\/comments?post=4973"}],"version-history":[{"count":5,"href":"https:\/\/www.fw-oebb.at\/index.php\/wp-json\/wp\/v2\/posts\/4973\/revisions"}],"predecessor-version":[{"id":4991,"href":"https:\/\/www.fw-oebb.at\/index.php\/wp-json\/wp\/v2\/posts\/4973\/revisions\/4991"}],"wp:attachment":[{"href":"https:\/\/www.fw-oebb.at\/index.php\/wp-json\/wp\/v2\/media?parent=4973"}],"wp:term":[{"taxonomy":"category","embeddable":true,"href":"https:\/\/www.fw-oebb.at\/index.php\/wp-json\/wp\/v2\/categories?post=4973"},{"taxonomy":"post_tag","embeddable":true,"href":"https:\/\/www.fw-oebb.at\/index.php\/wp-json\/wp\/v2\/tags?post=4973"}],"curies":[{"name":"wp","href":"https:\/\/api.w.org\/{rel}","templated":true}]}}