{"id":5320,"date":"2022-06-11T14:54:58","date_gmt":"2022-06-11T13:54:58","guid":{"rendered":"https:\/\/www.fw-oebb.at\/?p=5320"},"modified":"2022-06-11T15:18:28","modified_gmt":"2022-06-11T14:18:28","slug":"10-06-2022-hochzeit-von-mathias-und-sabrina","status":"publish","type":"post","link":"https:\/\/www.fw-oebb.at\/index.php\/2022\/06\/11\/10-06-2022-hochzeit-von-mathias-und-sabrina\/","title":{"rendered":"10.06.2022 &#8211; Hochzeit von Mathias und Sabrina"},"content":{"rendered":"<p>Am Freitag, dem 10.06.2022 hat unser Feuerwehrkamerad Mathias Ausserbrunner seine langj\u00e4hrige Partnerin Sabrina in den Bund der Ehe gef\u00fchrt. &nbsp;Vor dem Traualtar in der Rankler Basilika haben sich die beiden das Ja Wort geben und sind so einen gro\u00dfen Schritt in die gemeinsame Zukunft gegangen. Nach der festlichen Trauung wurde das Brautpaar dann beim Durchmarsch des traditionellen Schlauchtunnels mit Blaulicht und Martinshorn <span data-offset-key=\"b58fp-0-0\">begr\u00fc\u00dft.<\/span><\/p>\n<p>Wir w\u00fcnschen dem frisch verm\u00e4hlten Paar eine gl\u00fcckliche gemeinsame Zukunft. Eure Feuerwehrfamilie<\/p>\n<div class=\"wc-gallery\"><div class='wcflexslider-container wc-gallery-bottomspace-none wc-gallery-clear'><div id='gallery-1' class='gallery wc-gallery-captions-hide gallery-link-file wcflexslider wcsliderauto' data-gutter-width='0' data-columns='3' data-hide-controls='false'><ul class='slides'>\n\t\t\t\t<li class='gallery-item gallery-item-position-1 gallery-item-attachment-5322 wcflex-slide-item'>\n\t\t\t\t\t<div class='gallery-icon landscape'>\n\t\t\t\t\t\t<a href=\"https:\/\/www.fw-oebb.at\/wp-content\/uploads\/2022\/06\/20220610-K-1-Hochzeit-Mathias-und-Sabrina-scaled.jpg\" target=\"_self\"><img src='https:\/\/www.fw-oebb.at\/wp-content\/uploads\/2022\/06\/20220610-K-1-Hochzeit-Mathias-und-Sabrina-1100x500.jpg' width='1100' height='500' alt='' \/><\/a>\n\t\t\t\t\t<\/div><\/li>\n\t\t\t\t<li class='gallery-item gallery-item-position-2 gallery-item-attachment-5323 wcflex-slide-item'>\n\t\t\t\t\t<div class='gallery-icon portrait'>\n\t\t\t\t\t\t<a href=\"https:\/\/www.fw-oebb.at\/wp-content\/uploads\/2022\/06\/20220610-K-9-Hochzeit-Mathias-und-Sabrina.jpg\" target=\"_self\"><img src='https:\/\/www.fw-oebb.at\/wp-content\/uploads\/2022\/06\/20220610-K-9-Hochzeit-Mathias-und-Sabrina-768x500.jpg' width='768' height='500' alt='' \/><\/a>\n\t\t\t\t\t<\/div><\/li>\n\t\t\t\t<li class='gallery-item gallery-item-position-3 gallery-item-attachment-5324 wcflex-slide-item'>\n\t\t\t\t\t<div class='gallery-icon portrait'>\n\t\t\t\t\t\t<a href=\"https:\/\/www.fw-oebb.at\/wp-content\/uploads\/2022\/06\/20220610-K-10-Hochzeit-Mathias-und-Sabrina.jpg\" target=\"_self\"><img src='https:\/\/www.fw-oebb.at\/wp-content\/uploads\/2022\/06\/20220610-K-10-Hochzeit-Mathias-und-Sabrina-768x500.jpg' width='768' height='500' alt='' \/><\/a>\n\t\t\t\t\t<\/div><\/li><\/ul><\/div>\n<\/div>\n<\/div>\n<p>&nbsp;<\/p>\n","protected":false},"excerpt":{"rendered":"<p>Am Freitag, dem 10.06.2022 hat unser Feuerwehrkamerad Mathias Ausserbrunner seine langj\u00e4hrige Partnerin Sabrina in den Bund der Ehe gef\u00fchrt. &nbsp;Vor dem Traualtar [&hellip;]<\/p>\n","protected":false},"author":2,"featured_media":0,"comment_status":"closed","ping_status":"closed","sticky":false,"template":"","format":"standard","meta":{"ngg_post_thumbnail":0,"footnotes":""},"categories":[15],"tags":[],"class_list":["post-5320","post","type-post","status-publish","format-standard","hentry","category-news"],"_links":{"self":[{"href":"https:\/\/www.fw-oebb.at\/index.php\/wp-json\/wp\/v2\/posts\/5320","targetHints":{"allow":["GET"]}}],"collection":[{"href":"https:\/\/www.fw-oebb.at\/index.php\/wp-json\/wp\/v2\/posts"}],"about":[{"href":"https:\/\/www.fw-oebb.at\/index.php\/wp-json\/wp\/v2\/types\/post"}],"author":[{"embeddable":true,"href":"https:\/\/www.fw-oebb.at\/index.php\/wp-json\/wp\/v2\/users\/2"}],"replies":[{"embeddable":true,"href":"https:\/\/www.fw-oebb.at\/index.php\/wp-json\/wp\/v2\/comments?post=5320"}],"version-history":[{"count":4,"href":"https:\/\/www.fw-oebb.at\/index.php\/wp-json\/wp\/v2\/posts\/5320\/revisions"}],"predecessor-version":[{"id":5328,"href":"https:\/\/www.fw-oebb.at\/index.php\/wp-json\/wp\/v2\/posts\/5320\/revisions\/5328"}],"wp:attachment":[{"href":"https:\/\/www.fw-oebb.at\/index.php\/wp-json\/wp\/v2\/media?parent=5320"}],"wp:term":[{"taxonomy":"category","embeddable":true,"href":"https:\/\/www.fw-oebb.at\/index.php\/wp-json\/wp\/v2\/categories?post=5320"},{"taxonomy":"post_tag","embeddable":true,"href":"https:\/\/www.fw-oebb.at\/index.php\/wp-json\/wp\/v2\/tags?post=5320"}],"curies":[{"name":"wp","href":"https:\/\/api.w.org\/{rel}","templated":true}]}}