{"id":5350,"date":"2022-06-29T12:47:47","date_gmt":"2022-06-29T11:47:47","guid":{"rendered":"https:\/\/www.fw-oebb.at\/?p=5350"},"modified":"2022-06-29T15:10:59","modified_gmt":"2022-06-29T14:10:59","slug":"einsatz-051-obb-strecke-feldkirch-bregenz-baum-in-oberleitung","status":"publish","type":"post","link":"https:\/\/www.fw-oebb.at\/index.php\/2022\/06\/29\/einsatz-051-obb-strecke-feldkirch-bregenz-baum-in-oberleitung\/","title":{"rendered":"Einsatz 051 &#8211; \u00d6BB Strecke Feldkirch-Bregenz &#8211; Baum in Oberleitung"},"content":{"rendered":"<p>Alarmierung: 28.06.2022 um 12:10 Uhr &#8211; Stichwort: f2,r1<\/p>\n<p>Die Feuerwehr \u00d6BB wurde um 12:10 Uhr gemeinsam mit der \u00f6rtlich zust\u00e4ndigen Feuerwehr Dornbirn zu einem Einsatz auf der \u00d6BB Strecke Feldkirch-Bregenz alarmiert. Auf Grund von Holzschl\u00e4gerungen direkt neben der Bahnlinie ist ein Baum in die Oberleitung gefallen. Die Aufgabe der Einsatzkr\u00e4fte war es, die \u00d6BB Bahnstrecke zwischen Hohenems und Dornbirn zu sperren, die Abschaltung der Oberleitung in diesem Bereich zu veranlassen, die Erdung der Oberleitung durchzuf\u00fchren und den gesamten Bereich abzusperren. In weiterer Folge erfolgte die Bergung der B\u00e4ume durch ein Kranfahrzeug und die Kontrolle der Oberleitung durch den \u00d6BB technischen Dienst.<\/p>\n<p>Im Einsatz standen: FW \u00d6BB mit KEF, KDO1, WLF und VLF sowie die Feuerwehr Dornbirn, der Rettungsdienst und die Polizei<\/p>\n<div class=\"wc-gallery\"><div class='wcflexslider-container wc-gallery-bottomspace-none wc-gallery-clear'><div id='gallery-1' class='gallery wc-gallery-captions-hide gallery-link-file wcflexslider wcsliderauto' data-gutter-width='0' data-columns='3' data-hide-controls='false'><ul class='slides'>\n\t\t\t\t<li class='gallery-item gallery-item-position-1 gallery-item-attachment-5354 wcflex-slide-item'>\n\t\t\t\t\t<div class='gallery-icon portrait'>\n\t\t\t\t\t\t<a href=\"https:\/\/www.fw-oebb.at\/wp-content\/uploads\/2022\/06\/20220628-E-07-Dornbirn-Baum-in-Oberleitung.jpg\" target=\"_self\"><img src='https:\/\/www.fw-oebb.at\/wp-content\/uploads\/2022\/06\/20220628-E-07-Dornbirn-Baum-in-Oberleitung-1100x500.jpg' width='1100' height='500' alt='' \/><\/a>\n\t\t\t\t\t<\/div><\/li>\n\t\t\t\t<li class='gallery-item gallery-item-position-2 gallery-item-attachment-5353 wcflex-slide-item'>\n\t\t\t\t\t<div class='gallery-icon landscape'>\n\t\t\t\t\t\t<a href=\"https:\/\/www.fw-oebb.at\/wp-content\/uploads\/2022\/06\/20220628-E-05-Dornbirn-Baum-in-Oberleitung-scaled.jpg\" target=\"_self\"><img src='https:\/\/www.fw-oebb.at\/wp-content\/uploads\/2022\/06\/20220628-E-05-Dornbirn-Baum-in-Oberleitung-1100x500.jpg' width='1100' height='500' alt='' \/><\/a>\n\t\t\t\t\t<\/div><\/li>\n\t\t\t\t<li class='gallery-item gallery-item-position-3 gallery-item-attachment-5352 wcflex-slide-item'>\n\t\t\t\t\t<div class='gallery-icon portrait'>\n\t\t\t\t\t\t<a href=\"https:\/\/www.fw-oebb.at\/wp-content\/uploads\/2022\/06\/20220628-E-12-Dornbirn-Baum-in-Oberleitung.jpg\" target=\"_self\"><img src='https:\/\/www.fw-oebb.at\/wp-content\/uploads\/2022\/06\/20220628-E-12-Dornbirn-Baum-in-Oberleitung-1080x500.jpg' width='1080' height='500' alt='' \/><\/a>\n\t\t\t\t\t<\/div><\/li>\n\t\t\t\t<li class='gallery-item gallery-item-position-4 gallery-item-attachment-5351 wcflex-slide-item'>\n\t\t\t\t\t<div class='gallery-icon landscape'>\n\t\t\t\t\t\t<a href=\"https:\/\/www.fw-oebb.at\/wp-content\/uploads\/2022\/06\/20220628-E-10-Dornbirn-Baum-in-Oberleitung.jpg\" target=\"_self\"><img src='https:\/\/www.fw-oebb.at\/wp-content\/uploads\/2022\/06\/20220628-E-10-Dornbirn-Baum-in-Oberleitung-1100x500.jpg' width='1100' height='500' alt='' \/><\/a>\n\t\t\t\t\t<\/div><\/li><\/ul><\/div>\n<\/div>\n<\/div>\n","protected":false},"excerpt":{"rendered":"<p>Alarmierung: 28.06.2022 um 12:10 Uhr &#8211; Stichwort: f2,r1 Die Feuerwehr \u00d6BB wurde um 12:10 Uhr gemeinsam mit der \u00f6rtlich zust\u00e4ndigen Feuerwehr Dornbirn [&hellip;]<\/p>\n","protected":false},"author":2,"featured_media":0,"comment_status":"closed","ping_status":"closed","sticky":false,"template":"","format":"standard","meta":{"ngg_post_thumbnail":0,"footnotes":""},"categories":[8,31],"tags":[],"class_list":["post-5350","post","type-post","status-publish","format-standard","hentry","category-einsatze","category-einsatze-2022"],"_links":{"self":[{"href":"https:\/\/www.fw-oebb.at\/index.php\/wp-json\/wp\/v2\/posts\/5350","targetHints":{"allow":["GET"]}}],"collection":[{"href":"https:\/\/www.fw-oebb.at\/index.php\/wp-json\/wp\/v2\/posts"}],"about":[{"href":"https:\/\/www.fw-oebb.at\/index.php\/wp-json\/wp\/v2\/types\/post"}],"author":[{"embeddable":true,"href":"https:\/\/www.fw-oebb.at\/index.php\/wp-json\/wp\/v2\/users\/2"}],"replies":[{"embeddable":true,"href":"https:\/\/www.fw-oebb.at\/index.php\/wp-json\/wp\/v2\/comments?post=5350"}],"version-history":[{"count":5,"href":"https:\/\/www.fw-oebb.at\/index.php\/wp-json\/wp\/v2\/posts\/5350\/revisions"}],"predecessor-version":[{"id":5360,"href":"https:\/\/www.fw-oebb.at\/index.php\/wp-json\/wp\/v2\/posts\/5350\/revisions\/5360"}],"wp:attachment":[{"href":"https:\/\/www.fw-oebb.at\/index.php\/wp-json\/wp\/v2\/media?parent=5350"}],"wp:term":[{"taxonomy":"category","embeddable":true,"href":"https:\/\/www.fw-oebb.at\/index.php\/wp-json\/wp\/v2\/categories?post=5350"},{"taxonomy":"post_tag","embeddable":true,"href":"https:\/\/www.fw-oebb.at\/index.php\/wp-json\/wp\/v2\/tags?post=5350"}],"curies":[{"name":"wp","href":"https:\/\/api.w.org\/{rel}","templated":true}]}}