{"id":5990,"date":"2023-04-30T13:19:35","date_gmt":"2023-04-30T12:19:35","guid":{"rendered":"https:\/\/www.fw-oebb.at\/?p=5990"},"modified":"2023-04-30T13:33:14","modified_gmt":"2023-04-30T12:33:14","slug":"27-04-2023-vollprobe-wechselladefahrzeug-und-telelader","status":"publish","type":"post","link":"https:\/\/www.fw-oebb.at\/index.php\/2023\/04\/30\/27-04-2023-vollprobe-wechselladefahrzeug-und-telelader\/","title":{"rendered":"27.04.2023 &#8211; Vollprobe Wechselladefahrzeug und Telelader"},"content":{"rendered":"<p>Am Donnerstag, dem 27.04.2023 fand eine weitere Ausbildungseinheit der Feuerwehr \u00d6BB am St\u00fctzpunkt Wolfurt statt. Der zust\u00e4ndige Dienstgrade Zug 4 hat daf\u00fcr eine \u00dcbung mit dem Wecheslladefahrzeug sowie dem Telelader vorbereitet. Aufgeteilt in 2 Gruppen wurde viel mit den Fahrzeugen ge\u00fcbt und alle Ger\u00e4te in Betrieb genommen.<\/p>\n<div class=\"wc-gallery\"><div class='wcflexslider-container wc-gallery-bottomspace-none wc-gallery-clear'><div id='gallery-1' class='gallery wc-gallery-captions-hide gallery-link-post wcflexslider wcsliderauto' data-gutter-width='0' data-columns='3' data-hide-controls='false'><ul class='slides'>\n\t\t\t\t<li class='gallery-item gallery-item-position-1 gallery-item-attachment-5994 wcflex-slide-item'>\n\t\t\t\t\t<div class='gallery-icon landscape'>\n\t\t\t\t\t\t<a href=\"https:\/\/www.fw-oebb.at\/index.php\/2023\/04\/30\/27-04-2023-vollprobe-wechselladefahrzeug-und-telelader\/20230427-a-2-wlf-und-tl\/\" target=\"_self\"><img src='https:\/\/www.fw-oebb.at\/wp-content\/uploads\/2023\/04\/20230427-A-2-WLF-und-TL-1000x500.jpg' width='1000' height='500' alt='' \/><\/a>\n\t\t\t\t\t<\/div><\/li>\n\t\t\t\t<li class='gallery-item gallery-item-position-2 gallery-item-attachment-5995 wcflex-slide-item'>\n\t\t\t\t\t<div class='gallery-icon landscape'>\n\t\t\t\t\t\t<a href=\"https:\/\/www.fw-oebb.at\/index.php\/2023\/04\/30\/27-04-2023-vollprobe-wechselladefahrzeug-und-telelader\/20230427-a-4-wlf-und-tl\/\" target=\"_self\"><img src='https:\/\/www.fw-oebb.at\/wp-content\/uploads\/2023\/04\/20230427-A-4-WLF-und-TL-1000x500.jpg' width='1000' height='500' alt='' \/><\/a>\n\t\t\t\t\t<\/div><\/li>\n\t\t\t\t<li class='gallery-item gallery-item-position-3 gallery-item-attachment-5996 wcflex-slide-item'>\n\t\t\t\t\t<div class='gallery-icon landscape'>\n\t\t\t\t\t\t<a href=\"https:\/\/www.fw-oebb.at\/index.php\/2023\/04\/30\/27-04-2023-vollprobe-wechselladefahrzeug-und-telelader\/20230427-a-6-wlf-und-tl\/\" target=\"_self\"><img src='https:\/\/www.fw-oebb.at\/wp-content\/uploads\/2023\/04\/20230427-A-6-WLF-und-TL-1000x500.jpg' width='1000' height='500' alt='' \/><\/a>\n\t\t\t\t\t<\/div><\/li>\n\t\t\t\t<li class='gallery-item gallery-item-position-4 gallery-item-attachment-5997 wcflex-slide-item'>\n\t\t\t\t\t<div class='gallery-icon landscape'>\n\t\t\t\t\t\t<a href=\"https:\/\/www.fw-oebb.at\/index.php\/2023\/04\/30\/27-04-2023-vollprobe-wechselladefahrzeug-und-telelader\/20230427-a-7-wlf-und-tl\/\" target=\"_self\"><img src='https:\/\/www.fw-oebb.at\/wp-content\/uploads\/2023\/04\/20230427-A-7-WLF-und-TL-1-1000x500.jpg' width='1000' height='500' alt='' \/><\/a>\n\t\t\t\t\t<\/div><\/li>\n\t\t\t\t<li class='gallery-item gallery-item-position-5 gallery-item-attachment-5998 wcflex-slide-item'>\n\t\t\t\t\t<div class='gallery-icon landscape'>\n\t\t\t\t\t\t<a href=\"https:\/\/www.fw-oebb.at\/index.php\/2023\/04\/30\/27-04-2023-vollprobe-wechselladefahrzeug-und-telelader\/20230427-a-9-wlf-und-tl\/\" target=\"_self\"><img src='https:\/\/www.fw-oebb.at\/wp-content\/uploads\/2023\/04\/20230427-A-9-WLF-und-TL-1000x500.jpg' width='1000' height='500' alt='' \/><\/a>\n\t\t\t\t\t<\/div><\/li>\n\t\t\t\t<li class='gallery-item gallery-item-position-6 gallery-item-attachment-5999 wcflex-slide-item'>\n\t\t\t\t\t<div class='gallery-icon landscape'>\n\t\t\t\t\t\t<a href=\"https:\/\/www.fw-oebb.at\/index.php\/2023\/04\/30\/27-04-2023-vollprobe-wechselladefahrzeug-und-telelader\/20230427-a-11-wlf-und-tl\/\" target=\"_self\"><img src='https:\/\/www.fw-oebb.at\/wp-content\/uploads\/2023\/04\/20230427-A-11-WLF-und-TL-1000x500.jpg' width='1000' height='500' alt='' \/><\/a>\n\t\t\t\t\t<\/div><\/li>\n\t\t\t\t<li class='gallery-item gallery-item-position-7 gallery-item-attachment-6000 wcflex-slide-item'>\n\t\t\t\t\t<div class='gallery-icon landscape'>\n\t\t\t\t\t\t<a href=\"https:\/\/www.fw-oebb.at\/index.php\/2023\/04\/30\/27-04-2023-vollprobe-wechselladefahrzeug-und-telelader\/20230427-a-12-wlf-und-tl\/\" target=\"_self\"><img src='https:\/\/www.fw-oebb.at\/wp-content\/uploads\/2023\/04\/20230427-A-12-WLF-und-TL-1000x500.jpg' width='1000' height='500' alt='' \/><\/a>\n\t\t\t\t\t<\/div><\/li><\/ul><\/div>\n<\/div>\n<\/div>\n","protected":false},"excerpt":{"rendered":"<p>Am Donnerstag, dem 27.04.2023 fand eine weitere Ausbildungseinheit der Feuerwehr \u00d6BB am St\u00fctzpunkt Wolfurt statt. Der zust\u00e4ndige Dienstgrade Zug 4 hat daf\u00fcr [&hellip;]<\/p>\n","protected":false},"author":2,"featured_media":0,"comment_status":"closed","ping_status":"closed","sticky":false,"template":"","format":"standard","meta":{"ngg_post_thumbnail":0,"footnotes":""},"categories":[13,32],"tags":[],"class_list":["post-5990","post","type-post","status-publish","format-standard","hentry","category-ausbildung","category-ausbildung-2023"],"_links":{"self":[{"href":"https:\/\/www.fw-oebb.at\/index.php\/wp-json\/wp\/v2\/posts\/5990","targetHints":{"allow":["GET"]}}],"collection":[{"href":"https:\/\/www.fw-oebb.at\/index.php\/wp-json\/wp\/v2\/posts"}],"about":[{"href":"https:\/\/www.fw-oebb.at\/index.php\/wp-json\/wp\/v2\/types\/post"}],"author":[{"embeddable":true,"href":"https:\/\/www.fw-oebb.at\/index.php\/wp-json\/wp\/v2\/users\/2"}],"replies":[{"embeddable":true,"href":"https:\/\/www.fw-oebb.at\/index.php\/wp-json\/wp\/v2\/comments?post=5990"}],"version-history":[{"count":3,"href":"https:\/\/www.fw-oebb.at\/index.php\/wp-json\/wp\/v2\/posts\/5990\/revisions"}],"predecessor-version":[{"id":6002,"href":"https:\/\/www.fw-oebb.at\/index.php\/wp-json\/wp\/v2\/posts\/5990\/revisions\/6002"}],"wp:attachment":[{"href":"https:\/\/www.fw-oebb.at\/index.php\/wp-json\/wp\/v2\/media?parent=5990"}],"wp:term":[{"taxonomy":"category","embeddable":true,"href":"https:\/\/www.fw-oebb.at\/index.php\/wp-json\/wp\/v2\/categories?post=5990"},{"taxonomy":"post_tag","embeddable":true,"href":"https:\/\/www.fw-oebb.at\/index.php\/wp-json\/wp\/v2\/tags?post=5990"}],"curies":[{"name":"wp","href":"https:\/\/api.w.org\/{rel}","templated":true}]}}