{"id":6269,"date":"2023-09-26T22:06:43","date_gmt":"2023-09-26T20:06:43","guid":{"rendered":"https:\/\/www.fw-oebb.at\/?p=6269"},"modified":"2023-09-26T22:16:40","modified_gmt":"2023-09-26T20:16:40","slug":"einsatz-086-obb-strecke-innsbruck-bludenz-pkw-gegen-zug","status":"publish","type":"post","link":"https:\/\/www.fw-oebb.at\/index.php\/2023\/09\/26\/einsatz-086-obb-strecke-innsbruck-bludenz-pkw-gegen-zug\/","title":{"rendered":"Einsatz 086 &#8211; \u00d6BB Strecke Innsbruck-Bludenz &#8211; PKW gegen Zug"},"content":{"rendered":"<p><strong>Alarmierung: 26.09.2023 um 11:38 Uhr &#8211; Stichwort: t4,r3,k2,h6<\/strong><\/p>\n<p>Die Feuerwehr \u00d6BB wurde gemeinsam mit den \u00f6rtlich zust\u00e4ndigen Feuerwehren Bludenz, Braz und Dalaas sowie dem Rettungsdienst zu einem Verkehrsunfall auf der \u00d6BB Strecke Innsbruck-Bludenz im Bludenzer Ortsteil Radin alarmiert. Ein PKW kollidierte auf einem mit Bahnschranken abgesicherten Bahn\u00fcbergang mit einen fahrenden Zug. Nach erfolgter Erkundung durch die Einsatzkr\u00e4fte vor Ort konnte ein leicht verletzter PKW-Fahrer, welcher nicht eingeklemmt war, festgestellt werden. Die Aufgaben der Feuerwehr \u00d6BB beschr\u00e4nkten sich deshalb auf die Unterst\u00fctzung der Einsatzkr\u00e4fte vor Ort, Mithilfe bei den Aufr\u00e4umarbeiten und die Abkl\u00e4rungen mit den \u00d6BB internen Stellen.&nbsp;<\/p>\n<p>Im Einsatz standen: FW \u00d6BB mit KEF und VLF und die Feuerwehren Bludenz, Braz, Dalaas sowie der Rettungsdienst, das KIT Team, ein Notarzthubschrauber sowie die Polizei<\/p>\n<div class=\"wc-gallery\"><div class='wcflexslider-container wc-gallery-bottomspace-none wc-gallery-clear'><div id='gallery-1' class='gallery wc-gallery-captions-hide gallery-link-file wcflexslider wcsliderauto' data-gutter-width='0' data-columns='3' data-hide-controls='false'><ul class='slides'>\n\t\t\t\t<li class='gallery-item gallery-item-position-1 gallery-item-attachment-6276 wcflex-slide-item'>\n\t\t\t\t\t<div class='gallery-icon landscape'>\n\t\t\t\t\t\t<a href=\"https:\/\/www.fw-oebb.at\/wp-content\/uploads\/2023\/09\/20230926-E-11-Radin-PKW-gegen-Zug.jpg\" target=\"_self\"><img src='https:\/\/www.fw-oebb.at\/wp-content\/uploads\/2023\/09\/20230926-E-11-Radin-PKW-gegen-Zug-1100x500.jpg' width='1100' height='500' alt='' \/><\/a>\n\t\t\t\t\t<\/div><\/li>\n\t\t\t\t<li class='gallery-item gallery-item-position-2 gallery-item-attachment-6275 wcflex-slide-item'>\n\t\t\t\t\t<div class='gallery-icon landscape'>\n\t\t\t\t\t\t<a href=\"https:\/\/www.fw-oebb.at\/wp-content\/uploads\/2023\/09\/20230926-E-08-Radin-PKW-gegen-Zug.jpg\" target=\"_self\"><img src='https:\/\/www.fw-oebb.at\/wp-content\/uploads\/2023\/09\/20230926-E-08-Radin-PKW-gegen-Zug-1100x500.jpg' width='1100' height='500' alt='' \/><\/a>\n\t\t\t\t\t<\/div><\/li>\n\t\t\t\t<li class='gallery-item gallery-item-position-3 gallery-item-attachment-6273 wcflex-slide-item'>\n\t\t\t\t\t<div class='gallery-icon landscape'>\n\t\t\t\t\t\t<a href=\"https:\/\/www.fw-oebb.at\/wp-content\/uploads\/2023\/09\/20230926-E-04-Radin-PKW-gegen-Zug.jpg\" target=\"_self\"><img src='https:\/\/www.fw-oebb.at\/wp-content\/uploads\/2023\/09\/20230926-E-04-Radin-PKW-gegen-Zug-1100x500.jpg' width='1100' height='500' alt='' \/><\/a>\n\t\t\t\t\t<\/div><\/li>\n\t\t\t\t<li class='gallery-item gallery-item-position-4 gallery-item-attachment-6277 wcflex-slide-item'>\n\t\t\t\t\t<div class='gallery-icon landscape'>\n\t\t\t\t\t\t<a href=\"https:\/\/www.fw-oebb.at\/wp-content\/uploads\/2023\/09\/20230926-E-02-Radin-PKW-gegen-Zug.jpg\" target=\"_self\"><img src='https:\/\/www.fw-oebb.at\/wp-content\/uploads\/2023\/09\/20230926-E-02-Radin-PKW-gegen-Zug-1100x500.jpg' width='1100' height='500' alt='' \/><\/a>\n\t\t\t\t\t<\/div><\/li>\n\t\t\t\t<li class='gallery-item gallery-item-position-5 gallery-item-attachment-6274 wcflex-slide-item'>\n\t\t\t\t\t<div class='gallery-icon landscape'>\n\t\t\t\t\t\t<a href=\"https:\/\/www.fw-oebb.at\/wp-content\/uploads\/2023\/09\/20230926-E-07-Radin-PKW-gegen-Zug.jpg\" target=\"_self\"><img src='https:\/\/www.fw-oebb.at\/wp-content\/uploads\/2023\/09\/20230926-E-07-Radin-PKW-gegen-Zug-1100x500.jpg' width='1100' height='500' alt='' \/><\/a>\n\t\t\t\t\t<\/div><\/li><\/ul><\/div>\n<\/div>\n<\/div>\n","protected":false},"excerpt":{"rendered":"<p>Alarmierung: 26.09.2023 um 11:38 Uhr &#8211; Stichwort: t4,r3,k2,h6 Die Feuerwehr \u00d6BB wurde gemeinsam mit den \u00f6rtlich zust\u00e4ndigen Feuerwehren Bludenz, Braz und Dalaas [&hellip;]<\/p>\n","protected":false},"author":2,"featured_media":0,"comment_status":"closed","ping_status":"closed","sticky":false,"template":"","format":"standard","meta":{"ngg_post_thumbnail":0,"footnotes":""},"categories":[8,33],"tags":[],"class_list":["post-6269","post","type-post","status-publish","format-standard","hentry","category-einsatze","category-einsatze-2023"],"_links":{"self":[{"href":"https:\/\/www.fw-oebb.at\/index.php\/wp-json\/wp\/v2\/posts\/6269","targetHints":{"allow":["GET"]}}],"collection":[{"href":"https:\/\/www.fw-oebb.at\/index.php\/wp-json\/wp\/v2\/posts"}],"about":[{"href":"https:\/\/www.fw-oebb.at\/index.php\/wp-json\/wp\/v2\/types\/post"}],"author":[{"embeddable":true,"href":"https:\/\/www.fw-oebb.at\/index.php\/wp-json\/wp\/v2\/users\/2"}],"replies":[{"embeddable":true,"href":"https:\/\/www.fw-oebb.at\/index.php\/wp-json\/wp\/v2\/comments?post=6269"}],"version-history":[{"count":7,"href":"https:\/\/www.fw-oebb.at\/index.php\/wp-json\/wp\/v2\/posts\/6269\/revisions"}],"predecessor-version":[{"id":6281,"href":"https:\/\/www.fw-oebb.at\/index.php\/wp-json\/wp\/v2\/posts\/6269\/revisions\/6281"}],"wp:attachment":[{"href":"https:\/\/www.fw-oebb.at\/index.php\/wp-json\/wp\/v2\/media?parent=6269"}],"wp:term":[{"taxonomy":"category","embeddable":true,"href":"https:\/\/www.fw-oebb.at\/index.php\/wp-json\/wp\/v2\/categories?post=6269"},{"taxonomy":"post_tag","embeddable":true,"href":"https:\/\/www.fw-oebb.at\/index.php\/wp-json\/wp\/v2\/tags?post=6269"}],"curies":[{"name":"wp","href":"https:\/\/api.w.org\/{rel}","templated":true}]}}