{"id":6442,"date":"2023-11-12T18:30:48","date_gmt":"2023-11-12T17:30:48","guid":{"rendered":"https:\/\/www.fw-oebb.at\/?p=6442"},"modified":"2023-11-12T18:34:32","modified_gmt":"2023-11-12T17:34:32","slug":"09-11-2023-zusatzubung-abschnitt-hofsteig-bei-der-fw-obb","status":"publish","type":"post","link":"https:\/\/www.fw-oebb.at\/index.php\/2023\/11\/12\/09-11-2023-zusatzubung-abschnitt-hofsteig-bei-der-fw-obb\/","title":{"rendered":"09.11.2023 &#8211; Zusatz\u00fcbung Abschnitt Hofsteig bei der FW \u00d6BB"},"content":{"rendered":"<p>Am 09. November 2023 fand die heurige Zusatz\u00fcbung des Abschnittes Hofsteig bei der Feuerwehr \u00d6BB statt. Um 20:00 Uhr wurde die zahlreich erschienenen Dienstgrade aller Feuerwehren des Abschnittes Hofsteig von Abschnittsfeuerwehrkommandant Martin Lecher und Kdt. der Feuerwehr \u00d6BB Markus Mayr begr\u00fc\u00dft. Aufgeteilt in zwei Gruppen wurden die Sondereinsatzmittel der Feuerwehr \u00d6BB vorgestellt und im Schulungssaal ein Planspiel am G\u00fcterbahnhof abgehalten.&nbsp;Nach rund 45 Minuten wurden die Gruppen dann getauscht.<\/p>\n<div class=\"wc-gallery\"><div class='wcflexslider-container wc-gallery-bottomspace-none wc-gallery-clear'><div id='gallery-1' class='gallery wc-gallery-captions-hide gallery-link-post wcflexslider wcsliderauto' data-gutter-width='0' data-columns='3' data-hide-controls='false'><ul class='slides'>\n\t\t\t\t<li class='gallery-item gallery-item-position-1 gallery-item-attachment-6444 wcflex-slide-item'>\n\t\t\t\t\t<div class='gallery-icon landscape'>\n\t\t\t\t\t\t<a href=\"https:\/\/www.fw-oebb.at\/index.php\/2023\/11\/12\/09-11-2023-zusatzubung-abschnitt-hofsteig-bei-der-fw-obb\/20231109-a-6-zusatzubung-abschnitt-hofsteig\/\" target=\"_self\"><img src='https:\/\/www.fw-oebb.at\/wp-content\/uploads\/2023\/11\/20231109-A-6-Zusatzubung-Abschnitt-Hofsteig-1100x500.jpg' width='1100' height='500' alt='' \/><\/a>\n\t\t\t\t\t<\/div><\/li>\n\t\t\t\t<li class='gallery-item gallery-item-position-2 gallery-item-attachment-6449 wcflex-slide-item'>\n\t\t\t\t\t<div class='gallery-icon landscape'>\n\t\t\t\t\t\t<a href=\"https:\/\/www.fw-oebb.at\/index.php\/2023\/11\/12\/09-11-2023-zusatzubung-abschnitt-hofsteig-bei-der-fw-obb\/20231109-a-5-zusatzubung-abschnitt-hofsteig\/\" target=\"_self\"><img src='https:\/\/www.fw-oebb.at\/wp-content\/uploads\/2023\/11\/20231109-A-5-Zusatzubung-Abschnitt-Hofsteig-1100x500.jpg' width='1100' height='500' alt='' \/><\/a>\n\t\t\t\t\t<\/div><\/li>\n\t\t\t\t<li class='gallery-item gallery-item-position-3 gallery-item-attachment-6445 wcflex-slide-item'>\n\t\t\t\t\t<div class='gallery-icon landscape'>\n\t\t\t\t\t\t<a href=\"https:\/\/www.fw-oebb.at\/index.php\/2023\/11\/12\/09-11-2023-zusatzubung-abschnitt-hofsteig-bei-der-fw-obb\/20231109-a-9-zusatzubung-abschnitt-hofsteig\/\" target=\"_self\"><img src='https:\/\/www.fw-oebb.at\/wp-content\/uploads\/2023\/11\/20231109-A-9-Zusatzubung-Abschnitt-Hofsteig-1100x500.jpg' width='1100' height='500' alt='' \/><\/a>\n\t\t\t\t\t<\/div><\/li>\n\t\t\t\t<li class='gallery-item gallery-item-position-4 gallery-item-attachment-6448 wcflex-slide-item'>\n\t\t\t\t\t<div class='gallery-icon landscape'>\n\t\t\t\t\t\t<a href=\"https:\/\/www.fw-oebb.at\/index.php\/2023\/11\/12\/09-11-2023-zusatzubung-abschnitt-hofsteig-bei-der-fw-obb\/20231109-a-2-zusatzubung-abschnitt-hofsteig\/\" target=\"_self\"><img src='https:\/\/www.fw-oebb.at\/wp-content\/uploads\/2023\/11\/20231109-A-2-Zusatzubung-Abschnitt-Hofsteig-1100x500.jpg' width='1100' height='500' alt='' \/><\/a>\n\t\t\t\t\t<\/div><\/li>\n\t\t\t\t<li class='gallery-item gallery-item-position-5 gallery-item-attachment-6446 wcflex-slide-item'>\n\t\t\t\t\t<div class='gallery-icon landscape'>\n\t\t\t\t\t\t<a href=\"https:\/\/www.fw-oebb.at\/index.php\/2023\/11\/12\/09-11-2023-zusatzubung-abschnitt-hofsteig-bei-der-fw-obb\/20231109-a-12-zusatzubung-abschnitt-hofsteig\/\" target=\"_self\"><img src='https:\/\/www.fw-oebb.at\/wp-content\/uploads\/2023\/11\/20231109-A-12-Zusatzubung-Abschnitt-Hofsteig-1100x500.jpg' width='1100' height='500' alt='' \/><\/a>\n\t\t\t\t\t<\/div><\/li>\n\t\t\t\t<li class='gallery-item gallery-item-position-6 gallery-item-attachment-6447 wcflex-slide-item'>\n\t\t\t\t\t<div class='gallery-icon landscape'>\n\t\t\t\t\t\t<a href=\"https:\/\/www.fw-oebb.at\/index.php\/2023\/11\/12\/09-11-2023-zusatzubung-abschnitt-hofsteig-bei-der-fw-obb\/20231109-a-14-zusatzubung-abschnitt-hofsteig\/\" target=\"_self\"><img src='https:\/\/www.fw-oebb.at\/wp-content\/uploads\/2023\/11\/20231109-A-14-Zusatzubung-Abschnitt-Hofsteig-1100x500.jpg' width='1100' height='500' alt='' \/><\/a>\n\t\t\t\t\t<\/div><\/li><\/ul><\/div>\n<\/div>\n<\/div>\n","protected":false},"excerpt":{"rendered":"<p>Am 09. November 2023 fand die heurige Zusatz\u00fcbung des Abschnittes Hofsteig bei der Feuerwehr \u00d6BB statt. Um 20:00 Uhr wurde die zahlreich [&hellip;]<\/p>\n","protected":false},"author":2,"featured_media":0,"comment_status":"closed","ping_status":"closed","sticky":false,"template":"","format":"standard","meta":{"ngg_post_thumbnail":0,"footnotes":""},"categories":[13,32],"tags":[],"class_list":["post-6442","post","type-post","status-publish","format-standard","hentry","category-ausbildung","category-ausbildung-2023"],"_links":{"self":[{"href":"https:\/\/www.fw-oebb.at\/index.php\/wp-json\/wp\/v2\/posts\/6442","targetHints":{"allow":["GET"]}}],"collection":[{"href":"https:\/\/www.fw-oebb.at\/index.php\/wp-json\/wp\/v2\/posts"}],"about":[{"href":"https:\/\/www.fw-oebb.at\/index.php\/wp-json\/wp\/v2\/types\/post"}],"author":[{"embeddable":true,"href":"https:\/\/www.fw-oebb.at\/index.php\/wp-json\/wp\/v2\/users\/2"}],"replies":[{"embeddable":true,"href":"https:\/\/www.fw-oebb.at\/index.php\/wp-json\/wp\/v2\/comments?post=6442"}],"version-history":[{"count":3,"href":"https:\/\/www.fw-oebb.at\/index.php\/wp-json\/wp\/v2\/posts\/6442\/revisions"}],"predecessor-version":[{"id":6451,"href":"https:\/\/www.fw-oebb.at\/index.php\/wp-json\/wp\/v2\/posts\/6442\/revisions\/6451"}],"wp:attachment":[{"href":"https:\/\/www.fw-oebb.at\/index.php\/wp-json\/wp\/v2\/media?parent=6442"}],"wp:term":[{"taxonomy":"category","embeddable":true,"href":"https:\/\/www.fw-oebb.at\/index.php\/wp-json\/wp\/v2\/categories?post=6442"},{"taxonomy":"post_tag","embeddable":true,"href":"https:\/\/www.fw-oebb.at\/index.php\/wp-json\/wp\/v2\/tags?post=6442"}],"curies":[{"name":"wp","href":"https:\/\/api.w.org\/{rel}","templated":true}]}}