{"id":6969,"date":"2024-06-30T13:44:46","date_gmt":"2024-06-30T11:44:46","guid":{"rendered":"https:\/\/www.fw-oebb.at\/?p=6969"},"modified":"2024-06-30T13:44:46","modified_gmt":"2024-06-30T11:44:46","slug":"27-06-2024-sommerabschluss","status":"publish","type":"post","link":"https:\/\/www.fw-oebb.at\/index.php\/2024\/06\/30\/27-06-2024-sommerabschluss\/","title":{"rendered":"27.06.2024 &#8211; Sommerabschluss"},"content":{"rendered":"<p>Am 27.06.2024 fand die diesj\u00e4hrige Sommerabschlussprobe statt. Das Kommando der Feuerwehr \u00d6BB hat hierf\u00fcr einen Austausch mit den Kameraden der Feuerwehr Lindau organisiert. Die interessierten Kameradinnen und Kameraden der Feuerwehr \u00d6BB hatten die M\u00f6glichkeit, die Inselwache und auch die Hauptfeuerwache der Feuerwehr Lindau anzusehen. Das Besondere an der Hauptfeuerwache ist, dass dieses Geb\u00e4ude gemeinsam mit dem THW genutzt wird.&nbsp;<\/p>\n<p>Anschlie\u00dfend an die Besichtigung und den Austausch wurde der Abend mit einem leckeren Abendessen abgerundet.<\/p>\n<div class=\"wc-gallery\"><div class='wcflexslider-container wc-gallery-bottomspace-none wc-gallery-clear'><div id='gallery-1' class='gallery wc-gallery-captions-hide gallery-link-post wcflexslider wcsliderauto' data-gutter-width='0' data-columns='3' data-hide-controls='false'><ul class='slides'>\n\t\t\t\t<li class='gallery-item gallery-item-position-1 gallery-item-attachment-6971 wcflex-slide-item'>\n\t\t\t\t\t<div class='gallery-icon landscape'>\n\t\t\t\t\t\t<a href=\"https:\/\/www.fw-oebb.at\/index.php\/2024\/06\/30\/27-06-2024-sommerabschluss\/20240627-a-9-sommerabschluss-fw-lindau\/\" target=\"_self\"><img src='https:\/\/www.fw-oebb.at\/wp-content\/uploads\/2024\/06\/20240627-A-9-Sommerabschluss-FW-Lindau-1100x500.jpg' width='1100' height='500' alt='' \/><\/a>\n\t\t\t\t\t<\/div><\/li>\n\t\t\t\t<li class='gallery-item gallery-item-position-2 gallery-item-attachment-6970 wcflex-slide-item'>\n\t\t\t\t\t<div class='gallery-icon landscape'>\n\t\t\t\t\t\t<a href=\"https:\/\/www.fw-oebb.at\/index.php\/2024\/06\/30\/27-06-2024-sommerabschluss\/20240627-a-7-sommerabschluss-fw-lindau\/\" target=\"_self\"><img src='https:\/\/www.fw-oebb.at\/wp-content\/uploads\/2024\/06\/20240627-A-7-Sommerabschluss-FW-Lindau-1100x500.jpg' width='1100' height='500' alt='' \/><\/a>\n\t\t\t\t\t<\/div><\/li>\n\t\t\t\t<li class='gallery-item gallery-item-position-3 gallery-item-attachment-6972 wcflex-slide-item'>\n\t\t\t\t\t<div class='gallery-icon landscape'>\n\t\t\t\t\t\t<a href=\"https:\/\/www.fw-oebb.at\/index.php\/2024\/06\/30\/27-06-2024-sommerabschluss\/20240627-a-10-sommerabschluss-fw-lindau\/\" target=\"_self\"><img src='https:\/\/www.fw-oebb.at\/wp-content\/uploads\/2024\/06\/20240627-A-10-Sommerabschluss-FW-Lindau-1100x500.jpg' width='1100' height='500' alt='' \/><\/a>\n\t\t\t\t\t<\/div><\/li>\n\t\t\t\t<li class='gallery-item gallery-item-position-4 gallery-item-attachment-6973 wcflex-slide-item'>\n\t\t\t\t\t<div class='gallery-icon landscape'>\n\t\t\t\t\t\t<a href=\"https:\/\/www.fw-oebb.at\/index.php\/2024\/06\/30\/27-06-2024-sommerabschluss\/20240627-a-11-sommerabschluss-fw-lindau\/\" target=\"_self\"><img src='https:\/\/www.fw-oebb.at\/wp-content\/uploads\/2024\/06\/20240627-A-11-Sommerabschluss-FW-Lindau-1100x500.jpg' width='1100' height='500' alt='' \/><\/a>\n\t\t\t\t\t<\/div><\/li>\n\t\t\t\t<li class='gallery-item gallery-item-position-5 gallery-item-attachment-6974 wcflex-slide-item'>\n\t\t\t\t\t<div class='gallery-icon landscape'>\n\t\t\t\t\t\t<a href=\"https:\/\/www.fw-oebb.at\/index.php\/2024\/06\/30\/27-06-2024-sommerabschluss\/20240627-a-12-sommerabschluss-fw-lindau\/\" target=\"_self\"><img src='https:\/\/www.fw-oebb.at\/wp-content\/uploads\/2024\/06\/20240627-A-12-Sommerabschluss-FW-Lindau-1100x500.jpg' width='1100' height='500' alt='' \/><\/a>\n\t\t\t\t\t<\/div><\/li>\n\t\t\t\t<li class='gallery-item gallery-item-position-6 gallery-item-attachment-6975 wcflex-slide-item'>\n\t\t\t\t\t<div class='gallery-icon landscape'>\n\t\t\t\t\t\t<a href=\"https:\/\/www.fw-oebb.at\/index.php\/2024\/06\/30\/27-06-2024-sommerabschluss\/20240627-a-13-sommerabschluss-fw-lindau\/\" target=\"_self\"><img src='https:\/\/www.fw-oebb.at\/wp-content\/uploads\/2024\/06\/20240627-A-13-Sommerabschluss-FW-Lindau-1100x500.jpg' width='1100' height='500' alt='' \/><\/a>\n\t\t\t\t\t<\/div><\/li><\/ul><\/div>\n<\/div>\n<\/div>\n","protected":false},"excerpt":{"rendered":"<p>Am 27.06.2024 fand die diesj\u00e4hrige Sommerabschlussprobe statt. Das Kommando der Feuerwehr \u00d6BB hat hierf\u00fcr einen Austausch mit den Kameraden der Feuerwehr Lindau [&hellip;]<\/p>\n","protected":false},"author":2,"featured_media":0,"comment_status":"closed","ping_status":"closed","sticky":false,"template":"","format":"standard","meta":{"ngg_post_thumbnail":0,"footnotes":""},"categories":[13,34],"tags":[],"class_list":["post-6969","post","type-post","status-publish","format-standard","hentry","category-ausbildung","category-ausbildung-2024"],"_links":{"self":[{"href":"https:\/\/www.fw-oebb.at\/index.php\/wp-json\/wp\/v2\/posts\/6969","targetHints":{"allow":["GET"]}}],"collection":[{"href":"https:\/\/www.fw-oebb.at\/index.php\/wp-json\/wp\/v2\/posts"}],"about":[{"href":"https:\/\/www.fw-oebb.at\/index.php\/wp-json\/wp\/v2\/types\/post"}],"author":[{"embeddable":true,"href":"https:\/\/www.fw-oebb.at\/index.php\/wp-json\/wp\/v2\/users\/2"}],"replies":[{"embeddable":true,"href":"https:\/\/www.fw-oebb.at\/index.php\/wp-json\/wp\/v2\/comments?post=6969"}],"version-history":[{"count":2,"href":"https:\/\/www.fw-oebb.at\/index.php\/wp-json\/wp\/v2\/posts\/6969\/revisions"}],"predecessor-version":[{"id":6977,"href":"https:\/\/www.fw-oebb.at\/index.php\/wp-json\/wp\/v2\/posts\/6969\/revisions\/6977"}],"wp:attachment":[{"href":"https:\/\/www.fw-oebb.at\/index.php\/wp-json\/wp\/v2\/media?parent=6969"}],"wp:term":[{"taxonomy":"category","embeddable":true,"href":"https:\/\/www.fw-oebb.at\/index.php\/wp-json\/wp\/v2\/categories?post=6969"},{"taxonomy":"post_tag","embeddable":true,"href":"https:\/\/www.fw-oebb.at\/index.php\/wp-json\/wp\/v2\/tags?post=6969"}],"curies":[{"name":"wp","href":"https:\/\/api.w.org\/{rel}","templated":true}]}}