{"id":7273,"date":"2025-01-20T14:55:42","date_gmt":"2025-01-20T13:55:42","guid":{"rendered":"https:\/\/www.fw-oebb.at\/?p=7273"},"modified":"2025-01-20T14:55:53","modified_gmt":"2025-01-20T13:55:53","slug":"ausbildung-wechselladefahrzeuge-und-geratschaften","status":"publish","type":"post","link":"https:\/\/www.fw-oebb.at\/index.php\/2025\/01\/20\/ausbildung-wechselladefahrzeuge-und-geratschaften\/","title":{"rendered":"Ausbildung Wechselladefahrzeuge und Ger\u00e4tschaften"},"content":{"rendered":"<p data-pm-slice=\"1 1 []\">Am 18. Januar 2025 fand beim Feuerwehrhaus in Wolfurt am G\u00fcterbahnhof eine Ausbildung zu den Wechselladefahrzeugen und den dazugeh\u00f6rigen Ger\u00e4tschaften der Feuerwehr \u00d6BB statt. Die Veranstaltung richtete sich an interessierte Teilnehmer, die sich umfassend \u00fcber den Umgang mit den Wechselcontainern und deren Ger\u00e4tschaften informieren wollten.<\/p>\n<p>Im Rahmen der Schulung wurde intensiv das richtige Auf- und Absatteln der Wechselcontainer vermittelt. Die Teilnehmer hatten die M\u00f6glichkeit, die entsprechenden Arbeitsschritte praktisch zu \u00fcben, um diese auch im Einsatzfall sicher und effizient anwenden zu k\u00f6nnen.<\/p>\n<p>Ein besonderes Highlight der Ausbildung war die Vorstellung des neuen Abrollbeh\u00e4lters Wasser. Es wurde nicht nur die Handhabung des Beh\u00e4lters erkl\u00e4rt, sondern auch detailliert aufgezeigt, wie die darin verlasteten Ger\u00e4te korrekt in Betrieb genommen werden. Dies umfasste sowohl die Bedienung als auch die Wartung der technischen Ausr\u00fcstung.<\/p>\n<p>Die Ausbildung bot allen Beteiligten wertvolle Einblicke und praktische \u00dcbungsm\u00f6glichkeiten, um im Einsatzfall optimal auf die Herausforderungen vorbereitet zu sein. Ein gro\u00dfes Dankesch\u00f6n geht an alle Organisatoren und Ausbilder, die diesen informativen und lehrreichen Tag m\u00f6glich gemacht haben.<\/p>\n<div class=\"wc-gallery\"><div class='wcflexslider-container wc-gallery-bottomspace-none wc-gallery-clear'><div id='gallery-1' class='gallery wc-gallery-captions-hide gallery-link-post wcflexslider wcsliderauto' data-gutter-width='0' data-columns='3' data-hide-controls='false'><ul class='slides'>\n\t\t\t\t<li class='gallery-item gallery-item-position-1 gallery-item-attachment-7274 wcflex-slide-item'>\n\t\t\t\t\t<div class='gallery-icon landscape'>\n\t\t\t\t\t\t<a href=\"https:\/\/www.fw-oebb.at\/index.php\/2025\/01\/20\/ausbildung-wechselladefahrzeuge-und-geratschaften\/20250118-a-2-ausbildung-wlf\/\" target=\"_self\"><img src='https:\/\/www.fw-oebb.at\/wp-content\/uploads\/2025\/01\/20250118-A-2-Ausbildung-WLF-1100x500.jpg' width='1100' height='500' alt='' \/><\/a>\n\t\t\t\t\t<\/div><\/li>\n\t\t\t\t<li class='gallery-item gallery-item-position-2 gallery-item-attachment-7275 wcflex-slide-item'>\n\t\t\t\t\t<div class='gallery-icon landscape'>\n\t\t\t\t\t\t<a href=\"https:\/\/www.fw-oebb.at\/index.php\/2025\/01\/20\/ausbildung-wechselladefahrzeuge-und-geratschaften\/20250118-a-4-ausbildung-wlf\/\" target=\"_self\"><img src='https:\/\/www.fw-oebb.at\/wp-content\/uploads\/2025\/01\/20250118-A-4-Ausbildung-WLF-1100x500.jpg' width='1100' height='500' alt='' \/><\/a>\n\t\t\t\t\t<\/div><\/li>\n\t\t\t\t<li class='gallery-item gallery-item-position-3 gallery-item-attachment-7276 wcflex-slide-item'>\n\t\t\t\t\t<div class='gallery-icon landscape'>\n\t\t\t\t\t\t<a href=\"https:\/\/www.fw-oebb.at\/index.php\/2025\/01\/20\/ausbildung-wechselladefahrzeuge-und-geratschaften\/20250118-a-6-ausbildung-wlf\/\" target=\"_self\"><img src='https:\/\/www.fw-oebb.at\/wp-content\/uploads\/2025\/01\/20250118-A-6-Ausbildung-WLF-1100x500.jpg' width='1100' height='500' alt='' \/><\/a>\n\t\t\t\t\t<\/div><\/li>\n\t\t\t\t<li class='gallery-item gallery-item-position-4 gallery-item-attachment-7277 wcflex-slide-item'>\n\t\t\t\t\t<div class='gallery-icon landscape'>\n\t\t\t\t\t\t<a href=\"https:\/\/www.fw-oebb.at\/index.php\/2025\/01\/20\/ausbildung-wechselladefahrzeuge-und-geratschaften\/20250118-a-9-ausbildung-wlf\/\" target=\"_self\"><img src='https:\/\/www.fw-oebb.at\/wp-content\/uploads\/2025\/01\/20250118-A-9-Ausbildung-WLF-1100x500.jpg' width='1100' height='500' alt='' \/><\/a>\n\t\t\t\t\t<\/div><\/li>\n\t\t\t\t<li class='gallery-item gallery-item-position-5 gallery-item-attachment-7278 wcflex-slide-item'>\n\t\t\t\t\t<div class='gallery-icon portrait'>\n\t\t\t\t\t\t<a href=\"https:\/\/www.fw-oebb.at\/index.php\/2025\/01\/20\/ausbildung-wechselladefahrzeuge-und-geratschaften\/20250118-a-11-ausbildung-wlf\/\" target=\"_self\"><img src='https:\/\/www.fw-oebb.at\/wp-content\/uploads\/2025\/01\/20250118-A-11-Ausbildung-WLF-1100x500.jpg' width='1100' height='500' alt='' \/><\/a>\n\t\t\t\t\t<\/div><\/li><\/ul><\/div>\n<\/div>\n<\/div>\n","protected":false},"excerpt":{"rendered":"<p>Am 18. Januar 2025 fand beim Feuerwehrhaus in Wolfurt am G\u00fcterbahnhof eine Ausbildung zu den Wechselladefahrzeugen und den dazugeh\u00f6rigen Ger\u00e4tschaften der Feuerwehr [&hellip;]<\/p>\n","protected":false},"author":2,"featured_media":0,"comment_status":"closed","ping_status":"closed","sticky":false,"template":"","format":"standard","meta":{"ngg_post_thumbnail":0,"footnotes":""},"categories":[13,36],"tags":[],"class_list":["post-7273","post","type-post","status-publish","format-standard","hentry","category-ausbildung","category-ausbildung-2025"],"_links":{"self":[{"href":"https:\/\/www.fw-oebb.at\/index.php\/wp-json\/wp\/v2\/posts\/7273","targetHints":{"allow":["GET"]}}],"collection":[{"href":"https:\/\/www.fw-oebb.at\/index.php\/wp-json\/wp\/v2\/posts"}],"about":[{"href":"https:\/\/www.fw-oebb.at\/index.php\/wp-json\/wp\/v2\/types\/post"}],"author":[{"embeddable":true,"href":"https:\/\/www.fw-oebb.at\/index.php\/wp-json\/wp\/v2\/users\/2"}],"replies":[{"embeddable":true,"href":"https:\/\/www.fw-oebb.at\/index.php\/wp-json\/wp\/v2\/comments?post=7273"}],"version-history":[{"count":1,"href":"https:\/\/www.fw-oebb.at\/index.php\/wp-json\/wp\/v2\/posts\/7273\/revisions"}],"predecessor-version":[{"id":7279,"href":"https:\/\/www.fw-oebb.at\/index.php\/wp-json\/wp\/v2\/posts\/7273\/revisions\/7279"}],"wp:attachment":[{"href":"https:\/\/www.fw-oebb.at\/index.php\/wp-json\/wp\/v2\/media?parent=7273"}],"wp:term":[{"taxonomy":"category","embeddable":true,"href":"https:\/\/www.fw-oebb.at\/index.php\/wp-json\/wp\/v2\/categories?post=7273"},{"taxonomy":"post_tag","embeddable":true,"href":"https:\/\/www.fw-oebb.at\/index.php\/wp-json\/wp\/v2\/tags?post=7273"}],"curies":[{"name":"wp","href":"https:\/\/api.w.org\/{rel}","templated":true}]}}