{"id":7280,"date":"2025-01-20T14:50:39","date_gmt":"2025-01-20T13:50:39","guid":{"rendered":"https:\/\/www.fw-oebb.at\/?p=7280"},"modified":"2025-01-20T14:56:06","modified_gmt":"2025-01-20T13:56:06","slug":"16-01-2025-info-abend-2025","status":"publish","type":"post","link":"https:\/\/www.fw-oebb.at\/index.php\/2025\/01\/20\/16-01-2025-info-abend-2025\/","title":{"rendered":"16.01.2025 &#8211; Info Abend 2025"},"content":{"rendered":"<p data-pm-slice=\"1 1 []\">Am 16. Januar 2025 fand im Feuerwehrhaus der \u00d6BB am G\u00fcterbahnhof in Wolfurt der allj\u00e4hrliche Info-Abend statt. Kommandant Markus Mayr begr\u00fc\u00dfte alle Teilnehmer herzlich und startete die Veranstaltung mit einem R\u00fcckblick auf das vergangene Jahr 2024. Dabei zeigte er eine Auswahl an Fotos, die die vielf\u00e4ltigen T\u00e4tigkeiten und Eins\u00e4tze der Feuerwehr anschaulich darstellten.<\/p>\n<p>Ein zentraler Punkt des Abends war die Information \u00fcber die \u00c4nderungen im Kommando der Feuerwehr. Alexander Lorenzi legte nach 11 Jahren sein Amt als Kommandant-Stellvertreter zum 31. Dezember 2024 nieder. Zu seinem Nachfolger wurde Bernd Fink ernannt, der zuvor als F\u00fchrungsunterst\u00fctzer t\u00e4tig war. Die Position des F\u00fchrungsunterst\u00fctzers konnte mit Julian Wirth kompetent neu besetzt werden.<\/p>\n<p>Weitere Themen des Info-Abends umfassten \u00c4nderungen in den Reihen der Dienstgrade sowie die Aktualisierung des Organigramms der Feuerwehr \u00d6BB. Zudem wurden Neuerungen vorgestellt und ein Schwerpunkt auf die Schulung im Bereich Arbeitnehmerschutz gelegt.<\/p>\n<p>Abschlie\u00dfend wurden die geplanten Ausbildungen und Termine f\u00fcr das Jahr 2025 vorgestellt. Die Teilnehmer erhielten einen umfassenden \u00dcberblick \u00fcber die bevorstehenden Aktivit\u00e4ten und Einsatzvorbereitungen.<\/p>\n<p>Der Info-Abend bot allen Anwesenden eine informative Plattform, um sich \u00fcber die Entwicklung und Zukunft der Feuerwehr \u00d6BB auszutauschen. Ein besonderer Dank gilt Kommandant Markus Mayr und allen Beteiligten, die zur erfolgreichen Gestaltung des Abends beigetragen haben.<\/p>\n<div class=\"wc-gallery\"><div class='wcflexslider-container wc-gallery-bottomspace-none wc-gallery-clear'><div id='gallery-1' class='gallery wc-gallery-captions-hide gallery-link-post wcflexslider wcsliderauto' data-gutter-width='0' data-columns='3' data-hide-controls='false'><ul class='slides'>\n\t\t\t\t<li class='gallery-item gallery-item-position-1 gallery-item-attachment-7282 wcflex-slide-item'>\n\t\t\t\t\t<div class='gallery-icon landscape'>\n\t\t\t\t\t\t<a href=\"https:\/\/www.fw-oebb.at\/index.php\/2025\/01\/20\/16-01-2025-info-abend-2025\/20250116-k-2-info-abend-2025\/\" target=\"_self\"><img src='https:\/\/www.fw-oebb.at\/wp-content\/uploads\/2025\/01\/20250116-K-2-Info-Abend-2025-1000x500.jpg' width='1000' height='500' alt='' \/><\/a>\n\t\t\t\t\t<\/div><\/li>\n\t\t\t\t<li class='gallery-item gallery-item-position-2 gallery-item-attachment-7283 wcflex-slide-item'>\n\t\t\t\t\t<div class='gallery-icon landscape'>\n\t\t\t\t\t\t<a href=\"https:\/\/www.fw-oebb.at\/index.php\/2025\/01\/20\/16-01-2025-info-abend-2025\/20250116-k-5-info-abend-2025\/\" target=\"_self\"><img src='https:\/\/www.fw-oebb.at\/wp-content\/uploads\/2025\/01\/20250116-K-5-Info-Abend-2025-1000x500.jpg' width='1000' height='500' alt='' \/><\/a>\n\t\t\t\t\t<\/div><\/li>\n\t\t\t\t<li class='gallery-item gallery-item-position-3 gallery-item-attachment-7285 wcflex-slide-item'>\n\t\t\t\t\t<div class='gallery-icon landscape'>\n\t\t\t\t\t\t<a href=\"https:\/\/www.fw-oebb.at\/index.php\/2025\/01\/20\/16-01-2025-info-abend-2025\/20250116-k-9-info-abend-2025\/\" target=\"_self\"><img src='https:\/\/www.fw-oebb.at\/wp-content\/uploads\/2025\/01\/20250116-K-9-Info-Abend-2025-1000x500.jpg' width='1000' height='500' alt='' \/><\/a>\n\t\t\t\t\t<\/div><\/li>\n\t\t\t\t<li class='gallery-item gallery-item-position-4 gallery-item-attachment-7284 wcflex-slide-item'>\n\t\t\t\t\t<div class='gallery-icon landscape'>\n\t\t\t\t\t\t<a href=\"https:\/\/www.fw-oebb.at\/index.php\/2025\/01\/20\/16-01-2025-info-abend-2025\/20250116-k-7-info-abend-2025\/\" target=\"_self\"><img src='https:\/\/www.fw-oebb.at\/wp-content\/uploads\/2025\/01\/20250116-K-7-Info-Abend-2025-1000x500.jpg' width='1000' height='500' alt='' \/><\/a>\n\t\t\t\t\t<\/div><\/li>\n\t\t\t\t<li class='gallery-item gallery-item-position-5 gallery-item-attachment-7281 wcflex-slide-item'>\n\t\t\t\t\t<div class='gallery-icon landscape'>\n\t\t\t\t\t\t<a href=\"https:\/\/www.fw-oebb.at\/index.php\/2025\/01\/20\/16-01-2025-info-abend-2025\/20250116-k-14-info-abend-2025\/\" target=\"_self\"><img src='https:\/\/www.fw-oebb.at\/wp-content\/uploads\/2025\/01\/20250116-K-14-Info-Abend-2025-1000x500.jpg' width='1000' height='500' alt='' \/><\/a>\n\t\t\t\t\t<\/div><\/li>\n\t\t\t\t<li class='gallery-item gallery-item-position-6 gallery-item-attachment-7286 wcflex-slide-item'>\n\t\t\t\t\t<div class='gallery-icon landscape'>\n\t\t\t\t\t\t<a href=\"https:\/\/www.fw-oebb.at\/index.php\/2025\/01\/20\/16-01-2025-info-abend-2025\/20250116-k-13-info-abend-2025\/\" target=\"_self\"><img src='https:\/\/www.fw-oebb.at\/wp-content\/uploads\/2025\/01\/20250116-K-13-Info-Abend-2025-1000x500.jpg' width='1000' height='500' alt='' \/><\/a>\n\t\t\t\t\t<\/div><\/li><\/ul><\/div>\n<\/div>\n<\/div>\n","protected":false},"excerpt":{"rendered":"<p>Am 16. Januar 2025 fand im Feuerwehrhaus der \u00d6BB am G\u00fcterbahnhof in Wolfurt der allj\u00e4hrliche Info-Abend statt. Kommandant Markus Mayr begr\u00fc\u00dfte alle [&hellip;]<\/p>\n","protected":false},"author":2,"featured_media":0,"comment_status":"closed","ping_status":"closed","sticky":false,"template":"","format":"standard","meta":{"ngg_post_thumbnail":0,"footnotes":""},"categories":[15],"tags":[],"class_list":["post-7280","post","type-post","status-publish","format-standard","hentry","category-news"],"_links":{"self":[{"href":"https:\/\/www.fw-oebb.at\/index.php\/wp-json\/wp\/v2\/posts\/7280","targetHints":{"allow":["GET"]}}],"collection":[{"href":"https:\/\/www.fw-oebb.at\/index.php\/wp-json\/wp\/v2\/posts"}],"about":[{"href":"https:\/\/www.fw-oebb.at\/index.php\/wp-json\/wp\/v2\/types\/post"}],"author":[{"embeddable":true,"href":"https:\/\/www.fw-oebb.at\/index.php\/wp-json\/wp\/v2\/users\/2"}],"replies":[{"embeddable":true,"href":"https:\/\/www.fw-oebb.at\/index.php\/wp-json\/wp\/v2\/comments?post=7280"}],"version-history":[{"count":1,"href":"https:\/\/www.fw-oebb.at\/index.php\/wp-json\/wp\/v2\/posts\/7280\/revisions"}],"predecessor-version":[{"id":7287,"href":"https:\/\/www.fw-oebb.at\/index.php\/wp-json\/wp\/v2\/posts\/7280\/revisions\/7287"}],"wp:attachment":[{"href":"https:\/\/www.fw-oebb.at\/index.php\/wp-json\/wp\/v2\/media?parent=7280"}],"wp:term":[{"taxonomy":"category","embeddable":true,"href":"https:\/\/www.fw-oebb.at\/index.php\/wp-json\/wp\/v2\/categories?post=7280"},{"taxonomy":"post_tag","embeddable":true,"href":"https:\/\/www.fw-oebb.at\/index.php\/wp-json\/wp\/v2\/tags?post=7280"}],"curies":[{"name":"wp","href":"https:\/\/api.w.org\/{rel}","templated":true}]}}