{"id":7291,"date":"2025-01-29T15:00:43","date_gmt":"2025-01-29T14:00:43","guid":{"rendered":"https:\/\/www.fw-oebb.at\/?p=7291"},"modified":"2025-01-29T15:00:43","modified_gmt":"2025-01-29T14:00:43","slug":"einsatz-006-wolfurt-obb-guterbahnhof-wolfurt-abklarung-alarm-umweltschutzgleis","status":"publish","type":"post","link":"https:\/\/www.fw-oebb.at\/index.php\/2025\/01\/29\/einsatz-006-wolfurt-obb-guterbahnhof-wolfurt-abklarung-alarm-umweltschutzgleis\/","title":{"rendered":"Einsatz 006 &#8211; Wolfurt, \u00d6BB G\u00fcterbahnhof Wolfurt &#8211; Abkl\u00e4rung Alarm Umweltschutzgleis"},"content":{"rendered":"<p><strong>Alarmierung: 25.01.2025 um 10:24 Uhr &#8211; Stichwort: t1<\/strong><\/p>\n<p>Die Feuerwehr \u00d6BB wurde um 10:24 Uhr zu einem Abkl\u00e4rungseinsatz zum \u00d6BB Umweltschutzgleis am G\u00fcterbahnhof Wolfurt alarmiert. Der \u00d6BB Notfallkoordinator hat auf Grund eines Kritischen Alarmes bez\u00fcglich Wasserstand im Umweltschutzgleis einen Abkl\u00e4rungseinsatz alarmiert. Vor Ort konnte aber kein erh\u00f6hter Wasserstand in den Auffangbeh\u00e4ltern festgestellt werden, weshalb ein technisches Gebrechen vermutet wird. Daraufhin wurde der \u00d6BB interne technische Dienst mit der Enst\u00f6rung beauftragt.<\/p>\n<p>Im Einsatz stand: KEF<\/p>\n<p>&nbsp;<\/p>\n","protected":false},"excerpt":{"rendered":"<p>Alarmierung: 25.01.2025 um 10:24 Uhr &#8211; Stichwort: t1 Die Feuerwehr \u00d6BB wurde um 10:24 Uhr zu einem Abkl\u00e4rungseinsatz zum \u00d6BB Umweltschutzgleis am [&hellip;]<\/p>\n","protected":false},"author":2,"featured_media":0,"comment_status":"closed","ping_status":"closed","sticky":false,"template":"","format":"standard","meta":{"ngg_post_thumbnail":0,"footnotes":""},"categories":[8,37],"tags":[],"class_list":["post-7291","post","type-post","status-publish","format-standard","hentry","category-einsatze","category-einsatze-2025"],"_links":{"self":[{"href":"https:\/\/www.fw-oebb.at\/index.php\/wp-json\/wp\/v2\/posts\/7291","targetHints":{"allow":["GET"]}}],"collection":[{"href":"https:\/\/www.fw-oebb.at\/index.php\/wp-json\/wp\/v2\/posts"}],"about":[{"href":"https:\/\/www.fw-oebb.at\/index.php\/wp-json\/wp\/v2\/types\/post"}],"author":[{"embeddable":true,"href":"https:\/\/www.fw-oebb.at\/index.php\/wp-json\/wp\/v2\/users\/2"}],"replies":[{"embeddable":true,"href":"https:\/\/www.fw-oebb.at\/index.php\/wp-json\/wp\/v2\/comments?post=7291"}],"version-history":[{"count":1,"href":"https:\/\/www.fw-oebb.at\/index.php\/wp-json\/wp\/v2\/posts\/7291\/revisions"}],"predecessor-version":[{"id":7292,"href":"https:\/\/www.fw-oebb.at\/index.php\/wp-json\/wp\/v2\/posts\/7291\/revisions\/7292"}],"wp:attachment":[{"href":"https:\/\/www.fw-oebb.at\/index.php\/wp-json\/wp\/v2\/media?parent=7291"}],"wp:term":[{"taxonomy":"category","embeddable":true,"href":"https:\/\/www.fw-oebb.at\/index.php\/wp-json\/wp\/v2\/categories?post=7291"},{"taxonomy":"post_tag","embeddable":true,"href":"https:\/\/www.fw-oebb.at\/index.php\/wp-json\/wp\/v2\/tags?post=7291"}],"curies":[{"name":"wp","href":"https:\/\/api.w.org\/{rel}","templated":true}]}}