{"id":7300,"date":"2025-02-03T13:05:47","date_gmt":"2025-02-03T12:05:47","guid":{"rendered":"https:\/\/www.fw-oebb.at\/?p=7300"},"modified":"2025-02-03T13:05:47","modified_gmt":"2025-02-03T12:05:47","slug":"01-02-2025-familien-wintersport-tag-fw-obb","status":"publish","type":"post","link":"https:\/\/www.fw-oebb.at\/index.php\/2025\/02\/03\/01-02-2025-familien-wintersport-tag-fw-obb\/","title":{"rendered":"01.02.2025 &#8211; Familien Wintersport Tag FW \u00d6BB"},"content":{"rendered":"<p>Am Samstag, dem 01. Februar 2025 fand der Wintersporttag der Feuerwehr \u00d6BB im Skigebiet Serfaus-Fiss-Ladis in Tirol statt statt. Eingeladen waren alle Kameradinnen und Kameraden der Feuerwehr \u00d6BB samt Familie. Rund 31 Teilnehmer nutzten das perfekte Wetter um einen entspannten Tag im Kreise der Feuerwehr Familie zu verbringen. Die einen nutzten den Tag f\u00fcr viele Abfahrten mit den Ski bzw. Snowboard, die anderen hatten viel Spa\u00df beim Rodeln und wem das noch nicht genug war, der konnte auf den herrlichen Winterwanderwegen den Tag verbringen.<\/p>\n<p>Wir bedanken uns bei allen Teilnehmer und vor allem auch bei den Organisatoren f\u00fcr den sch\u00f6nen Tag.<\/p>\n<div class=\"wc-gallery\"><div class='wcflexslider-container wc-gallery-bottomspace-none wc-gallery-clear'><div id='gallery-1' class='gallery wc-gallery-captions-hide gallery-link-post wcflexslider wcsliderauto' data-gutter-width='0' data-columns='3' data-hide-controls='false'><ul class='slides'>\n\t\t\t\t<li class='gallery-item gallery-item-position-1 gallery-item-attachment-7301 wcflex-slide-item'>\n\t\t\t\t\t<div class='gallery-icon landscape'>\n\t\t\t\t\t\t<a href=\"https:\/\/www.fw-oebb.at\/index.php\/2025\/02\/03\/01-02-2025-familien-wintersport-tag-fw-obb\/20250201-k-30-wintersporttag-2025\/\" target=\"_self\"><img src='https:\/\/www.fw-oebb.at\/wp-content\/uploads\/2025\/02\/20250201-K-30-Wintersporttag-2025-1100x500.jpg' width='1100' height='500' alt='' \/><\/a>\n\t\t\t\t\t<\/div><\/li>\n\t\t\t\t<li class='gallery-item gallery-item-position-2 gallery-item-attachment-7302 wcflex-slide-item'>\n\t\t\t\t\t<div class='gallery-icon landscape'>\n\t\t\t\t\t\t<a href=\"https:\/\/www.fw-oebb.at\/index.php\/2025\/02\/03\/01-02-2025-familien-wintersport-tag-fw-obb\/20250201-k-8-wintersporttag-2025\/\" target=\"_self\"><img src='https:\/\/www.fw-oebb.at\/wp-content\/uploads\/2025\/02\/20250201-K-8-Wintersporttag-2025-1100x500.jpg' width='1100' height='500' alt='' \/><\/a>\n\t\t\t\t\t<\/div><\/li>\n\t\t\t\t<li class='gallery-item gallery-item-position-3 gallery-item-attachment-7303 wcflex-slide-item'>\n\t\t\t\t\t<div class='gallery-icon landscape'>\n\t\t\t\t\t\t<a href=\"https:\/\/www.fw-oebb.at\/index.php\/2025\/02\/03\/01-02-2025-familien-wintersport-tag-fw-obb\/20250201-k-14-wintersporttag-2025\/\" target=\"_self\"><img src='https:\/\/www.fw-oebb.at\/wp-content\/uploads\/2025\/02\/20250201-K-14-Wintersporttag-2025-1100x500.jpg' width='1100' height='500' alt='' \/><\/a>\n\t\t\t\t\t<\/div><\/li>\n\t\t\t\t<li class='gallery-item gallery-item-position-4 gallery-item-attachment-7304 wcflex-slide-item'>\n\t\t\t\t\t<div class='gallery-icon landscape'>\n\t\t\t\t\t\t<a href=\"https:\/\/www.fw-oebb.at\/index.php\/2025\/02\/03\/01-02-2025-familien-wintersport-tag-fw-obb\/20250201-k-17-wintersporttag-2025\/\" target=\"_self\"><img src='https:\/\/www.fw-oebb.at\/wp-content\/uploads\/2025\/02\/20250201-K-17-Wintersporttag-2025-1100x500.jpg' width='1100' height='500' alt='' \/><\/a>\n\t\t\t\t\t<\/div><\/li>\n\t\t\t\t<li class='gallery-item gallery-item-position-5 gallery-item-attachment-7305 wcflex-slide-item'>\n\t\t\t\t\t<div class='gallery-icon landscape'>\n\t\t\t\t\t\t<a href=\"https:\/\/www.fw-oebb.at\/index.php\/2025\/02\/03\/01-02-2025-familien-wintersport-tag-fw-obb\/20250201-k-18-wintersporttag-2025\/\" target=\"_self\"><img src='https:\/\/www.fw-oebb.at\/wp-content\/uploads\/2025\/02\/20250201-K-18-Wintersporttag-2025-1100x500.jpg' width='1100' height='500' alt='' \/><\/a>\n\t\t\t\t\t<\/div><\/li><\/ul><\/div>\n<\/div>\n<\/div>\n","protected":false},"excerpt":{"rendered":"<p>Am Samstag, dem 01. Februar 2025 fand der Wintersporttag der Feuerwehr \u00d6BB im Skigebiet Serfaus-Fiss-Ladis in Tirol statt statt. Eingeladen waren alle [&hellip;]<\/p>\n","protected":false},"author":2,"featured_media":0,"comment_status":"closed","ping_status":"closed","sticky":false,"template":"","format":"standard","meta":{"ngg_post_thumbnail":0,"footnotes":""},"categories":[15],"tags":[],"class_list":["post-7300","post","type-post","status-publish","format-standard","hentry","category-news"],"_links":{"self":[{"href":"https:\/\/www.fw-oebb.at\/index.php\/wp-json\/wp\/v2\/posts\/7300","targetHints":{"allow":["GET"]}}],"collection":[{"href":"https:\/\/www.fw-oebb.at\/index.php\/wp-json\/wp\/v2\/posts"}],"about":[{"href":"https:\/\/www.fw-oebb.at\/index.php\/wp-json\/wp\/v2\/types\/post"}],"author":[{"embeddable":true,"href":"https:\/\/www.fw-oebb.at\/index.php\/wp-json\/wp\/v2\/users\/2"}],"replies":[{"embeddable":true,"href":"https:\/\/www.fw-oebb.at\/index.php\/wp-json\/wp\/v2\/comments?post=7300"}],"version-history":[{"count":1,"href":"https:\/\/www.fw-oebb.at\/index.php\/wp-json\/wp\/v2\/posts\/7300\/revisions"}],"predecessor-version":[{"id":7306,"href":"https:\/\/www.fw-oebb.at\/index.php\/wp-json\/wp\/v2\/posts\/7300\/revisions\/7306"}],"wp:attachment":[{"href":"https:\/\/www.fw-oebb.at\/index.php\/wp-json\/wp\/v2\/media?parent=7300"}],"wp:term":[{"taxonomy":"category","embeddable":true,"href":"https:\/\/www.fw-oebb.at\/index.php\/wp-json\/wp\/v2\/categories?post=7300"},{"taxonomy":"post_tag","embeddable":true,"href":"https:\/\/www.fw-oebb.at\/index.php\/wp-json\/wp\/v2\/tags?post=7300"}],"curies":[{"name":"wp","href":"https:\/\/api.w.org\/{rel}","templated":true}]}}