{"id":7456,"date":"2025-05-06T12:40:34","date_gmt":"2025-05-06T10:40:34","guid":{"rendered":"https:\/\/www.fw-oebb.at\/?p=7456"},"modified":"2025-05-06T12:55:15","modified_gmt":"2025-05-06T10:55:15","slug":"fahrzeugsegnung-vf-c-und-wlf2-sowie-40-jahre-betriebsfeuerwehr-obb","status":"publish","type":"post","link":"https:\/\/www.fw-oebb.at\/index.php\/2025\/05\/06\/fahrzeugsegnung-vf-c-und-wlf2-sowie-40-jahre-betriebsfeuerwehr-obb\/","title":{"rendered":"Fahrzeugsegnung VF-C und WLF2 sowie 40 Jahre Betriebsfeuerwehr \u00d6BB"},"content":{"rendered":"<p class=\"\" data-start=\"169\" data-end=\"421\">Am 03. Mai 2025 gab es gleich doppelten Grund zur Freude: Die neuen Einsatzfahrzeuge VF-C und WLF2 der Betriebsfeuerwehr \u00d6BB wurden feierlich gesegnet, und gleichzeitig wurde auf 40 Jahre erfolgreiche Feuerwehrarbeit am Standort Wolfurt zur\u00fcckgeblickt.<\/p>\n<p class=\"\" data-start=\"423\" data-end=\"855\">Die Feierlichkeiten fanden in feierlichem Rahmen am Schwefelberg in Hohenems statt. Zahlreiche Ehreng\u00e4ste \u2013 darunter Vertreter aus Politik, dem Landesfeuerwehrverband, befreundeter Feuerwehren, der Polizei und der \u00d6BB \u2013 wohnten der Veranstaltung bei. Landesfeuerwehrkurat Pater Dominikus Matt spendete den neuen Fahrzeugen den kirchlichen Segen und w\u00fcnschte den Kameradinnen und Kameraden stets eine sichere Heimkehr von ihren Eins\u00e4tzen.<\/p>\n<p class=\"\" data-start=\"857\" data-end=\"1382\">Im Anschluss an die Segnung stand das 40-j\u00e4hrige Bestehen der Betriebsfeuerwehr \u00d6BB im Mittelpunkt. Kommandant Markus Mayr und Kommandant Stellvertreter Bernd Fink f\u00fchrten mit einem R\u00fcckblick durch die Geschichte der Wehr. Eine Diashow mit eindrucksvollen Bildern aus vier Jahrzehnten veranschaulichte die Entwicklung und das Engagement der Mitglieder. Danach richtete Peter Grebenz, ehemaliger stellvertretender Kommandant, das Wort an die Anwesenden und erinnerte an die Anfangsjahre der Feuerwehr und deren Aufbauarbeit.<\/p>\n<p class=\"\" data-start=\"1384\" data-end=\"1791\">Im weiteren Verlauf der Veranstaltung standen Bef\u00f6rderungen und Ehrungen auf dem Programm:<br data-start=\"1474\" data-end=\"1477\">Paul Dietrich wurde vom Oberl\u00f6schmeister zum Brandmeister bef\u00f6rdert und \u00fcbernimmt k\u00fcnftig die Funktion des Zugskommandanten. F\u00fcr ihre langj\u00e4hrigen und besonderen Verdienste um die Betriebsfeuerwehr \u00d6BB wurden Oswald Haber, Hans Lampert, Josef Nairz, Wolfgang B\u00fcchel und Norbert F\u00e4ssler zu Ehrenmitgliedern ernannt.<\/p>\n<p class=\"\" data-start=\"1793\" data-end=\"2124\">Zum Abschluss der offiziellen Programmpunkte richteten auch die anwesenden Ehreng\u00e4ste ihre Gru\u00dfworte an die versammelte Mannschaft. Dabei w\u00fcrdigten sie die langj\u00e4hrige Einsatzbereitschaft, die kameradschaftliche Zusammenarbeit und den bedeutenden Beitrag der Betriebsfeuerwehr zur Sicherheit im gesamten Bundesland Vorarlberg.<\/p>\n<p class=\"\" data-start=\"2126\" data-end=\"2233\">Beim anschlie\u00dfenden Abendessen und geselligen Beisammensein klang der Festtag in angenehmer Atmosph\u00e4re aus.<\/p>\n<div class=\"wc-gallery\"><div class='wcflexslider-container wc-gallery-bottomspace-none wc-gallery-clear'><div id='gallery-1' class='gallery wc-gallery-captions-hide gallery-link-post wcflexslider wcsliderauto' data-gutter-width='0' data-columns='3' data-hide-controls='false'><ul class='slides'>\n\t\t\t\t<li class='gallery-item gallery-item-position-1 gallery-item-attachment-7457 wcflex-slide-item'>\n\t\t\t\t\t<div class='gallery-icon landscape'>\n\t\t\t\t\t\t<a href=\"https:\/\/www.fw-oebb.at\/index.php\/2025\/05\/06\/fahrzeugsegnung-vf-c-und-wlf2-sowie-40-jahre-betriebsfeuerwehr-obb\/20250503-k-t1-3-40-jahre-fw-obb\/\" target=\"_self\"><img src='https:\/\/www.fw-oebb.at\/wp-content\/uploads\/2025\/05\/20250503-K-T1-3-40-Jahre-FW-OBB-1000x500.jpg' width='1000' height='500' alt='' \/><\/a>\n\t\t\t\t\t<\/div><\/li>\n\t\t\t\t<li class='gallery-item gallery-item-position-2 gallery-item-attachment-7458 wcflex-slide-item'>\n\t\t\t\t\t<div class='gallery-icon landscape'>\n\t\t\t\t\t\t<a href=\"https:\/\/www.fw-oebb.at\/index.php\/2025\/05\/06\/fahrzeugsegnung-vf-c-und-wlf2-sowie-40-jahre-betriebsfeuerwehr-obb\/20250503-k-t1-31-40-jahre-fw-obb\/\" target=\"_self\"><img src='https:\/\/www.fw-oebb.at\/wp-content\/uploads\/2025\/05\/20250503-K-T1-31-40-Jahre-FW-OBB-1000x500.jpg' width='1000' height='500' alt='' \/><\/a>\n\t\t\t\t\t<\/div><\/li>\n\t\t\t\t<li class='gallery-item gallery-item-position-3 gallery-item-attachment-7459 wcflex-slide-item'>\n\t\t\t\t\t<div class='gallery-icon landscape'>\n\t\t\t\t\t\t<a href=\"https:\/\/www.fw-oebb.at\/index.php\/2025\/05\/06\/fahrzeugsegnung-vf-c-und-wlf2-sowie-40-jahre-betriebsfeuerwehr-obb\/20250503-k-t1-39-40-jahre-fw-obb\/\" target=\"_self\"><img src='https:\/\/www.fw-oebb.at\/wp-content\/uploads\/2025\/05\/20250503-K-T1-39-40-Jahre-FW-OBB-1000x500.jpg' width='1000' height='500' alt='' \/><\/a>\n\t\t\t\t\t<\/div><\/li>\n\t\t\t\t<li class='gallery-item gallery-item-position-4 gallery-item-attachment-7460 wcflex-slide-item'>\n\t\t\t\t\t<div class='gallery-icon landscape'>\n\t\t\t\t\t\t<a href=\"https:\/\/www.fw-oebb.at\/index.php\/2025\/05\/06\/fahrzeugsegnung-vf-c-und-wlf2-sowie-40-jahre-betriebsfeuerwehr-obb\/20250503-k-t1-55-40-jahre-fw-obb\/\" target=\"_self\"><img src='https:\/\/www.fw-oebb.at\/wp-content\/uploads\/2025\/05\/20250503-K-T1-55-40-Jahre-FW-OBB-1000x500.jpg' width='1000' height='500' alt='' \/><\/a>\n\t\t\t\t\t<\/div><\/li>\n\t\t\t\t<li class='gallery-item gallery-item-position-5 gallery-item-attachment-7461 wcflex-slide-item'>\n\t\t\t\t\t<div class='gallery-icon landscape'>\n\t\t\t\t\t\t<a href=\"https:\/\/www.fw-oebb.at\/index.php\/2025\/05\/06\/fahrzeugsegnung-vf-c-und-wlf2-sowie-40-jahre-betriebsfeuerwehr-obb\/20250503-k-t1-59-40-jahre-fw-obb\/\" target=\"_self\"><img src='https:\/\/www.fw-oebb.at\/wp-content\/uploads\/2025\/05\/20250503-K-T1-59-40-Jahre-FW-OBB-1000x500.jpg' width='1000' height='500' alt='' \/><\/a>\n\t\t\t\t\t<\/div><\/li>\n\t\t\t\t<li class='gallery-item gallery-item-position-6 gallery-item-attachment-7462 wcflex-slide-item'>\n\t\t\t\t\t<div class='gallery-icon landscape'>\n\t\t\t\t\t\t<a href=\"https:\/\/www.fw-oebb.at\/index.php\/2025\/05\/06\/fahrzeugsegnung-vf-c-und-wlf2-sowie-40-jahre-betriebsfeuerwehr-obb\/20250503-k-t1-66-40-jahre-fw-obb\/\" target=\"_self\"><img src='https:\/\/www.fw-oebb.at\/wp-content\/uploads\/2025\/05\/20250503-K-T1-66-40-Jahre-FW-OBB-1000x500.jpg' width='1000' height='500' alt='' \/><\/a>\n\t\t\t\t\t<\/div><\/li>\n\t\t\t\t<li class='gallery-item gallery-item-position-7 gallery-item-attachment-7463 wcflex-slide-item'>\n\t\t\t\t\t<div class='gallery-icon landscape'>\n\t\t\t\t\t\t<a href=\"https:\/\/www.fw-oebb.at\/index.php\/2025\/05\/06\/fahrzeugsegnung-vf-c-und-wlf2-sowie-40-jahre-betriebsfeuerwehr-obb\/20250503-k-t1-77-40-jahre-fw-obb\/\" target=\"_self\"><img src='https:\/\/www.fw-oebb.at\/wp-content\/uploads\/2025\/05\/20250503-K-T1-77-40-Jahre-FW-OBB-1000x500.jpg' width='1000' height='500' alt='' \/><\/a>\n\t\t\t\t\t<\/div><\/li>\n\t\t\t\t<li class='gallery-item gallery-item-position-8 gallery-item-attachment-7465 wcflex-slide-item'>\n\t\t\t\t\t<div class='gallery-icon landscape'>\n\t\t\t\t\t\t<a href=\"https:\/\/www.fw-oebb.at\/index.php\/2025\/05\/06\/fahrzeugsegnung-vf-c-und-wlf2-sowie-40-jahre-betriebsfeuerwehr-obb\/20250503-k-t1-95-40-jahre-fw-obb-2\/\" target=\"_self\"><img src='https:\/\/www.fw-oebb.at\/wp-content\/uploads\/2025\/05\/20250503-K-T1-95-40-Jahre-FW-OBB-1-1000x500.jpg' width='1000' height='500' alt='' \/><\/a>\n\t\t\t\t\t<\/div><\/li>\n\t\t\t\t<li class='gallery-item gallery-item-position-9 gallery-item-attachment-7466 wcflex-slide-item'>\n\t\t\t\t\t<div class='gallery-icon landscape'>\n\t\t\t\t\t\t<a href=\"https:\/\/www.fw-oebb.at\/index.php\/2025\/05\/06\/fahrzeugsegnung-vf-c-und-wlf2-sowie-40-jahre-betriebsfeuerwehr-obb\/20250503-k-t1-99-40-jahre-fw-obb\/\" target=\"_self\"><img src='https:\/\/www.fw-oebb.at\/wp-content\/uploads\/2025\/05\/20250503-K-T1-99-40-Jahre-FW-OBB-1000x500.jpg' width='1000' height='500' alt='' \/><\/a>\n\t\t\t\t\t<\/div><\/li>\n\t\t\t\t<li class='gallery-item gallery-item-position-10 gallery-item-attachment-7467 wcflex-slide-item'>\n\t\t\t\t\t<div class='gallery-icon landscape'>\n\t\t\t\t\t\t<a href=\"https:\/\/www.fw-oebb.at\/index.php\/2025\/05\/06\/fahrzeugsegnung-vf-c-und-wlf2-sowie-40-jahre-betriebsfeuerwehr-obb\/20250503-k-t2-3-40-jahre-fw-obb\/\" target=\"_self\"><img src='https:\/\/www.fw-oebb.at\/wp-content\/uploads\/2025\/05\/20250503-K-T2-3-40-Jahre-FW-OBB-1000x500.jpg' width='1000' height='500' alt='' \/><\/a>\n\t\t\t\t\t<\/div><\/li>\n\t\t\t\t<li class='gallery-item gallery-item-position-11 gallery-item-attachment-7468 wcflex-slide-item'>\n\t\t\t\t\t<div class='gallery-icon landscape'>\n\t\t\t\t\t\t<a href=\"https:\/\/www.fw-oebb.at\/index.php\/2025\/05\/06\/fahrzeugsegnung-vf-c-und-wlf2-sowie-40-jahre-betriebsfeuerwehr-obb\/20250503-k-t2-8-40-jahre-fw-obb\/\" target=\"_self\"><img src='https:\/\/www.fw-oebb.at\/wp-content\/uploads\/2025\/05\/20250503-K-T2-8-40-Jahre-FW-OBB-1000x500.jpg' width='1000' height='500' alt='' \/><\/a>\n\t\t\t\t\t<\/div><\/li>\n\t\t\t\t<li class='gallery-item gallery-item-position-12 gallery-item-attachment-7469 wcflex-slide-item'>\n\t\t\t\t\t<div class='gallery-icon landscape'>\n\t\t\t\t\t\t<a href=\"https:\/\/www.fw-oebb.at\/index.php\/2025\/05\/06\/fahrzeugsegnung-vf-c-und-wlf2-sowie-40-jahre-betriebsfeuerwehr-obb\/20250503-k-t2-11-40-jahre-fw-obb\/\" target=\"_self\"><img src='https:\/\/www.fw-oebb.at\/wp-content\/uploads\/2025\/05\/20250503-K-T2-11-40-Jahre-FW-OBB-1000x500.jpg' width='1000' height='500' alt='' \/><\/a>\n\t\t\t\t\t<\/div><\/li>\n\t\t\t\t<li class='gallery-item gallery-item-position-13 gallery-item-attachment-7470 wcflex-slide-item'>\n\t\t\t\t\t<div class='gallery-icon landscape'>\n\t\t\t\t\t\t<a href=\"https:\/\/www.fw-oebb.at\/index.php\/2025\/05\/06\/fahrzeugsegnung-vf-c-und-wlf2-sowie-40-jahre-betriebsfeuerwehr-obb\/20250503-k-t2-14-40-jahre-fw-obb\/\" target=\"_self\"><img src='https:\/\/www.fw-oebb.at\/wp-content\/uploads\/2025\/05\/20250503-K-T2-14-40-Jahre-FW-OBB-1000x500.jpg' width='1000' height='500' alt='' \/><\/a>\n\t\t\t\t\t<\/div><\/li>\n\t\t\t\t<li class='gallery-item gallery-item-position-14 gallery-item-attachment-7471 wcflex-slide-item'>\n\t\t\t\t\t<div class='gallery-icon landscape'>\n\t\t\t\t\t\t<a href=\"https:\/\/www.fw-oebb.at\/index.php\/2025\/05\/06\/fahrzeugsegnung-vf-c-und-wlf2-sowie-40-jahre-betriebsfeuerwehr-obb\/20250503-k-t2-18-40-jahre-fw-obb\/\" target=\"_self\"><img src='https:\/\/www.fw-oebb.at\/wp-content\/uploads\/2025\/05\/20250503-K-T2-18-40-Jahre-FW-OBB-1000x500.jpg' width='1000' height='500' alt='' \/><\/a>\n\t\t\t\t\t<\/div><\/li>\n\t\t\t\t<li class='gallery-item gallery-item-position-15 gallery-item-attachment-7472 wcflex-slide-item'>\n\t\t\t\t\t<div class='gallery-icon landscape'>\n\t\t\t\t\t\t<a href=\"https:\/\/www.fw-oebb.at\/index.php\/2025\/05\/06\/fahrzeugsegnung-vf-c-und-wlf2-sowie-40-jahre-betriebsfeuerwehr-obb\/20250503-k-t2-26-40-jahre-fw-obb\/\" target=\"_self\"><img src='https:\/\/www.fw-oebb.at\/wp-content\/uploads\/2025\/05\/20250503-K-T2-26-40-Jahre-FW-OBB-1000x500.jpg' width='1000' height='500' alt='' \/><\/a>\n\t\t\t\t\t<\/div><\/li>\n\t\t\t\t<li class='gallery-item gallery-item-position-16 gallery-item-attachment-7473 wcflex-slide-item'>\n\t\t\t\t\t<div class='gallery-icon landscape'>\n\t\t\t\t\t\t<a href=\"https:\/\/www.fw-oebb.at\/index.php\/2025\/05\/06\/fahrzeugsegnung-vf-c-und-wlf2-sowie-40-jahre-betriebsfeuerwehr-obb\/20250503-k-t2-28-40-jahre-fw-obb\/\" target=\"_self\"><img src='https:\/\/www.fw-oebb.at\/wp-content\/uploads\/2025\/05\/20250503-K-T2-28-40-Jahre-FW-OBB-1000x500.jpg' width='1000' height='500' alt='' \/><\/a>\n\t\t\t\t\t<\/div><\/li>\n\t\t\t\t<li class='gallery-item gallery-item-position-17 gallery-item-attachment-7474 wcflex-slide-item'>\n\t\t\t\t\t<div class='gallery-icon landscape'>\n\t\t\t\t\t\t<a href=\"https:\/\/www.fw-oebb.at\/index.php\/2025\/05\/06\/fahrzeugsegnung-vf-c-und-wlf2-sowie-40-jahre-betriebsfeuerwehr-obb\/20250503-k-t2-29-40-jahre-fw-obb\/\" target=\"_self\"><img src='https:\/\/www.fw-oebb.at\/wp-content\/uploads\/2025\/05\/20250503-K-T2-29-40-Jahre-FW-OBB-1000x500.jpg' width='1000' height='500' alt='' \/><\/a>\n\t\t\t\t\t<\/div><\/li>\n\t\t\t\t<li class='gallery-item gallery-item-position-18 gallery-item-attachment-7475 wcflex-slide-item'>\n\t\t\t\t\t<div class='gallery-icon landscape'>\n\t\t\t\t\t\t<a href=\"https:\/\/www.fw-oebb.at\/index.php\/2025\/05\/06\/fahrzeugsegnung-vf-c-und-wlf2-sowie-40-jahre-betriebsfeuerwehr-obb\/20250503-k-t2-30-40-jahre-fw-obb\/\" target=\"_self\"><img src='https:\/\/www.fw-oebb.at\/wp-content\/uploads\/2025\/05\/20250503-K-T2-30-40-Jahre-FW-OBB-1000x500.jpg' width='1000' height='500' alt='' \/><\/a>\n\t\t\t\t\t<\/div><\/li>\n\t\t\t\t<li class='gallery-item gallery-item-position-19 gallery-item-attachment-7476 wcflex-slide-item'>\n\t\t\t\t\t<div class='gallery-icon landscape'>\n\t\t\t\t\t\t<a href=\"https:\/\/www.fw-oebb.at\/index.php\/2025\/05\/06\/fahrzeugsegnung-vf-c-und-wlf2-sowie-40-jahre-betriebsfeuerwehr-obb\/20250503-k-t2-36-40-jahre-fw-obb\/\" target=\"_self\"><img src='https:\/\/www.fw-oebb.at\/wp-content\/uploads\/2025\/05\/20250503-K-T2-36-40-Jahre-FW-OBB-1000x500.jpg' width='1000' height='500' alt='' \/><\/a>\n\t\t\t\t\t<\/div><\/li>\n\t\t\t\t<li class='gallery-item gallery-item-position-20 gallery-item-attachment-7477 wcflex-slide-item'>\n\t\t\t\t\t<div class='gallery-icon landscape'>\n\t\t\t\t\t\t<a href=\"https:\/\/www.fw-oebb.at\/index.php\/2025\/05\/06\/fahrzeugsegnung-vf-c-und-wlf2-sowie-40-jahre-betriebsfeuerwehr-obb\/20250503-k-t2-37-40-jahre-fw-obb\/\" target=\"_self\"><img src='https:\/\/www.fw-oebb.at\/wp-content\/uploads\/2025\/05\/20250503-K-T2-37-40-Jahre-FW-OBB-1000x500.jpg' width='1000' height='500' alt='' \/><\/a>\n\t\t\t\t\t<\/div><\/li><\/ul><\/div>\n<\/div>\n<\/div>\n","protected":false},"excerpt":{"rendered":"<p>Am 03. Mai 2025 gab es gleich doppelten Grund zur Freude: Die neuen Einsatzfahrzeuge VF-C und WLF2 der Betriebsfeuerwehr \u00d6BB wurden feierlich [&hellip;]<\/p>\n","protected":false},"author":2,"featured_media":0,"comment_status":"closed","ping_status":"closed","sticky":false,"template":"","format":"standard","meta":{"ngg_post_thumbnail":0,"footnotes":""},"categories":[15],"tags":[],"class_list":["post-7456","post","type-post","status-publish","format-standard","hentry","category-news"],"_links":{"self":[{"href":"https:\/\/www.fw-oebb.at\/index.php\/wp-json\/wp\/v2\/posts\/7456","targetHints":{"allow":["GET"]}}],"collection":[{"href":"https:\/\/www.fw-oebb.at\/index.php\/wp-json\/wp\/v2\/posts"}],"about":[{"href":"https:\/\/www.fw-oebb.at\/index.php\/wp-json\/wp\/v2\/types\/post"}],"author":[{"embeddable":true,"href":"https:\/\/www.fw-oebb.at\/index.php\/wp-json\/wp\/v2\/users\/2"}],"replies":[{"embeddable":true,"href":"https:\/\/www.fw-oebb.at\/index.php\/wp-json\/wp\/v2\/comments?post=7456"}],"version-history":[{"count":2,"href":"https:\/\/www.fw-oebb.at\/index.php\/wp-json\/wp\/v2\/posts\/7456\/revisions"}],"predecessor-version":[{"id":7481,"href":"https:\/\/www.fw-oebb.at\/index.php\/wp-json\/wp\/v2\/posts\/7456\/revisions\/7481"}],"wp:attachment":[{"href":"https:\/\/www.fw-oebb.at\/index.php\/wp-json\/wp\/v2\/media?parent=7456"}],"wp:term":[{"taxonomy":"category","embeddable":true,"href":"https:\/\/www.fw-oebb.at\/index.php\/wp-json\/wp\/v2\/categories?post=7456"},{"taxonomy":"post_tag","embeddable":true,"href":"https:\/\/www.fw-oebb.at\/index.php\/wp-json\/wp\/v2\/tags?post=7456"}],"curies":[{"name":"wp","href":"https:\/\/api.w.org\/{rel}","templated":true}]}}