{"id":7484,"date":"2025-05-08T20:24:24","date_gmt":"2025-05-08T18:24:24","guid":{"rendered":"https:\/\/www.fw-oebb.at\/?p=7484"},"modified":"2025-05-22T06:58:16","modified_gmt":"2025-05-22T04:58:16","slug":"vollprobe-einsatzubung","status":"publish","type":"post","link":"https:\/\/www.fw-oebb.at\/index.php\/2025\/05\/08\/vollprobe-einsatzubung\/","title":{"rendered":"Vollprobe Einsatz\u00fcbung"},"content":{"rendered":"<p class=\"\" data-start=\"176\" data-end=\"384\">Am 8. Mai 2025 fand eine realit\u00e4tsnahe Einsatz\u00fcbung in Zusammenarbeit mit der Feuerwehr Bregenz-Vorkloster statt. \u00dcbungsannahme war ein Verkehrsunfall zwischen einem PKW und einer Zuggarnitur im Gleisbereich.<\/p>\n<p class=\"\" data-start=\"386\" data-end=\"755\">Der Fokus der \u00dcbung lag auf dem sicheren Vorgehen im Gleisbereich, dem richtigen Verhalten in Zusammenarbeit mit den \u00d6BB sowie der Abstimmung mit dem \u00d6BB-Einsatzleiter und der Notfallkoordinationsstelle (\u00d6BB NOKO). Ziel war es, die Zusammenarbeit der Einsatzkr\u00e4fte im Bahnbereich weiter zu st\u00e4rken und im Ernstfall ein koordiniertes, sicheres Vorgehen zu gew\u00e4hrleisten.<\/p>\n<p class=\"\" data-start=\"757\" data-end=\"899\">Nach der Freigabe des Einsatzbereiches durch die \u00d6BB wurden die eingeklemmten Personen z\u00fcgig und professionell aus dem Unfallfahrzeug befreit.<\/p>\n<p class=\"\" data-start=\"901\" data-end=\"1060\">Ein herzliches Dankesch\u00f6n an alle beteiligten Einsatzkr\u00e4fte sowie an das Organisationsteam f\u00fcr die sorgf\u00e4ltige Planung und Durchf\u00fchrung dieser wichtigen \u00dcbung!<\/p>\n<div class=\"wc-gallery\"><div class='wcflexslider-container wc-gallery-bottomspace-none wc-gallery-clear'><div id='gallery-1' class='gallery wc-gallery-captions-hide gallery-link-post wcflexslider wcsliderauto' data-gutter-width='0' data-columns='3' data-hide-controls='false'><ul class='slides'>\n\t\t\t\t<li class='gallery-item gallery-item-position-1 gallery-item-attachment-7491 wcflex-slide-item'>\n\t\t\t\t\t<div class='gallery-icon landscape'>\n\t\t\t\t\t\t<a href=\"https:\/\/www.fw-oebb.at\/index.php\/2025\/05\/08\/vollprobe-einsatzubung\/20250508-a-43-einsatzubung-mit-fw-vorkloster\/\" target=\"_self\"><img src='https:\/\/www.fw-oebb.at\/wp-content\/uploads\/2025\/05\/20250508-A-43-Einsatzubung-mit-FW-Vorkloster-1000x500.jpg' width='1000' height='500' alt='' \/><\/a>\n\t\t\t\t\t<\/div><\/li>\n\t\t\t\t<li class='gallery-item gallery-item-position-2 gallery-item-attachment-7490 wcflex-slide-item'>\n\t\t\t\t\t<div class='gallery-icon portrait'>\n\t\t\t\t\t\t<a href=\"https:\/\/www.fw-oebb.at\/index.php\/2025\/05\/08\/vollprobe-einsatzubung\/20250508-a-39-einsatzubung-mit-fw-vorkloster\/\" target=\"_self\"><img src='https:\/\/www.fw-oebb.at\/wp-content\/uploads\/2025\/05\/20250508-A-39-Einsatzubung-mit-FW-Vorkloster-750x500.jpg' width='750' height='500' alt='' \/><\/a>\n\t\t\t\t\t<\/div><\/li>\n\t\t\t\t<li class='gallery-item gallery-item-position-3 gallery-item-attachment-7489 wcflex-slide-item'>\n\t\t\t\t\t<div class='gallery-icon landscape'>\n\t\t\t\t\t\t<a href=\"https:\/\/www.fw-oebb.at\/index.php\/2025\/05\/08\/vollprobe-einsatzubung\/20250508-a-26-einsatzubung-mit-fw-vorkloster\/\" target=\"_self\"><img src='https:\/\/www.fw-oebb.at\/wp-content\/uploads\/2025\/05\/20250508-A-26-Einsatzubung-mit-FW-Vorkloster-1000x500.jpg' width='1000' height='500' alt='' \/><\/a>\n\t\t\t\t\t<\/div><\/li>\n\t\t\t\t<li class='gallery-item gallery-item-position-4 gallery-item-attachment-7488 wcflex-slide-item'>\n\t\t\t\t\t<div class='gallery-icon landscape'>\n\t\t\t\t\t\t<a href=\"https:\/\/www.fw-oebb.at\/index.php\/2025\/05\/08\/vollprobe-einsatzubung\/20250508-a-55-einsatzubung-mit-fw-vorkloster\/\" target=\"_self\"><img src='https:\/\/www.fw-oebb.at\/wp-content\/uploads\/2025\/05\/20250508-A-55-Einsatzubung-mit-FW-Vorkloster-1000x500.jpg' width='1000' height='500' alt='' \/><\/a>\n\t\t\t\t\t<\/div><\/li>\n\t\t\t\t<li class='gallery-item gallery-item-position-5 gallery-item-attachment-7487 wcflex-slide-item'>\n\t\t\t\t\t<div class='gallery-icon landscape'>\n\t\t\t\t\t\t<a href=\"https:\/\/www.fw-oebb.at\/index.php\/2025\/05\/08\/vollprobe-einsatzubung\/20250508-a-51-einsatzubung-mit-fw-vorkloster\/\" target=\"_self\"><img src='https:\/\/www.fw-oebb.at\/wp-content\/uploads\/2025\/05\/20250508-A-51-Einsatzubung-mit-FW-Vorkloster-1000x500.jpg' width='1000' height='500' alt='' \/><\/a>\n\t\t\t\t\t<\/div><\/li>\n\t\t\t\t<li class='gallery-item gallery-item-position-6 gallery-item-attachment-7486 wcflex-slide-item'>\n\t\t\t\t\t<div class='gallery-icon portrait'>\n\t\t\t\t\t\t<a href=\"https:\/\/www.fw-oebb.at\/index.php\/2025\/05\/08\/vollprobe-einsatzubung\/20250508-a-48-einsatzubung-mit-fw-vorkloster\/\" target=\"_self\"><img src='https:\/\/www.fw-oebb.at\/wp-content\/uploads\/2025\/05\/20250508-A-48-Einsatzubung-mit-FW-Vorkloster-750x500.jpg' width='750' height='500' alt='' \/><\/a>\n\t\t\t\t\t<\/div><\/li>\n\t\t\t\t<li class='gallery-item gallery-item-position-7 gallery-item-attachment-7485 wcflex-slide-item'>\n\t\t\t\t\t<div class='gallery-icon portrait'>\n\t\t\t\t\t\t<a href=\"https:\/\/www.fw-oebb.at\/index.php\/2025\/05\/08\/vollprobe-einsatzubung\/20250508-a-45-einsatzubung-mit-fw-vorkloster\/\" target=\"_self\"><img src='https:\/\/www.fw-oebb.at\/wp-content\/uploads\/2025\/05\/20250508-A-45-Einsatzubung-mit-FW-Vorkloster-750x500.jpg' width='750' height='500' alt='' \/><\/a>\n\t\t\t\t\t<\/div><\/li><\/ul><\/div>\n<\/div>\n<\/div>\n<p data-start=\"901\" data-end=\"1060\">&nbsp;<\/p>\n","protected":false},"excerpt":{"rendered":"<p>Am 8. Mai 2025 fand eine realit\u00e4tsnahe Einsatz\u00fcbung in Zusammenarbeit mit der Feuerwehr Bregenz-Vorkloster statt. \u00dcbungsannahme war ein Verkehrsunfall zwischen einem PKW [&hellip;]<\/p>\n","protected":false},"author":2,"featured_media":0,"comment_status":"closed","ping_status":"closed","sticky":false,"template":"","format":"standard","meta":{"ngg_post_thumbnail":0,"footnotes":""},"categories":[13,36],"tags":[],"class_list":["post-7484","post","type-post","status-publish","format-standard","hentry","category-ausbildung","category-ausbildung-2025"],"_links":{"self":[{"href":"https:\/\/www.fw-oebb.at\/index.php\/wp-json\/wp\/v2\/posts\/7484","targetHints":{"allow":["GET"]}}],"collection":[{"href":"https:\/\/www.fw-oebb.at\/index.php\/wp-json\/wp\/v2\/posts"}],"about":[{"href":"https:\/\/www.fw-oebb.at\/index.php\/wp-json\/wp\/v2\/types\/post"}],"author":[{"embeddable":true,"href":"https:\/\/www.fw-oebb.at\/index.php\/wp-json\/wp\/v2\/users\/2"}],"replies":[{"embeddable":true,"href":"https:\/\/www.fw-oebb.at\/index.php\/wp-json\/wp\/v2\/comments?post=7484"}],"version-history":[{"count":1,"href":"https:\/\/www.fw-oebb.at\/index.php\/wp-json\/wp\/v2\/posts\/7484\/revisions"}],"predecessor-version":[{"id":7492,"href":"https:\/\/www.fw-oebb.at\/index.php\/wp-json\/wp\/v2\/posts\/7484\/revisions\/7492"}],"wp:attachment":[{"href":"https:\/\/www.fw-oebb.at\/index.php\/wp-json\/wp\/v2\/media?parent=7484"}],"wp:term":[{"taxonomy":"category","embeddable":true,"href":"https:\/\/www.fw-oebb.at\/index.php\/wp-json\/wp\/v2\/categories?post=7484"},{"taxonomy":"post_tag","embeddable":true,"href":"https:\/\/www.fw-oebb.at\/index.php\/wp-json\/wp\/v2\/tags?post=7484"}],"curies":[{"name":"wp","href":"https:\/\/api.w.org\/{rel}","templated":true}]}}