{"id":7624,"date":"2025-07-02T22:35:46","date_gmt":"2025-07-02T20:35:46","guid":{"rendered":"https:\/\/www.fw-oebb.at\/?p=7624"},"modified":"2025-07-14T23:47:31","modified_gmt":"2025-07-14T21:47:31","slug":"sommerabschluss-der-feuerwehr-obb","status":"publish","type":"post","link":"https:\/\/www.fw-oebb.at\/index.php\/2025\/07\/02\/sommerabschluss-der-feuerwehr-obb\/","title":{"rendered":"Sommerabschluss der Feuerwehr \u00d6BB"},"content":{"rendered":"<p data-start=\"130\" data-end=\"491\">Zum Sommerabschluss 2025 traf sich die Feuerwehr \u00d6BB zu einer besonderen Veranstaltung: einem actionreichen Gokart-Abend im Kartbahntreff Feldkirch. In zwei Gruppen aufgeteilt, starteten die Teilnehmer mit jeweils zwei 10-min\u00fctigen Trainingsl\u00e4ufen und einem 15-min\u00fctigen Qualifying, bei dem jeder seine fahrerischen F\u00e4higkeiten unter Beweis stellen konnte.<\/p>\n<p data-start=\"493\" data-end=\"828\">Nach dem Qualifying wurden die Gruppen neu durchmischt \u2013 eingeteilt in eine schnelle und eine langsamere Gruppe \u2013 bevor jeweils ein spannendes 20-min\u00fctiges Rennen folgte. Der sportliche Ehrgeiz, der Spa\u00df und der Teamgeist standen dabei im Vordergrund und sorgten f\u00fcr viele spannende \u00dcberholman\u00f6ver und faire Zweik\u00e4mpfe auf der Strecke.<\/p>\n<p data-start=\"830\" data-end=\"1145\">Im Anschluss an das Rennen lie\u00df man den ereignisreichen Abend bei einem gem\u00fctlichen Ausklang in der Werkstatt in Rankweil ausklingen. In geselliger Runde wurde nochmals \u00fcber Rundenzeiten, \u00dcberholman\u00f6ver und kleine &#8222;Rennlegenden&#8220; des Tages diskutiert \u2013 ein gelungener Abschluss eines kameradschaftlichen Events.<\/p>\n<p data-start=\"1147\" data-end=\"1253\" data-is-last-node=\"\" data-is-only-node=\"\">Ein gro\u00dfes Dankesch\u00f6n gilt der Organisation und allen Teilnehmenden f\u00fcr diesen gelungenen Sommerabschluss!<\/p>\n<div class=\"wc-gallery\"><div class='wcflexslider-container wc-gallery-bottomspace-none wc-gallery-clear'><div id='gallery-1' class='gallery wc-gallery-captions-hide gallery-link-file wcflexslider wcsliderauto' data-gutter-width='0' data-columns='3' data-hide-controls='false'><ul class='slides'>\n\t\t\t\t<li class='gallery-item gallery-item-position-1 gallery-item-attachment-7631 wcflex-slide-item'>\n\t\t\t\t\t<div class='gallery-icon landscape'>\n\t\t\t\t\t\t<a href=\"https:\/\/www.fw-oebb.at\/wp-content\/uploads\/2025\/07\/20250702-K-24-Sommerabschluss.jpg\" target=\"_self\"><img src='https:\/\/www.fw-oebb.at\/wp-content\/uploads\/2025\/07\/20250702-K-24-Sommerabschluss-1000x500.jpg' width='1000' height='500' alt='' \/><\/a>\n\t\t\t\t\t<\/div><\/li>\n\t\t\t\t<li class='gallery-item gallery-item-position-2 gallery-item-attachment-7629 wcflex-slide-item'>\n\t\t\t\t\t<div class='gallery-icon landscape'>\n\t\t\t\t\t\t<a href=\"https:\/\/www.fw-oebb.at\/wp-content\/uploads\/2025\/07\/20250702-K-14-Sommerabschluss.jpg\" target=\"_self\"><img src='https:\/\/www.fw-oebb.at\/wp-content\/uploads\/2025\/07\/20250702-K-14-Sommerabschluss-1000x500.jpg' width='1000' height='500' alt='' \/><\/a>\n\t\t\t\t\t<\/div><\/li>\n\t\t\t\t<li class='gallery-item gallery-item-position-3 gallery-item-attachment-7625 wcflex-slide-item'>\n\t\t\t\t\t<div class='gallery-icon landscape'>\n\t\t\t\t\t\t<a href=\"https:\/\/www.fw-oebb.at\/wp-content\/uploads\/2025\/07\/20250702-K-32-Sommerabschluss.jpg\" target=\"_self\"><img src='https:\/\/www.fw-oebb.at\/wp-content\/uploads\/2025\/07\/20250702-K-32-Sommerabschluss-1000x500.jpg' width='1000' height='500' alt='' \/><\/a>\n\t\t\t\t\t<\/div><\/li>\n\t\t\t\t<li class='gallery-item gallery-item-position-4 gallery-item-attachment-7627 wcflex-slide-item'>\n\t\t\t\t\t<div class='gallery-icon landscape'>\n\t\t\t\t\t\t<a href=\"https:\/\/www.fw-oebb.at\/wp-content\/uploads\/2025\/07\/20250702-K-3-Sommerabschluss.jpg\" target=\"_self\"><img src='https:\/\/www.fw-oebb.at\/wp-content\/uploads\/2025\/07\/20250702-K-3-Sommerabschluss-1000x500.jpg' width='1000' height='500' alt='' \/><\/a>\n\t\t\t\t\t<\/div><\/li>\n\t\t\t\t<li class='gallery-item gallery-item-position-5 gallery-item-attachment-7626 wcflex-slide-item'>\n\t\t\t\t\t<div class='gallery-icon landscape'>\n\t\t\t\t\t\t<a href=\"https:\/\/www.fw-oebb.at\/wp-content\/uploads\/2025\/07\/20250702-K-1-Sommerabschluss.jpg\" target=\"_self\"><img src='https:\/\/www.fw-oebb.at\/wp-content\/uploads\/2025\/07\/20250702-K-1-Sommerabschluss-1000x500.jpg' width='1000' height='500' alt='' \/><\/a>\n\t\t\t\t\t<\/div><\/li>\n\t\t\t\t<li class='gallery-item gallery-item-position-6 gallery-item-attachment-7632 wcflex-slide-item'>\n\t\t\t\t\t<div class='gallery-icon landscape'>\n\t\t\t\t\t\t<a href=\"https:\/\/www.fw-oebb.at\/wp-content\/uploads\/2025\/07\/20250702-K-30-Sommerabschluss.jpg\" target=\"_self\"><img src='https:\/\/www.fw-oebb.at\/wp-content\/uploads\/2025\/07\/20250702-K-30-Sommerabschluss-1000x500.jpg' width='1000' height='500' alt='' \/><\/a>\n\t\t\t\t\t<\/div><\/li>\n\t\t\t\t<li class='gallery-item gallery-item-position-7 gallery-item-attachment-7630 wcflex-slide-item'>\n\t\t\t\t\t<div class='gallery-icon portrait'>\n\t\t\t\t\t\t<a href=\"https:\/\/www.fw-oebb.at\/wp-content\/uploads\/2025\/07\/20250702-K-19-Sommerabschluss.jpg\" target=\"_self\"><img src='https:\/\/www.fw-oebb.at\/wp-content\/uploads\/2025\/07\/20250702-K-19-Sommerabschluss-562x500.jpg' width='562' height='500' alt='' \/><\/a>\n\t\t\t\t\t<\/div><\/li>\n\t\t\t\t<li class='gallery-item gallery-item-position-8 gallery-item-attachment-7628 wcflex-slide-item'>\n\t\t\t\t\t<div class='gallery-icon landscape'>\n\t\t\t\t\t\t<a href=\"https:\/\/www.fw-oebb.at\/wp-content\/uploads\/2025\/07\/20250702-K-5-Sommerabschluss.jpg\" target=\"_self\"><img src='https:\/\/www.fw-oebb.at\/wp-content\/uploads\/2025\/07\/20250702-K-5-Sommerabschluss-1000x500.jpg' width='1000' height='500' alt='' \/><\/a>\n\t\t\t\t\t<\/div><\/li><\/ul><\/div>\n<\/div>\n<\/div>\n<p data-start=\"1147\" data-end=\"1253\" data-is-last-node=\"\" data-is-only-node=\"\">&nbsp;<\/p>\n","protected":false},"excerpt":{"rendered":"<p>Zum Sommerabschluss 2025 traf sich die Feuerwehr \u00d6BB zu einer besonderen Veranstaltung: einem actionreichen Gokart-Abend im Kartbahntreff Feldkirch. In zwei Gruppen aufgeteilt, [&hellip;]<\/p>\n","protected":false},"author":2,"featured_media":0,"comment_status":"closed","ping_status":"closed","sticky":false,"template":"","format":"standard","meta":{"ngg_post_thumbnail":0,"footnotes":""},"categories":[13,36],"tags":[],"class_list":["post-7624","post","type-post","status-publish","format-standard","hentry","category-ausbildung","category-ausbildung-2025"],"_links":{"self":[{"href":"https:\/\/www.fw-oebb.at\/index.php\/wp-json\/wp\/v2\/posts\/7624","targetHints":{"allow":["GET"]}}],"collection":[{"href":"https:\/\/www.fw-oebb.at\/index.php\/wp-json\/wp\/v2\/posts"}],"about":[{"href":"https:\/\/www.fw-oebb.at\/index.php\/wp-json\/wp\/v2\/types\/post"}],"author":[{"embeddable":true,"href":"https:\/\/www.fw-oebb.at\/index.php\/wp-json\/wp\/v2\/users\/2"}],"replies":[{"embeddable":true,"href":"https:\/\/www.fw-oebb.at\/index.php\/wp-json\/wp\/v2\/comments?post=7624"}],"version-history":[{"count":1,"href":"https:\/\/www.fw-oebb.at\/index.php\/wp-json\/wp\/v2\/posts\/7624\/revisions"}],"predecessor-version":[{"id":7633,"href":"https:\/\/www.fw-oebb.at\/index.php\/wp-json\/wp\/v2\/posts\/7624\/revisions\/7633"}],"wp:attachment":[{"href":"https:\/\/www.fw-oebb.at\/index.php\/wp-json\/wp\/v2\/media?parent=7624"}],"wp:term":[{"taxonomy":"category","embeddable":true,"href":"https:\/\/www.fw-oebb.at\/index.php\/wp-json\/wp\/v2\/categories?post=7624"},{"taxonomy":"post_tag","embeddable":true,"href":"https:\/\/www.fw-oebb.at\/index.php\/wp-json\/wp\/v2\/tags?post=7624"}],"curies":[{"name":"wp","href":"https:\/\/api.w.org\/{rel}","templated":true}]}}