{"id":7906,"date":"2026-01-11T21:04:34","date_gmt":"2026-01-11T20:04:34","guid":{"rendered":"https:\/\/www.fw-oebb.at\/?p=7906"},"modified":"2026-01-11T21:05:31","modified_gmt":"2026-01-11T20:05:31","slug":"einsatz-005-bregenz-obb-bahnhof-bregenz-unklare-rauchentwicklung-in-speisewagen","status":"publish","type":"post","link":"https:\/\/www.fw-oebb.at\/index.php\/2026\/01\/11\/einsatz-005-bregenz-obb-bahnhof-bregenz-unklare-rauchentwicklung-in-speisewagen\/","title":{"rendered":"Einsatz 005 &#8211; Bregenz, \u00d6BB Bahnhof Bregenz &#8211; unklare Rauchentwicklung in Speisewagen"},"content":{"rendered":"<p><strong>Alarmierung: 11.01.2026 um 16:35 Uhr &#8211; Stichwort: f2<\/strong><\/p>\n<p>Die Feuerwehr \u00d6BB wurde um 16:35 Uhr gemeinsam mit der \u00f6rtlich zust\u00e4ndigen Feuerwehr Bregenz-Stadt zu einem Einsatz beim Bahnhof Bregenz alarmiert. Im Speiswagen eines \u00d6BB Railjet kam es im Bereich der Kaffeemaschine zu einer Brandentwicklung. Der Brand wurde bereits vor Eintreffen der Einsatzkr\u00e4fte durch das Zugpersonal gel\u00f6scht und der betroffene Waggon ger\u00e4umt. Die Aufgabe der Feuerwehr war es, die Brandstelle mittels W\u00e4rmebildkamera zu kontrollieren. Anschlie\u00dfend wurde die Einsatzstelle in Absprache mit dem Zugpersonal und \u00d6BB internen Stellen an die Zugmannschaft \u00fcbergeben.<\/p>\n<p>Im Einsatz standen: FW \u00d6BB mit KEF und KDO2 sowie die Feuerwehr Bregenz-Stadt<\/p>\n<div class=\"wc-gallery\"><div class='wcflexslider-container wc-gallery-bottomspace-none wc-gallery-clear'><div id='gallery-1' class='gallery wc-gallery-captions-hide gallery-link-post wcflexslider wcsliderauto' data-gutter-width='0' data-columns='3' data-hide-controls='false'><ul class='slides'>\n\t\t\t\t<li class='gallery-item gallery-item-position-1 gallery-item-attachment-7907 wcflex-slide-item'>\n\t\t\t\t\t<div class='gallery-icon portrait'>\n\t\t\t\t\t\t<a href=\"https:\/\/www.fw-oebb.at\/index.php\/2026\/01\/11\/einsatz-005-bregenz-obb-bahnhof-bregenz-unklare-rauchentwicklung-in-speisewagen\/20260111-e-5-rauchentwicklung-railjet\/\" target=\"_self\"><img src='https:\/\/www.fw-oebb.at\/wp-content\/uploads\/2026\/01\/20260111-E-5-Rauchentwicklung-Railjet-1080x500.jpg' width='1080' height='500' alt='' \/><\/a>\n\t\t\t\t\t<\/div><\/li>\n\t\t\t\t<li class='gallery-item gallery-item-position-2 gallery-item-attachment-7908 wcflex-slide-item'>\n\t\t\t\t\t<div class='gallery-icon portrait'>\n\t\t\t\t\t\t<a href=\"https:\/\/www.fw-oebb.at\/index.php\/2026\/01\/11\/einsatz-005-bregenz-obb-bahnhof-bregenz-unklare-rauchentwicklung-in-speisewagen\/20260111-e-1-rauchentwicklung-railjet\/\" target=\"_self\"><img src='https:\/\/www.fw-oebb.at\/wp-content\/uploads\/2026\/01\/20260111-E-1-Rauchentwicklung-Railjet-1080x500.jpg' width='1080' height='500' alt='' \/><\/a>\n\t\t\t\t\t<\/div><\/li>\n\t\t\t\t<li class='gallery-item gallery-item-position-3 gallery-item-attachment-7909 wcflex-slide-item'>\n\t\t\t\t\t<div class='gallery-icon portrait'>\n\t\t\t\t\t\t<a href=\"https:\/\/www.fw-oebb.at\/index.php\/2026\/01\/11\/einsatz-005-bregenz-obb-bahnhof-bregenz-unklare-rauchentwicklung-in-speisewagen\/20260111-e-4-rauchentwicklung-railjet\/\" target=\"_self\"><img src='https:\/\/www.fw-oebb.at\/wp-content\/uploads\/2026\/01\/20260111-E-4-Rauchentwicklung-Railjet-1080x500.jpg' width='1080' height='500' alt='' \/><\/a>\n\t\t\t\t\t<\/div><\/li><\/ul><\/div>\n<\/div>\n<\/div>\n","protected":false},"excerpt":{"rendered":"<p>Alarmierung: 11.01.2026 um 16:35 Uhr &#8211; Stichwort: f2 Die Feuerwehr \u00d6BB wurde um 16:35 Uhr gemeinsam mit der \u00f6rtlich zust\u00e4ndigen Feuerwehr Bregenz-Stadt [&hellip;]<\/p>\n","protected":false},"author":2,"featured_media":0,"comment_status":"closed","ping_status":"closed","sticky":false,"template":"","format":"standard","meta":{"ngg_post_thumbnail":0,"footnotes":""},"categories":[8,39],"tags":[],"class_list":["post-7906","post","type-post","status-publish","format-standard","hentry","category-einsatze","category-einsatze-2026"],"_links":{"self":[{"href":"https:\/\/www.fw-oebb.at\/index.php\/wp-json\/wp\/v2\/posts\/7906","targetHints":{"allow":["GET"]}}],"collection":[{"href":"https:\/\/www.fw-oebb.at\/index.php\/wp-json\/wp\/v2\/posts"}],"about":[{"href":"https:\/\/www.fw-oebb.at\/index.php\/wp-json\/wp\/v2\/types\/post"}],"author":[{"embeddable":true,"href":"https:\/\/www.fw-oebb.at\/index.php\/wp-json\/wp\/v2\/users\/2"}],"replies":[{"embeddable":true,"href":"https:\/\/www.fw-oebb.at\/index.php\/wp-json\/wp\/v2\/comments?post=7906"}],"version-history":[{"count":2,"href":"https:\/\/www.fw-oebb.at\/index.php\/wp-json\/wp\/v2\/posts\/7906\/revisions"}],"predecessor-version":[{"id":7911,"href":"https:\/\/www.fw-oebb.at\/index.php\/wp-json\/wp\/v2\/posts\/7906\/revisions\/7911"}],"wp:attachment":[{"href":"https:\/\/www.fw-oebb.at\/index.php\/wp-json\/wp\/v2\/media?parent=7906"}],"wp:term":[{"taxonomy":"category","embeddable":true,"href":"https:\/\/www.fw-oebb.at\/index.php\/wp-json\/wp\/v2\/categories?post=7906"},{"taxonomy":"post_tag","embeddable":true,"href":"https:\/\/www.fw-oebb.at\/index.php\/wp-json\/wp\/v2\/tags?post=7906"}],"curies":[{"name":"wp","href":"https:\/\/api.w.org\/{rel}","templated":true}]}}