{"id":7936,"date":"2026-01-26T14:39:47","date_gmt":"2026-01-26T13:39:47","guid":{"rendered":"https:\/\/www.fw-oebb.at\/?p=7936"},"modified":"2026-01-26T14:42:38","modified_gmt":"2026-01-26T13:42:38","slug":"24-01-2026-39-jahreshauptversammlung-der-fw-obb-infrastruktur","status":"publish","type":"post","link":"https:\/\/www.fw-oebb.at\/index.php\/2026\/01\/26\/24-01-2026-39-jahreshauptversammlung-der-fw-obb-infrastruktur\/","title":{"rendered":"24.01.2026 \u2013 39. Jahreshauptversammlung der FW \u00d6BB Infrastruktur"},"content":{"rendered":"<p>Die 39. Jahreshauptversammlung der Feuerwehr \u00d6BB Infrastruktur am Standort Wolfurt fand am 14.01.2026 im Schulungssaal im Ger\u00e4tehaus Wolfurt statt. Neben den Mitgliedern der Feuerwehr \u00d6BB konnte eine gro\u00dfe Anzahl an Ehreng\u00e4sten von Seiten \u00d6BB, benachbarter Feuerwehren, Gemeinde Wolfurt, Politik sowie benachbarten und befreundeten Hilfs- und Rettungsorganisationen begr\u00fc\u00dft werden.<\/p>\n<p>Im Bericht des Kommandanten wurde auf das vergangene Jahr 2025 zur\u00fcckgeblickt. Im Berichtsjahr 2025 bestand die die Feuerwehr \u00d6BB aus insgesamt 69 Mann\/Frau (61 Aktive-, sechs Ehren- und zwei Passiven Mitgliedern). Besonders hervorgehoben wurde, dass 50 Mitglieder sogenannte Gastfeuerwehrm\u00e4nner waren und freiwillig bei der Feuerwehr \u00d6BB Mitglied sind. Des Weiteren wurde von Kommandant Markus berichtet, dass es im Jahr 2025 einen Gesamtaufwand von 4.996 Stunden gegeben hat und 112 unterschiedlichste Eins\u00e4tze positiv abgearbeitet werden konnten.<\/p>\n<p>Anschlie\u00dfend an den Bericht des Kommandanten folgte der Bericht der Ausbildung, welcher von F\u00fchrungsunterst\u00fctzer Julian Wirth vorgetragen wurde. Im Jahr 2025 wurden 20 \u00dcbungen und Schulungen abgehalten, an welchen 329 Kameraden teilgenommen haben. Dies ergibt einen Gesamtaufwand f\u00fcr die Ausbildung von 4.299 Stunden. Neben den verschiedenen \u00dcbungen am G\u00fcterbahnhof Wolfurt wurden auch viele Lehrg\u00e4nge am Feuerwehrausbildungszentrum in Feldkirch besucht. Weitere Highlights im vergangenen Jahr im Bereich Ausbildung waren Zusatz\u00fcbungen im Abschnitt sowie das Abhalten der \u00d6BB Tunnelretter Schulungen in Telfs.<\/p>\n<p>Im Bericht der Mannschaft berichtete Mannschaftsvertreter Norbert F\u00e4ssler \u00fcber die kameradschaftlichen Aktivit\u00e4ten des vergangenen Jahres. Anhand von vielen Fotos konnten die zahlreichen Veranstaltungen im vergangenen Jahr wieder in Erinnerung gerufen werden. Das gr\u00f6\u00dfte Highlight im Bereich Kameradschaft im Jahr 2025 war sicherlich das 40 Jahre Jubil\u00e4um der Feurwehr \u00d6BB Infrastruktur mit der gleichzeitigen Fahrzeugsegnung des WLF2 sowie VF-C.<\/p>\n<p>Der Kassabericht wurde diesmal auf Grund von Unp\u00e4sslichkeit des Kassiers Harald Frener in Vertretung durch Zkdt. Daniel Lampert vorgetragen. Daniel berichtete \u00fcber die eingesetzten Geldmittel im Jahr 2024 und die Aufteilung dieser in die einzelnen Positionen.<\/p>\n<p>Im Tagesordnungspunkt zehn standen diverse Bef\u00f6rderungen auf dem Programm. Bef\u00f6rdert wurden folgende Personen: Noah Meusburger, Sebastian Allg\u00e4uer und Leon Baumann vom FM zum OFM sowie Daniel Wucherer, Emanuel M\u00fcller und Christian Marinelli vom OFM zum HFM.<\/p>\n<p>Im Tagesordnungspunkt elf standen Ehrungen f\u00fcr verdienstvolle T\u00e4tigkeiten im Bereich Feuerwehrdienst auf dem Programm.<br \/>\nOLM Stephan B\u00f6sch erhielt f\u00fcr 25 Jahre Feuerwehrmitgliedschaft die Feuerwehrmedaille des Landes Vorarlberg in Bronze.<\/p>\n<p>Anschlie\u00dfend wurde zur \u00dcberraschung von Kdt. Markus Mayr das Wort von Schriftf\u00fchrer Julian Illigasch \u00fcbernommen. In seiner Rede z\u00e4hlte Julian den Werdegang von Markus Mayr auf und dieser ist echt bemerkenswert. Seit 2001 Mitglied der SARUV, seit 2002 bis heute Dienstgrad bei der Feuerwehr Rankweil, seit 2006 (somit seit 20 Jahren!) KDT der Feuerwehr \u00d6BB Infrastruktur am St\u00fctzpunkt Wolfurt, Kommandant Stv. der Feuerwehr Rankweil von 2010-2015 und nochmals von 2016-2022, seit 2022 Kommandant der Feuerwehr Rankweil, Gastausbilder im Feuerwehrausbildungszentrum, &#8230; An dieser Stelle alles aufzuz\u00e4hlen w\u00fcrde definitiv den Rahmen sprengen. Als Dank und Anerkennung f\u00fcr all seine geleisteten T\u00e4tigkeiten wurde an Markus das Verdienstkreuz in Silber des Landes Vorarlberg von Landesrat Daniel Allg\u00e4uer, BFI Reinhard Karg, Vertreter der Betriebsfeuerwehr J\u00fcrgen Grubm\u00fcller, AFK Markus Nenning und Vertreter der \u00d6BB Infrastruktur Anton Th\u00f6nig \u00fcberreicht.&nbsp;<\/p>\n<p>An dieser Stelle gratulieren wir Stephan und Markus zur Auszeichnung und bedanken uns bei beiden f\u00fcr die geleistete Arbeit.<\/p>\n<p>Nach den Gru\u00dfworten der G\u00e4ste schloss Kommandant Markus Mayr um 20:30 Uhr die 39. Jahreshauptversammlung der Feuerwehr \u00d6BB mit dem Wahlspruch der Feuerwehr \u201eGott zur Ehr, dem n\u00e4chsten zur Wehr\u201c.<\/p>\n<div class=\"wc-gallery\"><div class='wcflexslider-container wc-gallery-bottomspace-none wc-gallery-clear'><div id='gallery-1' class='gallery wc-gallery-captions-hide gallery-link-post wcflexslider wcsliderauto' data-gutter-width='0' data-columns='3' data-hide-controls='false'><ul class='slides'>\n\t\t\t\t<li class='gallery-item gallery-item-position-1 gallery-item-attachment-7938 wcflex-slide-item'>\n\t\t\t\t\t<div class='gallery-icon landscape'>\n\t\t\t\t\t\t<a href=\"https:\/\/www.fw-oebb.at\/index.php\/2026\/01\/26\/24-01-2026-39-jahreshauptversammlung-der-fw-obb-infrastruktur\/20260124-k-01-jhv-2026\/\" target=\"_self\"><img src='https:\/\/www.fw-oebb.at\/wp-content\/uploads\/2026\/01\/20260124-K-01-JHV-2026-1000x500.jpg' width='1000' height='500' alt='' \/><\/a>\n\t\t\t\t\t<\/div><\/li>\n\t\t\t\t<li class='gallery-item gallery-item-position-2 gallery-item-attachment-7939 wcflex-slide-item'>\n\t\t\t\t\t<div class='gallery-icon landscape'>\n\t\t\t\t\t\t<a href=\"https:\/\/www.fw-oebb.at\/index.php\/2026\/01\/26\/24-01-2026-39-jahreshauptversammlung-der-fw-obb-infrastruktur\/20260124-k-13-jhv-2026\/\" target=\"_self\"><img src='https:\/\/www.fw-oebb.at\/wp-content\/uploads\/2026\/01\/20260124-K-13-JHV-2026-1000x500.jpg' width='1000' height='500' alt='' \/><\/a>\n\t\t\t\t\t<\/div><\/li>\n\t\t\t\t<li class='gallery-item gallery-item-position-3 gallery-item-attachment-7940 wcflex-slide-item'>\n\t\t\t\t\t<div class='gallery-icon landscape'>\n\t\t\t\t\t\t<a href=\"https:\/\/www.fw-oebb.at\/index.php\/2026\/01\/26\/24-01-2026-39-jahreshauptversammlung-der-fw-obb-infrastruktur\/20260124-k-15-jhv-2026\/\" target=\"_self\"><img src='https:\/\/www.fw-oebb.at\/wp-content\/uploads\/2026\/01\/20260124-K-15-JHV-2026-1000x500.jpg' width='1000' height='500' alt='' \/><\/a>\n\t\t\t\t\t<\/div><\/li>\n\t\t\t\t<li class='gallery-item gallery-item-position-4 gallery-item-attachment-7941 wcflex-slide-item'>\n\t\t\t\t\t<div class='gallery-icon landscape'>\n\t\t\t\t\t\t<a href=\"https:\/\/www.fw-oebb.at\/index.php\/2026\/01\/26\/24-01-2026-39-jahreshauptversammlung-der-fw-obb-infrastruktur\/20260124-k-25-jhv-2026\/\" target=\"_self\"><img src='https:\/\/www.fw-oebb.at\/wp-content\/uploads\/2026\/01\/20260124-K-25-JHV-2026-1000x500.jpg' width='1000' height='500' alt='' \/><\/a>\n\t\t\t\t\t<\/div><\/li>\n\t\t\t\t<li class='gallery-item gallery-item-position-5 gallery-item-attachment-7942 wcflex-slide-item'>\n\t\t\t\t\t<div class='gallery-icon landscape'>\n\t\t\t\t\t\t<a href=\"https:\/\/www.fw-oebb.at\/index.php\/2026\/01\/26\/24-01-2026-39-jahreshauptversammlung-der-fw-obb-infrastruktur\/20260124-k-28-jhv-2026\/\" target=\"_self\"><img src='https:\/\/www.fw-oebb.at\/wp-content\/uploads\/2026\/01\/20260124-K-28-JHV-2026-1000x500.jpg' width='1000' height='500' alt='' \/><\/a>\n\t\t\t\t\t<\/div><\/li>\n\t\t\t\t<li class='gallery-item gallery-item-position-6 gallery-item-attachment-7943 wcflex-slide-item'>\n\t\t\t\t\t<div class='gallery-icon landscape'>\n\t\t\t\t\t\t<a href=\"https:\/\/www.fw-oebb.at\/index.php\/2026\/01\/26\/24-01-2026-39-jahreshauptversammlung-der-fw-obb-infrastruktur\/20260124-k-29-jhv-2026\/\" target=\"_self\"><img src='https:\/\/www.fw-oebb.at\/wp-content\/uploads\/2026\/01\/20260124-K-29-JHV-2026-1000x500.jpg' width='1000' height='500' alt='' \/><\/a>\n\t\t\t\t\t<\/div><\/li>\n\t\t\t\t<li class='gallery-item gallery-item-position-7 gallery-item-attachment-7944 wcflex-slide-item'>\n\t\t\t\t\t<div class='gallery-icon landscape'>\n\t\t\t\t\t\t<a href=\"https:\/\/www.fw-oebb.at\/index.php\/2026\/01\/26\/24-01-2026-39-jahreshauptversammlung-der-fw-obb-infrastruktur\/20260124-k-31-jhv-2026\/\" target=\"_self\"><img src='https:\/\/www.fw-oebb.at\/wp-content\/uploads\/2026\/01\/20260124-K-31-JHV-2026-1000x500.jpg' width='1000' height='500' alt='' \/><\/a>\n\t\t\t\t\t<\/div><\/li>\n\t\t\t\t<li class='gallery-item gallery-item-position-8 gallery-item-attachment-7945 wcflex-slide-item'>\n\t\t\t\t\t<div class='gallery-icon landscape'>\n\t\t\t\t\t\t<a href=\"https:\/\/www.fw-oebb.at\/index.php\/2026\/01\/26\/24-01-2026-39-jahreshauptversammlung-der-fw-obb-infrastruktur\/20260124-k-33-jhv-2026\/\" target=\"_self\"><img src='https:\/\/www.fw-oebb.at\/wp-content\/uploads\/2026\/01\/20260124-K-33-JHV-2026-1000x500.jpg' width='1000' height='500' alt='' \/><\/a>\n\t\t\t\t\t<\/div><\/li>\n\t\t\t\t<li class='gallery-item gallery-item-position-9 gallery-item-attachment-7946 wcflex-slide-item'>\n\t\t\t\t\t<div class='gallery-icon landscape'>\n\t\t\t\t\t\t<a href=\"https:\/\/www.fw-oebb.at\/index.php\/2026\/01\/26\/24-01-2026-39-jahreshauptversammlung-der-fw-obb-infrastruktur\/20260124-k-37-jhv-2026\/\" target=\"_self\"><img src='https:\/\/www.fw-oebb.at\/wp-content\/uploads\/2026\/01\/20260124-K-37-JHV-2026-1000x500.jpg' width='1000' height='500' alt='' \/><\/a>\n\t\t\t\t\t<\/div><\/li>\n\t\t\t\t<li class='gallery-item gallery-item-position-10 gallery-item-attachment-7947 wcflex-slide-item'>\n\t\t\t\t\t<div class='gallery-icon landscape'>\n\t\t\t\t\t\t<a href=\"https:\/\/www.fw-oebb.at\/index.php\/2026\/01\/26\/24-01-2026-39-jahreshauptversammlung-der-fw-obb-infrastruktur\/20260124-k-40-jhv-2026\/\" target=\"_self\"><img src='https:\/\/www.fw-oebb.at\/wp-content\/uploads\/2026\/01\/20260124-K-40-JHV-2026-1000x500.jpg' width='1000' height='500' alt='' \/><\/a>\n\t\t\t\t\t<\/div><\/li>\n\t\t\t\t<li class='gallery-item gallery-item-position-11 gallery-item-attachment-7948 wcflex-slide-item'>\n\t\t\t\t\t<div class='gallery-icon landscape'>\n\t\t\t\t\t\t<a href=\"https:\/\/www.fw-oebb.at\/index.php\/2026\/01\/26\/24-01-2026-39-jahreshauptversammlung-der-fw-obb-infrastruktur\/20260124-k-47-jhv-2026\/\" target=\"_self\"><img src='https:\/\/www.fw-oebb.at\/wp-content\/uploads\/2026\/01\/20260124-K-47-JHV-2026-1000x500.jpg' width='1000' height='500' alt='' \/><\/a>\n\t\t\t\t\t<\/div><\/li>\n\t\t\t\t<li class='gallery-item gallery-item-position-12 gallery-item-attachment-7949 wcflex-slide-item'>\n\t\t\t\t\t<div class='gallery-icon landscape'>\n\t\t\t\t\t\t<a href=\"https:\/\/www.fw-oebb.at\/index.php\/2026\/01\/26\/24-01-2026-39-jahreshauptversammlung-der-fw-obb-infrastruktur\/20260124-k-48-jhv-2026\/\" target=\"_self\"><img src='https:\/\/www.fw-oebb.at\/wp-content\/uploads\/2026\/01\/20260124-K-48-JHV-2026-1000x500.jpg' width='1000' height='500' alt='' \/><\/a>\n\t\t\t\t\t<\/div><\/li>\n\t\t\t\t<li class='gallery-item gallery-item-position-13 gallery-item-attachment-7950 wcflex-slide-item'>\n\t\t\t\t\t<div class='gallery-icon landscape'>\n\t\t\t\t\t\t<a href=\"https:\/\/www.fw-oebb.at\/index.php\/2026\/01\/26\/24-01-2026-39-jahreshauptversammlung-der-fw-obb-infrastruktur\/20260124-k-50-jhv-2026\/\" target=\"_self\"><img src='https:\/\/www.fw-oebb.at\/wp-content\/uploads\/2026\/01\/20260124-K-50-JHV-2026-1000x500.jpg' width='1000' height='500' alt='' \/><\/a>\n\t\t\t\t\t<\/div><\/li>\n\t\t\t\t<li class='gallery-item gallery-item-position-14 gallery-item-attachment-7951 wcflex-slide-item'>\n\t\t\t\t\t<div class='gallery-icon landscape'>\n\t\t\t\t\t\t<a href=\"https:\/\/www.fw-oebb.at\/index.php\/2026\/01\/26\/24-01-2026-39-jahreshauptversammlung-der-fw-obb-infrastruktur\/20260124-k-52-jhv-2026\/\" target=\"_self\"><img src='https:\/\/www.fw-oebb.at\/wp-content\/uploads\/2026\/01\/20260124-K-52-JHV-2026-1000x500.jpg' width='1000' height='500' alt='' \/><\/a>\n\t\t\t\t\t<\/div><\/li>\n\t\t\t\t<li class='gallery-item gallery-item-position-15 gallery-item-attachment-7952 wcflex-slide-item'>\n\t\t\t\t\t<div class='gallery-icon landscape'>\n\t\t\t\t\t\t<a href=\"https:\/\/www.fw-oebb.at\/index.php\/2026\/01\/26\/24-01-2026-39-jahreshauptversammlung-der-fw-obb-infrastruktur\/20260124-k-64-jhv-2026\/\" target=\"_self\"><img src='https:\/\/www.fw-oebb.at\/wp-content\/uploads\/2026\/01\/20260124-K-64-JHV-2026-1000x500.jpg' width='1000' height='500' alt='' \/><\/a>\n\t\t\t\t\t<\/div><\/li>\n\t\t\t\t<li class='gallery-item gallery-item-position-16 gallery-item-attachment-7953 wcflex-slide-item'>\n\t\t\t\t\t<div class='gallery-icon landscape'>\n\t\t\t\t\t\t<a href=\"https:\/\/www.fw-oebb.at\/index.php\/2026\/01\/26\/24-01-2026-39-jahreshauptversammlung-der-fw-obb-infrastruktur\/20260124-k-74-jhv-2026\/\" target=\"_self\"><img src='https:\/\/www.fw-oebb.at\/wp-content\/uploads\/2026\/01\/20260124-K-74-JHV-2026-1000x500.jpg' width='1000' height='500' alt='' \/><\/a>\n\t\t\t\t\t<\/div><\/li>\n\t\t\t\t<li class='gallery-item gallery-item-position-17 gallery-item-attachment-7954 wcflex-slide-item'>\n\t\t\t\t\t<div class='gallery-icon landscape'>\n\t\t\t\t\t\t<a href=\"https:\/\/www.fw-oebb.at\/index.php\/2026\/01\/26\/24-01-2026-39-jahreshauptversammlung-der-fw-obb-infrastruktur\/20260124-k-87-jhv-2026\/\" target=\"_self\"><img src='https:\/\/www.fw-oebb.at\/wp-content\/uploads\/2026\/01\/20260124-K-87-JHV-2026-1000x500.jpg' width='1000' height='500' alt='' \/><\/a>\n\t\t\t\t\t<\/div><\/li>\n\t\t\t\t<li class='gallery-item gallery-item-position-18 gallery-item-attachment-7955 wcflex-slide-item'>\n\t\t\t\t\t<div class='gallery-icon landscape'>\n\t\t\t\t\t\t<a href=\"https:\/\/www.fw-oebb.at\/index.php\/2026\/01\/26\/24-01-2026-39-jahreshauptversammlung-der-fw-obb-infrastruktur\/20260124-k-96-jhv-2026\/\" target=\"_self\"><img src='https:\/\/www.fw-oebb.at\/wp-content\/uploads\/2026\/01\/20260124-K-96-JHV-2026-1000x500.jpg' width='1000' height='500' alt='' \/><\/a>\n\t\t\t\t\t<\/div><\/li>\n\t\t\t\t<li class='gallery-item gallery-item-position-19 gallery-item-attachment-7956 wcflex-slide-item'>\n\t\t\t\t\t<div class='gallery-icon landscape'>\n\t\t\t\t\t\t<a href=\"https:\/\/www.fw-oebb.at\/index.php\/2026\/01\/26\/24-01-2026-39-jahreshauptversammlung-der-fw-obb-infrastruktur\/20260124-k-97-jhv-2026\/\" target=\"_self\"><img src='https:\/\/www.fw-oebb.at\/wp-content\/uploads\/2026\/01\/20260124-K-97-JHV-2026-1000x500.jpg' width='1000' height='500' alt='' \/><\/a>\n\t\t\t\t\t<\/div><\/li>\n\t\t\t\t<li class='gallery-item gallery-item-position-20 gallery-item-attachment-7937 wcflex-slide-item'>\n\t\t\t\t\t<div class='gallery-icon landscape'>\n\t\t\t\t\t\t<a href=\"https:\/\/www.fw-oebb.at\/index.php\/2026\/01\/26\/24-01-2026-39-jahreshauptversammlung-der-fw-obb-infrastruktur\/20260124-k-99-jhv-2026\/\" target=\"_self\"><img src='https:\/\/www.fw-oebb.at\/wp-content\/uploads\/2026\/01\/20260124-K-99-JHV-2026-1000x500.jpg' width='1000' height='500' alt='' \/><\/a>\n\t\t\t\t\t<\/div><\/li><\/ul><\/div>\n<\/div>\n<\/div>\n","protected":false},"excerpt":{"rendered":"<p>Die 39. Jahreshauptversammlung der Feuerwehr \u00d6BB Infrastruktur am Standort Wolfurt fand am 14.01.2026 im Schulungssaal im Ger\u00e4tehaus Wolfurt statt. Neben den Mitgliedern [&hellip;]<\/p>\n","protected":false},"author":2,"featured_media":0,"comment_status":"closed","ping_status":"closed","sticky":false,"template":"","format":"standard","meta":{"ngg_post_thumbnail":0,"footnotes":""},"categories":[15],"tags":[],"class_list":["post-7936","post","type-post","status-publish","format-standard","hentry","category-news"],"_links":{"self":[{"href":"https:\/\/www.fw-oebb.at\/index.php\/wp-json\/wp\/v2\/posts\/7936","targetHints":{"allow":["GET"]}}],"collection":[{"href":"https:\/\/www.fw-oebb.at\/index.php\/wp-json\/wp\/v2\/posts"}],"about":[{"href":"https:\/\/www.fw-oebb.at\/index.php\/wp-json\/wp\/v2\/types\/post"}],"author":[{"embeddable":true,"href":"https:\/\/www.fw-oebb.at\/index.php\/wp-json\/wp\/v2\/users\/2"}],"replies":[{"embeddable":true,"href":"https:\/\/www.fw-oebb.at\/index.php\/wp-json\/wp\/v2\/comments?post=7936"}],"version-history":[{"count":2,"href":"https:\/\/www.fw-oebb.at\/index.php\/wp-json\/wp\/v2\/posts\/7936\/revisions"}],"predecessor-version":[{"id":7958,"href":"https:\/\/www.fw-oebb.at\/index.php\/wp-json\/wp\/v2\/posts\/7936\/revisions\/7958"}],"wp:attachment":[{"href":"https:\/\/www.fw-oebb.at\/index.php\/wp-json\/wp\/v2\/media?parent=7936"}],"wp:term":[{"taxonomy":"category","embeddable":true,"href":"https:\/\/www.fw-oebb.at\/index.php\/wp-json\/wp\/v2\/categories?post=7936"},{"taxonomy":"post_tag","embeddable":true,"href":"https:\/\/www.fw-oebb.at\/index.php\/wp-json\/wp\/v2\/tags?post=7936"}],"curies":[{"name":"wp","href":"https:\/\/api.w.org\/{rel}","templated":true}]}}