{"id":796,"date":"2018-12-11T14:47:08","date_gmt":"2018-12-11T13:47:08","guid":{"rendered":"https:\/\/www.fw-oebb.at\/?p=796"},"modified":"2018-12-11T14:48:11","modified_gmt":"2018-12-11T13:48:11","slug":"einsatz-31-feldkirch-gisingen-lkw-gegen-bahnunterfuhrung","status":"publish","type":"post","link":"https:\/\/www.fw-oebb.at\/index.php\/2018\/12\/11\/einsatz-31-feldkirch-gisingen-lkw-gegen-bahnunterfuhrung\/","title":{"rendered":"Einsatz 31 &#8211; Feldkirch Gisingen &#8211; LKW gegen Bahnunterf\u00fchrung"},"content":{"rendered":"<p>Alarmierung: 28.04.2016 um 09:18 Uhr &#8211; Stichwort: f1<\/p>\n<p>Klein Lkw in der Bahnunterf\u00fchrung Kapfstrasse im Streckenbereich Feldkirch &#8211; Buchs steckengeblieben. Sperre der Bahnstrecken. \u00dcbernahme der \u00d6BB-Einsatzleitung. Abkl\u00e4rung mit Polizei, Feuerwehr Gisingen. \u00d6BB internen Stellen. Freigabe der Bahnstrecke gemeinsam mit Br\u00fcckenmeister<\/p>\n<p>Im Einsatz standen: FW \u00d6BB mit KDO 2, FW Gisingen und die Polizei<\/p>\n<p><a href=\"https:\/\/www.fw-oebb.at\/wp-content\/uploads\/2018\/12\/20160628-E-2-Gisingen-LKW-gegen-Unterf\u00fchrung.jpg\" target=\"_blank\" rel=\"noopener\"><img fetchpriority=\"high\" decoding=\"async\" class=\"alignnone wp-image-798 size-medium\" src=\"https:\/\/www.fw-oebb.at\/wp-content\/uploads\/2018\/12\/20160628-E-2-Gisingen-LKW-gegen-Unterf\u00fchrung-300x169.jpg\" alt=\"\" width=\"300\" height=\"169\" srcset=\"https:\/\/www.fw-oebb.at\/wp-content\/uploads\/2018\/12\/20160628-E-2-Gisingen-LKW-gegen-Unterf\u00fchrung-300x169.jpg 300w, https:\/\/www.fw-oebb.at\/wp-content\/uploads\/2018\/12\/20160628-E-2-Gisingen-LKW-gegen-Unterf\u00fchrung-768x432.jpg 768w, https:\/\/www.fw-oebb.at\/wp-content\/uploads\/2018\/12\/20160628-E-2-Gisingen-LKW-gegen-Unterf\u00fchrung-1024x576.jpg 1024w, https:\/\/www.fw-oebb.at\/wp-content\/uploads\/2018\/12\/20160628-E-2-Gisingen-LKW-gegen-Unterf\u00fchrung-830x467.jpg 830w, https:\/\/www.fw-oebb.at\/wp-content\/uploads\/2018\/12\/20160628-E-2-Gisingen-LKW-gegen-Unterf\u00fchrung-230x129.jpg 230w, https:\/\/www.fw-oebb.at\/wp-content\/uploads\/2018\/12\/20160628-E-2-Gisingen-LKW-gegen-Unterf\u00fchrung-350x197.jpg 350w, https:\/\/www.fw-oebb.at\/wp-content\/uploads\/2018\/12\/20160628-E-2-Gisingen-LKW-gegen-Unterf\u00fchrung-480x270.jpg 480w, https:\/\/www.fw-oebb.at\/wp-content\/uploads\/2018\/12\/20160628-E-2-Gisingen-LKW-gegen-Unterf\u00fchrung-250x141.jpg 250w, https:\/\/www.fw-oebb.at\/wp-content\/uploads\/2018\/12\/20160628-E-2-Gisingen-LKW-gegen-Unterf\u00fchrung-550x309.jpg 550w, https:\/\/www.fw-oebb.at\/wp-content\/uploads\/2018\/12\/20160628-E-2-Gisingen-LKW-gegen-Unterf\u00fchrung-800x450.jpg 800w, https:\/\/www.fw-oebb.at\/wp-content\/uploads\/2018\/12\/20160628-E-2-Gisingen-LKW-gegen-Unterf\u00fchrung-320x180.jpg 320w, https:\/\/www.fw-oebb.at\/wp-content\/uploads\/2018\/12\/20160628-E-2-Gisingen-LKW-gegen-Unterf\u00fchrung-533x300.jpg 533w, https:\/\/www.fw-oebb.at\/wp-content\/uploads\/2018\/12\/20160628-E-2-Gisingen-LKW-gegen-Unterf\u00fchrung-889x500.jpg 889w, https:\/\/www.fw-oebb.at\/wp-content\/uploads\/2018\/12\/20160628-E-2-Gisingen-LKW-gegen-Unterf\u00fchrung.jpg 1600w\" sizes=\"(max-width: 300px) 100vw, 300px\" \/><\/a><\/p>\n","protected":false},"excerpt":{"rendered":"<p>Alarmierung: 28.04.2016 um 09:18 Uhr &#8211; Stichwort: f1 Klein Lkw in der Bahnunterf\u00fchrung Kapfstrasse im Streckenbereich Feldkirch &#8211; Buchs steckengeblieben. Sperre der [&hellip;]<\/p>\n","protected":false},"author":2,"featured_media":0,"comment_status":"open","ping_status":"open","sticky":false,"template":"","format":"standard","meta":{"ngg_post_thumbnail":0,"footnotes":""},"categories":[8,10],"tags":[],"class_list":["post-796","post","type-post","status-publish","format-standard","hentry","category-einsatze","category-einsatze-2016"],"_links":{"self":[{"href":"https:\/\/www.fw-oebb.at\/index.php\/wp-json\/wp\/v2\/posts\/796","targetHints":{"allow":["GET"]}}],"collection":[{"href":"https:\/\/www.fw-oebb.at\/index.php\/wp-json\/wp\/v2\/posts"}],"about":[{"href":"https:\/\/www.fw-oebb.at\/index.php\/wp-json\/wp\/v2\/types\/post"}],"author":[{"embeddable":true,"href":"https:\/\/www.fw-oebb.at\/index.php\/wp-json\/wp\/v2\/users\/2"}],"replies":[{"embeddable":true,"href":"https:\/\/www.fw-oebb.at\/index.php\/wp-json\/wp\/v2\/comments?post=796"}],"version-history":[{"count":3,"href":"https:\/\/www.fw-oebb.at\/index.php\/wp-json\/wp\/v2\/posts\/796\/revisions"}],"predecessor-version":[{"id":800,"href":"https:\/\/www.fw-oebb.at\/index.php\/wp-json\/wp\/v2\/posts\/796\/revisions\/800"}],"wp:attachment":[{"href":"https:\/\/www.fw-oebb.at\/index.php\/wp-json\/wp\/v2\/media?parent=796"}],"wp:term":[{"taxonomy":"category","embeddable":true,"href":"https:\/\/www.fw-oebb.at\/index.php\/wp-json\/wp\/v2\/categories?post=796"},{"taxonomy":"post_tag","embeddable":true,"href":"https:\/\/www.fw-oebb.at\/index.php\/wp-json\/wp\/v2\/tags?post=796"}],"curies":[{"name":"wp","href":"https:\/\/api.w.org\/{rel}","templated":true}]}}