{"id":8063,"date":"2026-04-29T07:21:31","date_gmt":"2026-04-29T05:21:31","guid":{"rendered":"https:\/\/www.fw-oebb.at\/?p=8063"},"modified":"2026-04-29T08:38:47","modified_gmt":"2026-04-29T06:38:47","slug":"teilnahme-an-den-fachvortragen-der-feuerwehr-rankweil","status":"publish","type":"post","link":"https:\/\/www.fw-oebb.at\/index.php\/2026\/04\/29\/teilnahme-an-den-fachvortragen-der-feuerwehr-rankweil\/","title":{"rendered":"Teilnahme an den Fachvortr\u00e4gen der Feuerwehr Rankweil"},"content":{"rendered":"<p data-start=\"0\" data-end=\"256\">Am 18.04.2026 nahmen interessierte Kameraden der Feuerwehr \u00d6BB an den von der Feuerwehr Rankweil organisierten Fachvortr\u00e4gen teil. Die Veranstaltung bot spannende Einblicke in aktuelle Einsatzszenarien sowie in die Herausforderungen moderner Gefahrenlagen.<\/p>\n<p data-start=\"258\" data-end=\"314\">Im Rahmen der Vortr\u00e4ge wurden folgende Themen behandelt:<\/p>\n<p data-start=\"316\" data-end=\"902\">Den Auftakt machte ein Bericht \u00fcber einen MANV (Massenanfall von Verletzten) bei einem Gro\u00dfbrand in Konstanz am 25.07.2024, vorgetragen von KDT-Stv. Heiko Auer von der Feuerwehr Konstanz. In der dicht bebauten Altstadt brach in der Nacht ein Brand in einem Wohn- und Gesch\u00e4ftsgeb\u00e4ude aus, der sich rasch auf mehrere Geb\u00e4ude ausbreitete, zahlreiche Personen evakuiert werden mussten und \u00fcber 200 Einsatzkr\u00e4fte mehrere Tage im Einsatz standen. Dabei wurden insbesondere die Abl\u00e4ufe bei einem Massenanfall von Verletzten sowie die Zusammenarbeit der eingesetzten Organisationen beleuchtet.<\/p>\n<p data-start=\"904\" data-end=\"1394\">Anschlie\u00dfend folgte ein Vortrag zum Starkregenereignis in Verbindung mit einem Eisenbahnunfall in Riedlingen am 27.07.2025. Notfallmanager Eike Krapf von DB Regio schilderte eindrucksvoll die besonderen Herausforderungen bei der Bew\u00e4ltigung von wetterbedingten Schadenslagen im Bahnbereich. Nach heftigen Regenf\u00e4llen kam es zu einem Erdrutsch, der die Gleise versch\u00fcttete und zur Entgleisung eines Regionalzuges f\u00fchrte, wobei mehrere Menschen ums Leben kamen und zahlreiche verletzt wurden.<\/p>\n<p data-start=\"1396\" data-end=\"1679\">Ein weiterer Schwerpunkt lag auf dem Thema \u201eMANV in Vorarlberg \u2013 wo stehen wir?\u201c. Paul Kr\u00e4utler, KAT-Referent des \u00d6sterreichischen Roten Kreuzes Vorarlberg, gab dabei einen \u00dcberblick \u00fcber den aktuellen Stand sowie \u00fcber zuk\u00fcnftige Entwicklungen im Bereich der Gro\u00dfschadensbew\u00e4ltigung.<\/p>\n<p data-start=\"1681\" data-end=\"2372\">Den Abschluss bildete der Vortrag \u201eBlackout \u2013 Realit\u00e4t statt Theorie\u201c von Carlos Silva, Kommandant Stv. der Berufsfeuerwehr Braga. Anhand von realen Ereignissen und Szenarien wurde aufgezeigt, wie es durch Kettenreaktionen im Stromnetz zu gro\u00dffl\u00e4chigen Ausf\u00e4llen kommen kann, bei denen innerhalb k\u00fcrzester Zeit ganze Regionen oder L\u00e4nder ohne Stromversorgung sind. Die Folgen reichen dabei von Ausf\u00e4llen kritischer Infrastruktur wie Kommunikation, Verkehr und Wasserversorgung bis hin zu erheblichen Einschr\u00e4nkungen im t\u00e4glichen Leben. Dabei wurde eindrucksvoll vermittelt, wie wichtig eine umfassende Vorbereitung sowie eine enge Zusammenarbeit aller Einsatzorganisationen f\u00fcr den Ernstfall sind.<\/p>\n<p data-start=\"2374\" data-end=\"2531\">Abgerundet wurde die Veranstaltung durch eine Fachausstellung, bei der diverse Sondereinsatzmittel aus dem gesamten Bundesland Vorarlberg pr\u00e4sentiert wurden.<\/p>\n<p data-start=\"2533\" data-end=\"2708\">Die Teilnahme an diesen Fachvortr\u00e4gen bot den Kameraden der Feuerwehr \u00d6BB eine wertvolle Gelegenheit zur Weiterbildung sowie zum Erfahrungsaustausch \u00fcber Landesgrenzen hinweg.<\/p>\n<p data-start=\"2710\" data-end=\"2873\" data-is-last-node=\"\" data-is-only-node=\"\">Ein besonderer Dank gilt den Kameraden der Feuerwehr Rankweil f\u00fcr die hervorragende Organisation und Durchf\u00fchrung dieser informativen und gelungenen Veranstaltung.<\/p>\n<div class=\"wc-gallery\"><div class='wcflexslider-container wc-gallery-bottomspace-none wc-gallery-clear'><div id='gallery-1' class='gallery wc-gallery-captions-hide gallery-link-post wcflexslider wcsliderauto' data-gutter-width='0' data-columns='3' data-hide-controls='false'><ul class='slides'>\n\t\t\t\t<li class='gallery-item gallery-item-position-1 gallery-item-attachment-8083 wcflex-slide-item'>\n\t\t\t\t\t<div class='gallery-icon landscape'>\n\t\t\t\t\t\t<a href=\"https:\/\/www.fw-oebb.at\/index.php\/2026\/04\/29\/teilnahme-an-den-fachvortragen-der-feuerwehr-rankweil\/20260418-a-2-fachvortrage-rankweil\/\" target=\"_self\"><img src='https:\/\/www.fw-oebb.at\/wp-content\/uploads\/2026\/04\/20260418-A-2-Fachvortrage-Rankweil-1000x500.jpg' width='1000' height='500' alt='' \/><\/a>\n\t\t\t\t\t<\/div><\/li>\n\t\t\t\t<li class='gallery-item gallery-item-position-2 gallery-item-attachment-8078 wcflex-slide-item'>\n\t\t\t\t\t<div class='gallery-icon landscape'>\n\t\t\t\t\t\t<a href=\"https:\/\/www.fw-oebb.at\/index.php\/2026\/04\/29\/teilnahme-an-den-fachvortragen-der-feuerwehr-rankweil\/20260418-a-4-fachvortrage-rankweil\/\" target=\"_self\"><img src='https:\/\/www.fw-oebb.at\/wp-content\/uploads\/2026\/04\/20260418-A-4-Fachvortrage-Rankweil-1000x500.jpg' width='1000' height='500' alt='' \/><\/a>\n\t\t\t\t\t<\/div><\/li>\n\t\t\t\t<li class='gallery-item gallery-item-position-3 gallery-item-attachment-8080 wcflex-slide-item'>\n\t\t\t\t\t<div class='gallery-icon landscape'>\n\t\t\t\t\t\t<a href=\"https:\/\/www.fw-oebb.at\/index.php\/2026\/04\/29\/teilnahme-an-den-fachvortragen-der-feuerwehr-rankweil\/20260418-a-6-fachvortrage-rankweil\/\" target=\"_self\"><img src='https:\/\/www.fw-oebb.at\/wp-content\/uploads\/2026\/04\/20260418-A-6-Fachvortrage-Rankweil-1000x500.jpg' width='1000' height='500' alt='' \/><\/a>\n\t\t\t\t\t<\/div><\/li>\n\t\t\t\t<li class='gallery-item gallery-item-position-4 gallery-item-attachment-8082 wcflex-slide-item'>\n\t\t\t\t\t<div class='gallery-icon landscape'>\n\t\t\t\t\t\t<a href=\"https:\/\/www.fw-oebb.at\/index.php\/2026\/04\/29\/teilnahme-an-den-fachvortragen-der-feuerwehr-rankweil\/20260418-a-1-fachvortrage-rankweil\/\" target=\"_self\"><img src='https:\/\/www.fw-oebb.at\/wp-content\/uploads\/2026\/04\/20260418-A-1-Fachvortrage-Rankweil-1000x500.jpg' width='1000' height='500' alt='' \/><\/a>\n\t\t\t\t\t<\/div><\/li>\n\t\t\t\t<li class='gallery-item gallery-item-position-5 gallery-item-attachment-8077 wcflex-slide-item'>\n\t\t\t\t\t<div class='gallery-icon landscape'>\n\t\t\t\t\t\t<a href=\"https:\/\/www.fw-oebb.at\/index.php\/2026\/04\/29\/teilnahme-an-den-fachvortragen-der-feuerwehr-rankweil\/20260418-a-3-fachvortrage-rankweil\/\" target=\"_self\"><img src='https:\/\/www.fw-oebb.at\/wp-content\/uploads\/2026\/04\/20260418-A-3-Fachvortrage-Rankweil-1000x500.jpg' width='1000' height='500' alt='' \/><\/a>\n\t\t\t\t\t<\/div><\/li>\n\t\t\t\t<li class='gallery-item gallery-item-position-6 gallery-item-attachment-8081 wcflex-slide-item'>\n\t\t\t\t\t<div class='gallery-icon landscape'>\n\t\t\t\t\t\t<a href=\"https:\/\/www.fw-oebb.at\/index.php\/2026\/04\/29\/teilnahme-an-den-fachvortragen-der-feuerwehr-rankweil\/20260418-a-7-fachvortrage-rankweil\/\" target=\"_self\"><img src='https:\/\/www.fw-oebb.at\/wp-content\/uploads\/2026\/04\/20260418-A-7-Fachvortrage-Rankweil-1000x500.jpg' width='1000' height='500' alt='' \/><\/a>\n\t\t\t\t\t<\/div><\/li>\n\t\t\t\t<li class='gallery-item gallery-item-position-7 gallery-item-attachment-8079 wcflex-slide-item'>\n\t\t\t\t\t<div class='gallery-icon landscape'>\n\t\t\t\t\t\t<a href=\"https:\/\/www.fw-oebb.at\/index.php\/2026\/04\/29\/teilnahme-an-den-fachvortragen-der-feuerwehr-rankweil\/20260418-a-5-fachvortrage-rankweil\/\" target=\"_self\"><img src='https:\/\/www.fw-oebb.at\/wp-content\/uploads\/2026\/04\/20260418-A-5-Fachvortrage-Rankweil-1000x500.jpg' width='1000' height='500' alt='' \/><\/a>\n\t\t\t\t\t<\/div><\/li><\/ul><\/div>\n<\/div>\n<\/div>\n","protected":false},"excerpt":{"rendered":"<p>Am 18.04.2026 nahmen interessierte Kameraden der Feuerwehr \u00d6BB an den von der Feuerwehr Rankweil organisierten Fachvortr\u00e4gen teil. Die Veranstaltung bot spannende Einblicke [&hellip;]<\/p>\n","protected":false},"author":2,"featured_media":0,"comment_status":"closed","ping_status":"closed","sticky":false,"template":"","format":"standard","meta":{"ngg_post_thumbnail":0,"footnotes":""},"categories":[13,38],"tags":[],"class_list":["post-8063","post","type-post","status-publish","format-standard","hentry","category-ausbildung","category-ausbildung-2026"],"_links":{"self":[{"href":"https:\/\/www.fw-oebb.at\/index.php\/wp-json\/wp\/v2\/posts\/8063","targetHints":{"allow":["GET"]}}],"collection":[{"href":"https:\/\/www.fw-oebb.at\/index.php\/wp-json\/wp\/v2\/posts"}],"about":[{"href":"https:\/\/www.fw-oebb.at\/index.php\/wp-json\/wp\/v2\/types\/post"}],"author":[{"embeddable":true,"href":"https:\/\/www.fw-oebb.at\/index.php\/wp-json\/wp\/v2\/users\/2"}],"replies":[{"embeddable":true,"href":"https:\/\/www.fw-oebb.at\/index.php\/wp-json\/wp\/v2\/comments?post=8063"}],"version-history":[{"count":3,"href":"https:\/\/www.fw-oebb.at\/index.php\/wp-json\/wp\/v2\/posts\/8063\/revisions"}],"predecessor-version":[{"id":8085,"href":"https:\/\/www.fw-oebb.at\/index.php\/wp-json\/wp\/v2\/posts\/8063\/revisions\/8085"}],"wp:attachment":[{"href":"https:\/\/www.fw-oebb.at\/index.php\/wp-json\/wp\/v2\/media?parent=8063"}],"wp:term":[{"taxonomy":"category","embeddable":true,"href":"https:\/\/www.fw-oebb.at\/index.php\/wp-json\/wp\/v2\/categories?post=8063"},{"taxonomy":"post_tag","embeddable":true,"href":"https:\/\/www.fw-oebb.at\/index.php\/wp-json\/wp\/v2\/tags?post=8063"}],"curies":[{"name":"wp","href":"https:\/\/api.w.org\/{rel}","templated":true}]}}