{"id":8088,"date":"2026-04-29T17:10:22","date_gmt":"2026-04-29T15:10:22","guid":{"rendered":"https:\/\/www.fw-oebb.at\/?p=8088"},"modified":"2026-04-29T17:10:22","modified_gmt":"2026-04-29T15:10:22","slug":"einsatz-033-wolfurt-obb-tsa-wolfurt-abklarung-moglicher-gefahrgutaustritt","status":"publish","type":"post","link":"https:\/\/www.fw-oebb.at\/index.php\/2026\/04\/29\/einsatz-033-wolfurt-obb-tsa-wolfurt-abklarung-moglicher-gefahrgutaustritt\/","title":{"rendered":"Einsatz 033 \u2013 Wolfurt, \u00d6BB TSA Wolfurt \u2013 Abkl\u00e4rung m\u00f6glicher Gefahrgutaustritt"},"content":{"rendered":"<p><strong>Alarmierung: 27.04.2026 um 14:32 Uhr &#8211; Stichwort: t6<\/strong><\/p>\n<p data-start=\"46\" data-end=\"227\">Am Nachmittag um 14:32 Uhr wurde die Feuerwehr \u00d6BB gemeinsam mit den laut Alarmplan vorgesehenen Feuerwehren Wolfurt und Dornbirn zu einem Einsatz beim \u00d6BB TSA in Wolfurt alarmiert.<\/p>\n<p data-start=\"229\" data-end=\"558\">Beim Eintreffen am Einsatzort stellte sich heraus, dass aus einem als Gefahrgutcontainer deklarierten Container eine Fl\u00fcssigkeit austrat. Aufgrund der Ladungspapiere musste von einem giftigen und\/oder \u00e4tzenden Stoff ausgegangen werden. In weiterer Folge wurde der betroffene Bereich durch die Einsatzkr\u00e4fte gro\u00dfr\u00e4umig abgesperrt.<\/p>\n<p data-start=\"560\" data-end=\"1022\">Unter Einsatz von Atemschutz sowie Chemikalienschutzanz\u00fcgen (CSA) und unterst\u00fctzt durch eine Feuerwehrdrohne wurde die Lage umfassend erkundet. Im Zuge dieser Ma\u00dfnahmen sowie nach R\u00fccksprache mit dem Versandunternehmen konnte festgestellt werden, dass der Container bereits am Vormittag gereinigt worden war. Bei der ausgetretenen Fl\u00fcssigkeit handelte es sich um R\u00fcckst\u00e4nde dieser Reinigungsarbeiten \u2013 der urspr\u00fcnglich transportierte Stoff war nicht ausgetreten.<\/p>\n<p data-start=\"1024\" data-end=\"1187\" data-is-last-node=\"\" data-is-only-node=\"\">Nach dieser Kl\u00e4rung konnte die Absperrung aufgehoben werden. Der Einsatz wurde beendet und der Container dem Versandunternehmen zur weiteren Bearbeitung \u00fcbergeben.<\/p>\n<p data-start=\"1024\" data-end=\"1187\" data-is-last-node=\"\" data-is-only-node=\"\">Im Einsatz standen: FW \u00d6BB mit KDO1, KEF, ULF, WLF1 mit AB-THL sowie die Feuerwehren Wolfurt und Dornbirn<\/p>\n<div class=\"wc-gallery\"><div class='wcflexslider-container wc-gallery-bottomspace-none wc-gallery-clear'><div id='gallery-1' class='gallery wc-gallery-captions-hide gallery-link-post wcflexslider wcsliderauto' data-gutter-width='0' data-columns='3' data-hide-controls='false'><ul class='slides'>\n\t\t\t\t<li class='gallery-item gallery-item-position-1 gallery-item-attachment-8094 wcflex-slide-item'>\n\t\t\t\t\t<div class='gallery-icon landscape'>\n\t\t\t\t\t\t<a href=\"https:\/\/www.fw-oebb.at\/index.php\/2026\/04\/29\/einsatz-033-wolfurt-obb-tsa-wolfurt-abklarung-moglicher-gefahrgutaustritt\/20260427-e-17-gefhargutaustritt-tsa-fotos-maurice-shourot\/\" target=\"_self\"><img src='https:\/\/www.fw-oebb.at\/wp-content\/uploads\/2026\/04\/20260427-E-17-Gefhargutaustritt-TSA-Fotos-Maurice-Shourot-1000x500.jpeg' width='1000' height='500' alt='' \/><\/a>\n\t\t\t\t\t<\/div><\/li>\n\t\t\t\t<li class='gallery-item gallery-item-position-2 gallery-item-attachment-8089 wcflex-slide-item'>\n\t\t\t\t\t<div class='gallery-icon landscape'>\n\t\t\t\t\t\t<a href=\"https:\/\/www.fw-oebb.at\/index.php\/2026\/04\/29\/einsatz-033-wolfurt-obb-tsa-wolfurt-abklarung-moglicher-gefahrgutaustritt\/20260427-e-5-gefhargutaustritt-tsa-fotos-maurice-shourot\/\" target=\"_self\"><img src='https:\/\/www.fw-oebb.at\/wp-content\/uploads\/2026\/04\/20260427-E-5-Gefhargutaustritt-TSA-Fotos-Maurice-Shourot-1000x500.jpeg' width='1000' height='500' alt='' \/><\/a>\n\t\t\t\t\t<\/div><\/li>\n\t\t\t\t<li class='gallery-item gallery-item-position-3 gallery-item-attachment-8095 wcflex-slide-item'>\n\t\t\t\t\t<div class='gallery-icon landscape'>\n\t\t\t\t\t\t<a href=\"https:\/\/www.fw-oebb.at\/index.php\/2026\/04\/29\/einsatz-033-wolfurt-obb-tsa-wolfurt-abklarung-moglicher-gefahrgutaustritt\/20260427-e-22-gefhargutaustritt-tsa-fotos-maurice-shourot\/\" target=\"_self\"><img src='https:\/\/www.fw-oebb.at\/wp-content\/uploads\/2026\/04\/20260427-E-22-Gefhargutaustritt-TSA-Fotos-Maurice-Shourot-1000x500.jpeg' width='1000' height='500' alt='' \/><\/a>\n\t\t\t\t\t<\/div><\/li>\n\t\t\t\t<li class='gallery-item gallery-item-position-4 gallery-item-attachment-8090 wcflex-slide-item'>\n\t\t\t\t\t<div class='gallery-icon landscape'>\n\t\t\t\t\t\t<a href=\"https:\/\/www.fw-oebb.at\/index.php\/2026\/04\/29\/einsatz-033-wolfurt-obb-tsa-wolfurt-abklarung-moglicher-gefahrgutaustritt\/20260427-e-6-gefhargutaustritt-tsa-fotos-maurice-shourot\/\" target=\"_self\"><img src='https:\/\/www.fw-oebb.at\/wp-content\/uploads\/2026\/04\/20260427-E-6-Gefhargutaustritt-TSA-Fotos-Maurice-Shourot-1000x500.jpeg' width='1000' height='500' alt='' \/><\/a>\n\t\t\t\t\t<\/div><\/li>\n\t\t\t\t<li class='gallery-item gallery-item-position-5 gallery-item-attachment-8097 wcflex-slide-item'>\n\t\t\t\t\t<div class='gallery-icon landscape'>\n\t\t\t\t\t\t<a href=\"https:\/\/www.fw-oebb.at\/index.php\/2026\/04\/29\/einsatz-033-wolfurt-obb-tsa-wolfurt-abklarung-moglicher-gefahrgutaustritt\/20260427-e-4-gefhargutaustritt-tsa-fotos-maurice-shourot\/\" target=\"_self\"><img src='https:\/\/www.fw-oebb.at\/wp-content\/uploads\/2026\/04\/20260427-E-4-Gefhargutaustritt-TSA-Fotos-Maurice-Shourot-1000x500.jpeg' width='1000' height='500' alt='' \/><\/a>\n\t\t\t\t\t<\/div><\/li>\n\t\t\t\t<li class='gallery-item gallery-item-position-6 gallery-item-attachment-8096 wcflex-slide-item'>\n\t\t\t\t\t<div class='gallery-icon landscape'>\n\t\t\t\t\t\t<a href=\"https:\/\/www.fw-oebb.at\/index.php\/2026\/04\/29\/einsatz-033-wolfurt-obb-tsa-wolfurt-abklarung-moglicher-gefahrgutaustritt\/20260427-e-1-gefhargutaustritt-tsa-fotos-maurice-shourot\/\" target=\"_self\"><img src='https:\/\/www.fw-oebb.at\/wp-content\/uploads\/2026\/04\/20260427-E-1-Gefhargutaustritt-TSA-Fotos-Maurice-Shourot-1000x500.jpeg' width='1000' height='500' alt='' \/><\/a>\n\t\t\t\t\t<\/div><\/li>\n\t\t\t\t<li class='gallery-item gallery-item-position-7 gallery-item-attachment-8092 wcflex-slide-item'>\n\t\t\t\t\t<div class='gallery-icon landscape'>\n\t\t\t\t\t\t<a href=\"https:\/\/www.fw-oebb.at\/index.php\/2026\/04\/29\/einsatz-033-wolfurt-obb-tsa-wolfurt-abklarung-moglicher-gefahrgutaustritt\/20260427-e-12-gefhargutaustritt-tsa-fotos-maurice-shourot\/\" target=\"_self\"><img src='https:\/\/www.fw-oebb.at\/wp-content\/uploads\/2026\/04\/20260427-E-12-Gefhargutaustritt-TSA-Fotos-Maurice-Shourot-1000x500.jpeg' width='1000' height='500' alt='' \/><\/a>\n\t\t\t\t\t<\/div><\/li>\n\t\t\t\t<li class='gallery-item gallery-item-position-8 gallery-item-attachment-8093 wcflex-slide-item'>\n\t\t\t\t\t<div class='gallery-icon landscape'>\n\t\t\t\t\t\t<a href=\"https:\/\/www.fw-oebb.at\/index.php\/2026\/04\/29\/einsatz-033-wolfurt-obb-tsa-wolfurt-abklarung-moglicher-gefahrgutaustritt\/20260427-e-15-gefhargutaustritt-tsa-fotos-maurice-shourot\/\" target=\"_self\"><img src='https:\/\/www.fw-oebb.at\/wp-content\/uploads\/2026\/04\/20260427-E-15-Gefhargutaustritt-TSA-Fotos-Maurice-Shourot-1000x500.jpeg' width='1000' height='500' alt='' \/><\/a>\n\t\t\t\t\t<\/div><\/li>\n\t\t\t\t<li class='gallery-item gallery-item-position-9 gallery-item-attachment-8091 wcflex-slide-item'>\n\t\t\t\t\t<div class='gallery-icon landscape'>\n\t\t\t\t\t\t<a href=\"https:\/\/www.fw-oebb.at\/index.php\/2026\/04\/29\/einsatz-033-wolfurt-obb-tsa-wolfurt-abklarung-moglicher-gefahrgutaustritt\/20260427-e-11-gefhargutaustritt-tsa-fotos-maurice-shourot\/\" target=\"_self\"><img src='https:\/\/www.fw-oebb.at\/wp-content\/uploads\/2026\/04\/20260427-E-11-Gefhargutaustritt-TSA-Fotos-Maurice-Shourot-1000x500.jpeg' width='1000' height='500' alt='' \/><\/a>\n\t\t\t\t\t<\/div><\/li><\/ul><\/div>\n<\/div>\n<\/div>\n","protected":false},"excerpt":{"rendered":"<p>Alarmierung: 27.04.2026 um 14:32 Uhr &#8211; Stichwort: t6 Am Nachmittag um 14:32 Uhr wurde die Feuerwehr \u00d6BB gemeinsam mit den laut Alarmplan [&hellip;]<\/p>\n","protected":false},"author":2,"featured_media":0,"comment_status":"closed","ping_status":"closed","sticky":false,"template":"","format":"standard","meta":{"ngg_post_thumbnail":0,"footnotes":""},"categories":[8,39],"tags":[],"class_list":["post-8088","post","type-post","status-publish","format-standard","hentry","category-einsatze","category-einsatze-2026"],"_links":{"self":[{"href":"https:\/\/www.fw-oebb.at\/index.php\/wp-json\/wp\/v2\/posts\/8088","targetHints":{"allow":["GET"]}}],"collection":[{"href":"https:\/\/www.fw-oebb.at\/index.php\/wp-json\/wp\/v2\/posts"}],"about":[{"href":"https:\/\/www.fw-oebb.at\/index.php\/wp-json\/wp\/v2\/types\/post"}],"author":[{"embeddable":true,"href":"https:\/\/www.fw-oebb.at\/index.php\/wp-json\/wp\/v2\/users\/2"}],"replies":[{"embeddable":true,"href":"https:\/\/www.fw-oebb.at\/index.php\/wp-json\/wp\/v2\/comments?post=8088"}],"version-history":[{"count":1,"href":"https:\/\/www.fw-oebb.at\/index.php\/wp-json\/wp\/v2\/posts\/8088\/revisions"}],"predecessor-version":[{"id":8098,"href":"https:\/\/www.fw-oebb.at\/index.php\/wp-json\/wp\/v2\/posts\/8088\/revisions\/8098"}],"wp:attachment":[{"href":"https:\/\/www.fw-oebb.at\/index.php\/wp-json\/wp\/v2\/media?parent=8088"}],"wp:term":[{"taxonomy":"category","embeddable":true,"href":"https:\/\/www.fw-oebb.at\/index.php\/wp-json\/wp\/v2\/categories?post=8088"},{"taxonomy":"post_tag","embeddable":true,"href":"https:\/\/www.fw-oebb.at\/index.php\/wp-json\/wp\/v2\/tags?post=8088"}],"curies":[{"name":"wp","href":"https:\/\/api.w.org\/{rel}","templated":true}]}}