{"id":8099,"date":"2026-04-29T17:16:06","date_gmt":"2026-04-29T15:16:06","guid":{"rendered":"https:\/\/www.fw-oebb.at\/?p=8099"},"modified":"2026-04-29T17:16:06","modified_gmt":"2026-04-29T15:16:06","slug":"einsatz-034-nenzing-obb-strecke-lindau-bludenz-wiesenbrand-am-bahndamm","status":"publish","type":"post","link":"https:\/\/www.fw-oebb.at\/index.php\/2026\/04\/29\/einsatz-034-nenzing-obb-strecke-lindau-bludenz-wiesenbrand-am-bahndamm\/","title":{"rendered":"Einsatz 034 &#8211; Nenzing, \u00d6BB Strecke Lindau-Bludenz &#8211; Wiesenbrand am Bahndamm"},"content":{"rendered":"<p><strong>Alarmierung: 27.04.2026 um 15:58 Uhr &#8211; Stichwort: f2<\/strong><\/p>\n<p>Die Feuerwehr \u00d6BB wurde gemeinsam mit der \u00f6rtlich zust\u00e4ndigen Feuerwehr Nenzing zu einem Einsatz auf der \u00d6BB Strecke Lindau-Bludenz alarmiert. Auf dem Bahndamm im Gemeindegebiet Nenzing kam es zu ein kleinen Brand. W\u00e4hrend der Anfahrt wurde R\u00fccksprache mit der Feuerwehr Nenzing \u00fcber Funk gehalten. Auf Grund der R\u00fcckmeldung durch die Feuerwehr Nenzing wurde der Einsatzort durch das KEF zur weiteren Abkl\u00e4rung angefahren. Die Einsatzfahrt durch das WLF2 mit dem AB-Wasser und das KDO1 wurde nach der R\u00fcckmeldung wieder beendet.<\/p>\n<p>Im Einsatz standen: FW \u00d6BB mit KEF, WLF2 mit AB-Wasser, KDO1 sowie die Feuerwehr Nenzing<\/p>\n","protected":false},"excerpt":{"rendered":"<p>Alarmierung: 27.04.2026 um 15:58 Uhr &#8211; Stichwort: f2 Die Feuerwehr \u00d6BB wurde gemeinsam mit der \u00f6rtlich zust\u00e4ndigen Feuerwehr Nenzing zu einem Einsatz [&hellip;]<\/p>\n","protected":false},"author":2,"featured_media":0,"comment_status":"closed","ping_status":"closed","sticky":false,"template":"","format":"standard","meta":{"ngg_post_thumbnail":0,"footnotes":""},"categories":[8,39],"tags":[],"class_list":["post-8099","post","type-post","status-publish","format-standard","hentry","category-einsatze","category-einsatze-2026"],"_links":{"self":[{"href":"https:\/\/www.fw-oebb.at\/index.php\/wp-json\/wp\/v2\/posts\/8099","targetHints":{"allow":["GET"]}}],"collection":[{"href":"https:\/\/www.fw-oebb.at\/index.php\/wp-json\/wp\/v2\/posts"}],"about":[{"href":"https:\/\/www.fw-oebb.at\/index.php\/wp-json\/wp\/v2\/types\/post"}],"author":[{"embeddable":true,"href":"https:\/\/www.fw-oebb.at\/index.php\/wp-json\/wp\/v2\/users\/2"}],"replies":[{"embeddable":true,"href":"https:\/\/www.fw-oebb.at\/index.php\/wp-json\/wp\/v2\/comments?post=8099"}],"version-history":[{"count":1,"href":"https:\/\/www.fw-oebb.at\/index.php\/wp-json\/wp\/v2\/posts\/8099\/revisions"}],"predecessor-version":[{"id":8100,"href":"https:\/\/www.fw-oebb.at\/index.php\/wp-json\/wp\/v2\/posts\/8099\/revisions\/8100"}],"wp:attachment":[{"href":"https:\/\/www.fw-oebb.at\/index.php\/wp-json\/wp\/v2\/media?parent=8099"}],"wp:term":[{"taxonomy":"category","embeddable":true,"href":"https:\/\/www.fw-oebb.at\/index.php\/wp-json\/wp\/v2\/categories?post=8099"},{"taxonomy":"post_tag","embeddable":true,"href":"https:\/\/www.fw-oebb.at\/index.php\/wp-json\/wp\/v2\/tags?post=8099"}],"curies":[{"name":"wp","href":"https:\/\/api.w.org\/{rel}","templated":true}]}}